{"id":54976,"date":"2023-12-13T11:29:41","date_gmt":"2023-12-13T11:29:41","guid":{"rendered":"https:\/\/blog.corretoraideal.com.br\/?p=54976"},"modified":"2023-12-13T11:29:41","modified_gmt":"2023-12-13T11:29:41","slug":"cadastro-obrigatorio-para-ambulantes-trabalharem-na-praia-no-verao-comeca-em-sao-francisco-de-itabapoana-norte-fluminense-g1","status":"publish","type":"post","link":"https:\/\/blog.corretoraideal.com.br\/index.php\/2023\/12\/13\/cadastro-obrigatorio-para-ambulantes-trabalharem-na-praia-no-verao-comeca-em-sao-francisco-de-itabapoana-norte-fluminense-g1\/","title":{"rendered":"Cadastro obrigat\u00f3rio para ambulantes trabalharem na praia no ver\u00e3o come\u00e7a em S\u00e3o Francisco de Itabapoana | Norte Fluminense | G1"},"content":{"rendered":"<br \/>\n<h1>Cadastro obrigat\u00f3rio para ambulantes trabalharem na praia no ver\u00e3o come\u00e7a em S\u00e3o Francisco de Itabapoana<\/h1>\n<h2>Prazo segue at\u00e9 29 de dezembro. Interessados devem levar documentos, al\u00e9m de foto ou amostra do produto a ser vendido diretamente no Departamento de Postura.<\/h2>\n<p> Por g1 &mdash; Norte Fluminense <\/p>\n<p>  12\/12\/2023 13h00    Atualizado  12\/12\/2023    <\/p>\n<p>                      1 de 2&#013;Cadastramento de ambulantes \u00e9 obrigat\u00f3rio para trabalhar na praia durante o ver\u00e3o em S\u00e3o Francisco de Itabapoana \u2014 Foto: Prefeitura de S\u00e3o Francisco de Itabapona\/Reprodu\u00e7\u00e3o    <\/p>\n<p> Cadastramento de ambulantes \u00e9 obrigat\u00f3rio para trabalhar na praia durante o ver\u00e3o em S\u00e3o Francisco de Itabapoana \u2014 Foto: Prefeitura de S\u00e3o Francisco de Itabapona\/Reprodu\u00e7\u00e3o <\/p>\n<p> Come\u00e7ou nesta ter\u00e7a-feira (23) em <a class href=\"https:\/\/g1.globo.com\/rj\/norte-fluminense\/cidade\/sao-francisco-de-itabapoana\/\">S\u00e3o Francisco de Itabapoana<\/a>, no Norte Fluminense, o cadastramento obrigat\u00f3rio para todos os vendedores ambulantes do munic\u00edpio que desejam trabalhar na faixa de areia durante o Ver\u00e3o 2023-2024. <\/p>\n<p> O prazo vai at\u00e9 o dia 29 de dezembro. O principal objetivo \u00e9 estimular a comercializa\u00e7\u00e3o de variedades de produtos, al\u00e9m de valorizar os pr\u00f3prios ambulantes da cidade, que receber\u00e3o capacita\u00e7\u00e3o, coletes de identifica\u00e7\u00e3o e crach\u00e1. <\/p>\n<p> A a\u00e7\u00e3o ser\u00e1 realizada em conjunto entre as secretarias municipais de Turismo, Ind\u00fastria e Com\u00e9rcio (SecTur) e de Seguran\u00e7a, Ordem P\u00fablica e Defesa Civil (Sesep), por interm\u00e9dio do Departamento de Postura. <\/p>\n<p><h2>Como fazer o cadastramento<\/h2>\n<\/p>\n<p>         2 de 2&#013;Cadastramento deve ser feito no Departamento de Postura, que fica na rodovi\u00e1ria da cidade \u2014 Foto: Ascom SFI\/Divulga\u00e7\u00e3o    <\/p>\n<p> Cadastramento deve ser feito no Departamento de Postura, que fica na rodovi\u00e1ria da cidade \u2014 Foto: Ascom SFI\/Divulga\u00e7\u00e3o <\/p>\n<p> O cadastramento dever\u00e1 ser feito de forma presencial na sede do Departamento de Postura, que fica na Rodovi\u00e1ria Municipal, em frente \u00e0 Pra\u00e7a dos Tr\u00eas Poderes, no Centro. <\/p>\n<p> O atendimento ser\u00e1 das 8h \u00e0s 16h, de segunda a sexta-feira, exceto feriados e pontos facultativos. <\/p>\n<p> <strong>\u00c9 preciso levar os seguintes documentos oficiais:<\/strong> <\/p>\n<ul>\n<li>RG<\/li>\n<li>Carteira de trabalho ou carteira nacional de habilita\u00e7\u00e3o<\/li>\n<li>Comprovante de resid\u00eancia atualizado <\/li>\n<li>Uma foto ou amostra do produto a ser comercializado<\/li>\n<\/ul>\n<p> &quot;\u00c9 necess\u00e1rio que o ambulante defina em qual praia pretende atuar. O cadastramento ser\u00e1 feito para que haja controle de quem s\u00e3o os ambulantes que trabalham. Vale refor\u00e7ar, mais uma vez, que apenas ambulantes moradores no munic\u00edpio poder\u00e3o fazer o cadastro para trabalhar na faixa de areia&quot;, explicou o secret\u00e1rio da SecTur, J\u00fanior Junqueira. <\/p>\n<p> O secret\u00e1rio d\u00e1 exemplo de alguns produtos que poder\u00e3o ser comercializados, como saladas de frutas, picol\u00e9s, queijo coalho, camar\u00e3o, a\u00e7a\u00ed, \u00e1gua de coco e mineral, bebidas e alimentos em geral, cangas, \u00f3culos de sol, artesanato, itens decorativos, acess\u00f3rios, al\u00e9m dos servi\u00e7os de tatuagem de henna e trancista. <\/p>\n<p> \u201cO cadastramento, al\u00e9m de proporcionar valoriza\u00e7\u00e3o, tamb\u00e9m vai evitar que vendedores de outras cidades comercializem os seus produtos na faixa de areia de SFI, prejudicando o trabalho dos ambulantes do nosso munic\u00edpio\u201d, refor\u00e7ou o secret\u00e1rio da Sesep, subtenente Edson Brito. <\/p>\n<ul>\n<li> <a href=\"https:\/\/g1.globo.com\/rj\/norte-fluminense\/cidade\/sao-francisco-de-itabapoana\/\" class=\"entities__list-itemLink\" data-track-click=\"S\u00e3o Francisco de Itabapoana\"> S\u00e3o Francisco de Itabapoana <\/a> <\/li>\n<\/ul>\n","protected":false},"excerpt":{"rendered":"<p>Cadastro obrigat\u00f3rio para ambulantes trabalharem na praia no ver\u00e3o come\u00e7a em S\u00e3o Francisco de Itabapoana Prazo segue at\u00e9 29 de dezembro. Interessados devem levar documentos, al\u00e9m de foto ou amostra do produto a ser vendido diretamente no Departamento de Postura. Por g1 &mdash; Norte Fluminense 12\/12\/2023 13h00 Atualizado 12\/12\/2023 1 de 2&#013;Cadastramento de ambulantes \u00e9 [&hellip;]<\/p>\n","protected":false},"author":1,"featured_media":0,"comment_status":"closed","ping_status":"closed","sticky":false,"template":"","format":"standard","meta":{"footnotes":""},"categories":[],"tags":[],"class_list":["post-54976","post","type-post","status-publish","format-standard","hentry"],"_links":{"self":[{"href":"https:\/\/blog.corretoraideal.com.br\/index.php\/wp-json\/wp\/v2\/posts\/54976","targetHints":{"allow":["GET"]}}],"collection":[{"href":"https:\/\/blog.corretoraideal.com.br\/index.php\/wp-json\/wp\/v2\/posts"}],"about":[{"href":"https:\/\/blog.corretoraideal.com.br\/index.php\/wp-json\/wp\/v2\/types\/post"}],"author":[{"embeddable":true,"href":"https:\/\/blog.corretoraideal.com.br\/index.php\/wp-json\/wp\/v2\/users\/1"}],"replies":[{"embeddable":true,"href":"https:\/\/blog.corretoraideal.com.br\/index.php\/wp-json\/wp\/v2\/comments?post=54976"}],"version-history":[{"count":1,"href":"https:\/\/blog.corretoraideal.com.br\/index.php\/wp-json\/wp\/v2\/posts\/54976\/revisions"}],"predecessor-version":[{"id":54978,"href":"https:\/\/blog.corretoraideal.com.br\/index.php\/wp-json\/wp\/v2\/posts\/54976\/revisions\/54978"}],"wp:attachment":[{"href":"https:\/\/blog.corretoraideal.com.br\/index.php\/wp-json\/wp\/v2\/media?parent=54976"}],"wp:term":[{"taxonomy":"category","embeddable":true,"href":"https:\/\/blog.corretoraideal.com.br\/index.php\/wp-json\/wp\/v2\/categories?post=54976"},{"taxonomy":"post_tag","embeddable":true,"href":"https:\/\/blog.corretoraideal.com.br\/index.php\/wp-json\/wp\/v2\/tags?post=54976"}],"curies":[{"name":"wp","href":"https:\/\/api.w.org\/{rel}","templated":true}]}}