{"id":54979,"date":"2023-12-13T13:29:54","date_gmt":"2023-12-13T13:29:54","guid":{"rendered":"https:\/\/blog.corretoraideal.com.br\/?p=54979"},"modified":"2023-12-13T13:29:54","modified_gmt":"2023-12-13T13:29:54","slug":"dolar-abre-em-baixa-com-expectativa-por-decisao-de-juros-no-brasil-e-nos-eua-economia-g1","status":"publish","type":"post","link":"https:\/\/blog.corretoraideal.com.br\/index.php\/2023\/12\/13\/dolar-abre-em-baixa-com-expectativa-por-decisao-de-juros-no-brasil-e-nos-eua-economia-g1\/","title":{"rendered":"D\u00f3lar abre em baixa, com expectativa por decis\u00e3o de juros no Brasil e nos EUA | Economia | G1"},"content":{"rendered":"<br \/>\n<h1>D\u00f3lar abre em baixa, com expectativa por decis\u00e3o de juros no Brasil e nos EUA<\/h1>\n<h2>No dia anterior, a moeda norte-americana avan\u00e7ou 0,59%, cotada a R$ 4,9659. J\u00e1 o principal \u00edndice acion\u00e1rio da bolsa de valores brasileira recuou 0,40%, aos 126.403 pontos.<\/h2>\n<p> Por g1 <\/p>\n<p>  13\/12\/2023 09h11    Atualizado  13\/12\/2023    <\/p>\n<p>                      1 de 1&#013;Copom deve reduzir a Selic, taxa b\u00e1sica de juros, nesta Super Quarta. \u2014 Foto: Freepik    <\/p>\n<p> Copom deve reduzir a Selic, taxa b\u00e1sica de juros, nesta Super Quarta. \u2014 Foto: Freepik <\/p>\n<p> O d\u00f3lar abriu em baixa nesta quarta-feira (13), dia marcado pela expectativa dos investidores em rela\u00e7\u00e3o ao rumos dos juros no Brasil e nos <a class href=\"https:\/\/g1.globo.com\/tudo-sobre\/estados-unidos\/\">Estados Unidos<\/a>. <\/p>\n<p> Por aqui, o Comit\u00ea de Pol\u00edtica Monet\u00e1ria (<a class href=\"https:\/\/g1.globo.com\/tudo-sobre\/copom\/\">Copom<\/a>) do Banco Central (BC) define a nova Selic, taxa b\u00e1sica de juros, hoje em 12,25% ao ano. <a class href=\"https:\/\/g1.globo.com\/economia\/noticia\/2023\/12\/13\/na-ultima-reuniao-de-2023-copom-deve-baixar-juro-para-1175percent-o-menor-nivel-em-quase-dois-anos.ghtml\">A expectativa \u00e9 de que haja um novo corte de 0,5 ponto percentual, levando a taxa a 11,75% ao ano, o menor patamar em quase dois anos<\/a>. <\/p>\n<p> J\u00e1 nos Estados Unidos, o consenso do mercado \u00e9 que o Federal Reserve (<a class href=\"https:\/\/g1.globo.com\/tudo-sobre\/fed\/\">Fed<\/a>, o banco central americano) deve manter seus juros inalterados entre 5,25% e 5,50% ao ano. <\/p>\n<p> <strong>Veja abaixo o dia nos mercados.<\/strong> <\/p>\n<p>                   <img loading=\"lazy\" decoding=\"async\" class=\"aligncenter size-full wp-image-54981\" src=\"https:\/\/blog.corretoraideal.com.br\/wp-content\/uploads\/2023\/12\/entenda-o-que-faz-o-dolar-subir-ou-descer-3.jpeg\" alt=\"Entenda o que faz o d\u00f3lar subir ou descer\" width=\"800\" height=\"400\" \/>       <\/p>\n<p> Entenda o que faz o d\u00f3lar subir ou descer <\/p>\n<p><h2>D\u00f3lar<\/h2>\n<\/p>\n<p> \u00c0s 09h10, o d\u00f3lar ca\u00eda 0,17%, cotado a R$ 4,9575. <a class href=\"https:\/\/valor.globo.com\/valor-data\/\">Veja mais cota\u00e7\u00f5es.<\/a> <\/p>\n<p> No dia anterior, a moeda norte-americana fechou em alta de 0,59%, vendida a R$ 4,9659. Com o resultado, passou a acumular: <\/p>\n<ul>\n<li><strong>alta de 0,74% na semana;<\/strong><\/li>\n<li><strong>avan\u00e7o de 1,03% no m\u00eas;<\/strong><\/li>\n<li><strong>recuo de 5,91% no ano.<\/strong><\/li>\n<\/ul>\n<p><h2><a class href=\"https:\/\/g1.globo.com\/tudo-sobre\/ibovespa\/\">Ibovespa<\/a><\/h2>\n<\/p>\n<p> O Ibovespa s\u00f3 come\u00e7a a operar \u00e0s 10h. <\/p>\n<p> No dia anterior, o \u00edndice fechou em baixa de 0,40%, aos 126.403 pontos. Com o resultado, passou a acumular: <\/p>\n<ul>\n<li><strong>queda de 0,54% na semana;<\/strong><\/li>\n<li><strong>retra\u00e7\u00e3o de 0,73% no m\u00eas;<\/strong><\/li>\n<li><strong>ganhos de 15,19% no ano.<\/strong><\/li>\n<\/ul>\n<p> <strong>LEIA TAMB\u00c9M<\/strong> <\/p>\n<ul>\n<li><strong>DINHEIRO OU CART\u00c3O? <\/strong><a class href=\"https:\/\/g1.globo.com\/economia\/noticia\/2022\/03\/26\/dinheiro-ou-cartao-qual-a-melhor-forma-de-levar-dolares-em-viagens.ghtml\">Qual a melhor forma de levar d\u00f3lares em viagens?<\/a><\/li>\n<li><strong>D\u00d3LAR: <\/strong><a class href=\"https:\/\/g1.globo.com\/economia\/noticia\/2022\/04\/05\/dolar-qual-o-melhor-momento-para-comprar.ghtml\">Qual o melhor momento para comprar a moeda? <\/a><\/li>\n<\/ul>\n<p><h2>O que est\u00e1 mexendo com os mercados?<\/h2>\n<\/p>\n<p> No cen\u00e1rio interno, as perspectivas s\u00e3o bastante otimistas para o futuro da taxa Selic. Isso porque as decis\u00f5es sobre os juros s\u00e3o tomadas com base na trajet\u00f3ria da infla\u00e7\u00e3o. De forma simples, se a infla\u00e7\u00e3o est\u00e1 pressionada e subindo, o Copom eleva os juros para conter o avan\u00e7o dos pre\u00e7os. J\u00e1 quando a infla\u00e7\u00e3o desacelera, fica vi\u00e1vel que os juros ca\u00edam tamb\u00e9m. <\/p>\n<p> Atualmente, a infla\u00e7\u00e3o brasileira, medida pelo \u00cdndice de Pre\u00e7os ao Consumidor Amplo (IPCA) mostra uma trajet\u00f3ria benigna. Ontem, o Instituto Brasileiro de Geografia e Estat\u00edstica (<a class href=\"https:\/\/g1.globo.com\/tudo-sobre\/ibge\/\">IBGE<\/a>) divulgou que os pre\u00e7os medidos pelo IPCA subiram 0,28% em novembro, contra alta de 0,24% no m\u00eas anterior. <\/p>\n<p> No acumulado em 12 meses, a infla\u00e7\u00e3o \u00e9 de 4,68% e, no ano, acumula alta de 4,04%. Em ambos os intervalos, a infla\u00e7\u00e3o est\u00e1 dentro da meta do BC para 2023 &#8211; de 3,25%, podendo oscilar entre 1,75% e 4,75%. <\/p>\n<p> Em an\u00e1lise, a XP Investimentos considerou que, desde a \u00faltima reuni\u00e3o do Copom, no come\u00e7o de novembro, as not\u00edcias foram benignas para a infla\u00e7\u00e3o de curto prazo, com queda das taxas de juros em pa\u00edses desenvolvidos, com recuo da infla\u00e7\u00e3o e dos pre\u00e7os do petr\u00f3leo. <\/p>\n<p> &quot;O principal risco, a nosso ver, continua no lado fiscal. Not\u00edcias recentes sugerem novas despesas fora dos limites do arcabou\u00e7o recentemente aprovado, e menos contingenciamento or\u00e7ament\u00e1rio se a meta fiscal estiver sob risco de n\u00e3o ser atingida. Esses sinais refor\u00e7am a nossa vis\u00e3o de que a pol\u00edtica fiscal tem um vi\u00e9s expansionista, o que tende, em algum momento, a pressionar as expectativas de infla\u00e7\u00e3o&quot;, disse a institui\u00e7\u00e3o em comunicado. <\/p>\n<p> Neste contexto, assim como a maior parte do mercado, a expectativa da XP \u00e9 que o Copom opte por promover um novo corte de 0,5 ponto percentual na taxa Selic, no que seria a quarta queda consecutiva. <\/p>\n<p>&quot;\u00c9 dado como certo os pr\u00f3ximos dois cortes de 0,5% nas duas pr\u00f3ximas reuni\u00f5es e em 2024 poderemos ver algumas demonstra\u00e7\u00f5es com rela\u00e7\u00e3o a acelera\u00e7\u00e3o nos cortes. At\u00e9 l\u00e1, a discuss\u00e3o ser\u00e1 at\u00e9 onde poder\u00e1 ir esse corte de juros&quot;, comenta Caio Canez de Castro, especialista em mercado de capitais e s\u00f3cio da GT Capital.<\/p>\n<p> Ainda no cen\u00e1rio dom\u00e9stico, o presidente Lula sancionou a lei que taxa fundos exclusivos e offshores. J\u00e1 o projeto de lei que estabelece regras para o mercado de apostas esportivas foi aprovado pelo Senado. As duas propostas t\u00eam como objetivo aumentar a arrecada\u00e7\u00e3o federal. <\/p>\n<p> Voltando aos juros, nos Estados Unidos o grande destaque do dia tamb\u00e9m s\u00e3o as taxas de juros. L\u00e1, a situa\u00e7\u00e3o \u00e9 um pouco diferente do que o Brasil vive hoje. <\/p>\n<p> A infla\u00e7\u00e3o de novembro, tamb\u00e9m divulgada ontem, subiu 0,1% na maior economia do mundo, enquanto as proje\u00e7\u00f5es eram de estabilidade dos pre\u00e7os. A infla\u00e7\u00e3o anual caiu de 3,2% para 3,1%, enquanto a meta do Fed \u00e9 de 2%. <\/p>\n<p> Neste contexto, o que analistas e investidores esperam \u00e9 uma manuten\u00e7\u00e3o dos juros entre 5,25% e 5,50% ao ano nesta e nas pr\u00f3ximas reuni\u00f5es. A expectativa \u00e9 que o Fed s\u00f3 inicie um ciclo de cortes nas taxas em meados de 2024. <\/p>\n<ul>\n<li> <a href=\"https:\/\/g1.globo.com\/politica\/politico\/alexandre-padilha\/\" class=\"entities__list-itemLink\" data-track-click=\"Alexandre Padilha\"> Alexandre Padilha <\/a> <\/li>\n<li> <a href=\"https:\/\/g1.globo.com\/tudo-sobre\/bmf-bovespa\/\" class=\"entities__list-itemLink\" data-track-click=\"B3\"> B3 <\/a> <\/li>\n<li> <a href=\"https:\/\/g1.globo.com\/tudo-sobre\/copom\/\" class=\"entities__list-itemLink\" data-track-click=\"Copom\"> Copom <\/a> <\/li>\n<li> <a href=\"https:\/\/g1.globo.com\/tudo-sobre\/estados-unidos\/\" class=\"entities__list-itemLink\" data-track-click=\"Estados Unidos\"> Estados Unidos <\/a> <\/li>\n<li> <a href=\"https:\/\/g1.globo.com\/tudo-sobre\/fed\/\" class=\"entities__list-itemLink\" data-track-click=\"FED\"> FED <\/a> <\/li>\n<li> <a href=\"https:\/\/g1.globo.com\/tudo-sobre\/fgv\/\" class=\"entities__list-itemLink\" data-track-click=\"FGV\"> FGV <\/a> <\/li>\n<li> <a href=\"https:\/\/g1.globo.com\/politica\/politico\/fernando-haddad\/\" class=\"entities__list-itemLink\" data-track-click=\"Fernando Haddad\"> Fernando Haddad <\/a> <\/li>\n<li> <a href=\"https:\/\/g1.globo.com\/tudo-sobre\/ibge\/\" class=\"entities__list-itemLink\" data-track-click=\"IBGE\"> IBGE <\/a> <\/li>\n<li> <a href=\"https:\/\/g1.globo.com\/tudo-sobre\/ibovespa\/\" class=\"entities__list-itemLink\" data-track-click=\"Ibovespa\"> Ibovespa <\/a> <\/li>\n<\/ul>\n","protected":false},"excerpt":{"rendered":"<p>D\u00f3lar abre em baixa, com expectativa por decis\u00e3o de juros no Brasil e nos EUA No dia anterior, a moeda norte-americana avan\u00e7ou 0,59%, cotada a R$ 4,9659. J\u00e1 o principal \u00edndice acion\u00e1rio da bolsa de valores brasileira recuou 0,40%, aos 126.403 pontos. Por g1 13\/12\/2023 09h11 Atualizado 13\/12\/2023 1 de 1&#013;Copom deve reduzir a Selic, [&hellip;]<\/p>\n","protected":false},"author":1,"featured_media":0,"comment_status":"closed","ping_status":"closed","sticky":false,"template":"","format":"standard","meta":{"footnotes":""},"categories":[],"tags":[],"class_list":["post-54979","post","type-post","status-publish","format-standard","hentry"],"_links":{"self":[{"href":"https:\/\/blog.corretoraideal.com.br\/index.php\/wp-json\/wp\/v2\/posts\/54979","targetHints":{"allow":["GET"]}}],"collection":[{"href":"https:\/\/blog.corretoraideal.com.br\/index.php\/wp-json\/wp\/v2\/posts"}],"about":[{"href":"https:\/\/blog.corretoraideal.com.br\/index.php\/wp-json\/wp\/v2\/types\/post"}],"author":[{"embeddable":true,"href":"https:\/\/blog.corretoraideal.com.br\/index.php\/wp-json\/wp\/v2\/users\/1"}],"replies":[{"embeddable":true,"href":"https:\/\/blog.corretoraideal.com.br\/index.php\/wp-json\/wp\/v2\/comments?post=54979"}],"version-history":[{"count":1,"href":"https:\/\/blog.corretoraideal.com.br\/index.php\/wp-json\/wp\/v2\/posts\/54979\/revisions"}],"predecessor-version":[{"id":54982,"href":"https:\/\/blog.corretoraideal.com.br\/index.php\/wp-json\/wp\/v2\/posts\/54979\/revisions\/54982"}],"wp:attachment":[{"href":"https:\/\/blog.corretoraideal.com.br\/index.php\/wp-json\/wp\/v2\/media?parent=54979"}],"wp:term":[{"taxonomy":"category","embeddable":true,"href":"https:\/\/blog.corretoraideal.com.br\/index.php\/wp-json\/wp\/v2\/categories?post=54979"},{"taxonomy":"post_tag","embeddable":true,"href":"https:\/\/blog.corretoraideal.com.br\/index.php\/wp-json\/wp\/v2\/tags?post=54979"}],"curies":[{"name":"wp","href":"https:\/\/api.w.org\/{rel}","templated":true}]}}