{"id":54988,"date":"2023-12-13T16:31:00","date_gmt":"2023-12-13T16:31:00","guid":{"rendered":"https:\/\/blog.corretoraideal.com.br\/?p=54988"},"modified":"2023-12-13T16:31:00","modified_gmt":"2023-12-13T16:31:00","slug":"macae-tera-esquema-de-acesso-ao-bairro-pecado-neste-fim-de-semana-por-conta-dos-festejos-natalinos-norte-fluminense-g1","status":"publish","type":"post","link":"https:\/\/blog.corretoraideal.com.br\/index.php\/2023\/12\/13\/macae-tera-esquema-de-acesso-ao-bairro-pecado-neste-fim-de-semana-por-conta-dos-festejos-natalinos-norte-fluminense-g1\/","title":{"rendered":"Maca\u00e9 ter\u00e1 esquema de acesso ao bairro Pecado neste fim de semana por conta dos festejos natalinos | Norte Fluminense | G1"},"content":{"rendered":"<br \/>\n<h1>Maca\u00e9 ter\u00e1 esquema de acesso ao bairro Pecado neste fim de semana por conta dos festejos natalinos <\/h1>\n<h2>Com o grande p\u00fablico atra\u00eddo pelo espet\u00e1culo das \u00c1guas Dan\u00e7antes, na Lagoa de Imboassica, a Secretaria de Mobilidade Urbana vai adotar medidas para minimizar impacto da movimenta\u00e7\u00e3o na rotina dos moradores.<\/h2>\n<p> Por g1 &mdash; Maca\u00e9 <\/p>\n<p>  13\/12\/2023 11h46    Atualizado  13\/12\/2023    <\/p>\n<p>                      1 de 2&#013;Secretaria de Mobilidade Urbana de Maca\u00e9 estudou alternativas para facilitar o acesso a evento natalino e reduzir impacto da movimenta\u00e7\u00e3o para os moradores \u2014 Foto: Assessoria Mobilidade Urbana    <\/p>\n<p> Secretaria de Mobilidade Urbana de Maca\u00e9 estudou alternativas para facilitar o acesso a evento natalino e reduzir impacto da movimenta\u00e7\u00e3o para os moradores \u2014 Foto: Assessoria Mobilidade Urbana <\/p>\n<p> O espet\u00e1culo das \u00c1guas Dan\u00e7antes, na Lagoa de Imboassica, em <a class href=\"https:\/\/g1.globo.com\/rj\/regiao-dos-lagos\/cidade\/macae\/\">Maca\u00e9<\/a>, no Norte Fluminense, atraiu grande p\u00fablico, superando as expectativas da Prefeitura. E, para minimizar o impacto da movimenta\u00e7\u00e3o de pessoas na vida dos moradores do bairro Pecado, a Secretaria de Mobilidade Urbana, vai adotar novas medidas de acesso \u00e0 localidade para a festa deste fim de semana. <\/p>\n<p> As a\u00e7\u00f5es, definidas ap\u00f3s reuni\u00e3o entre o secret\u00e1rio de Mobilidade Urbana, Jayme Muniz, com os coordenadores de Tr\u00e2nsito e de Transporte, tamb\u00e9m t\u00eam o objetivo de facilitar a chegada do p\u00fablico ao local do evento. <\/p>\n<p> O bloqueio de acesso de ve\u00edculos ao bairro do Pecado ocorrer\u00e1 por volta das 19h, permitindo a entrada somente para moradores. <\/p>\n<p><h2>Confira as mudan\u00e7as<\/h2>\n<\/p>\n<p>         2 de 2&#013;Agentes de tr\u00e2nsito v\u00e3o orientar os motoristas sobre o acesso \u00e0 Lagoa de Imboassica, onde ocorre o espet\u00e1culo das \u00c1guas Dan\u00e7antes em Maca\u00e9 \u2014 Foto: Assessoria Mobilidade Urbana    <\/p>\n<p> Agentes de tr\u00e2nsito v\u00e3o orientar os motoristas sobre o acesso \u00e0 Lagoa de Imboassica, onde ocorre o espet\u00e1culo das \u00c1guas Dan\u00e7antes em Maca\u00e9 \u2014 Foto: Assessoria Mobilidade Urbana <\/p>\n<p> <strong>Transporte p\u00fablico<\/strong> <\/p>\n<p> Para estimular o uso do transporte p\u00fablico, foi criado um Ponto de Servi\u00e7o na Linha Verde (na altura do hospital da Unimed). No local, estar\u00e1 dispon\u00edvel uma linha de \u00f4nibus exclusiva operando nos dias do evento, por R$ 1 real com apresenta\u00e7\u00e3o do Cart\u00e3o Maca\u00e9. <\/p>\n<p> Os carros de passeio poder\u00e3o estacionar no local com o apoio da Guarda Municipal. <\/p>\n<p> Os t\u00e1xis e ve\u00edculos de aplicativos poder\u00e3o acessar o bairro do Pecado para embarque e desembarque somente. <\/p>\n<p> A Secretaria de Mobilidade Urbana explica que as medidas especiais de circula\u00e7\u00e3o de ve\u00edculos, no bairro Pecado, ser\u00e3o adotadas somente nos dias dos espet\u00e1culos das \u00c1guas Dan\u00e7antes, com esquema especial de tr\u00e2nsito a partir das 18h. <\/p>\n<p> <strong>Estacionamento proibido<\/strong> <\/p>\n<p> Ser\u00e1 proibido o estacionamento da Rua Amplil\u00f3phio Trindade, do lado direito da via, at\u00e9 a Rua Comerciante Rui Figueiredo Borges, tornando-a m\u00e3o dupla neste trecho. <\/p>\n<p> Ser\u00e1 antecipado desvio de ve\u00edculos para a Rua Ant\u00f4nio Manoel Cure (Col\u00e9gio Atl\u00e2ntico) com acesso somente para moradores, sentido Lagoa. <\/p>\n<p> <strong>Mudan\u00e7as nas vias<\/strong> <\/p>\n<p> A Avenida Jos\u00e9 Passos ser\u00e1 a principal alternativa para sa\u00edda do bairro, com acesso direto \u00e0 Rua Guaruj\u00e1 e \u00e0 Rua Itaipu. Ser\u00e1 adotado sentido duplo da Rua Amplil\u00f3phio Trindade que dar\u00e1 acesso do lado direito para a Rodovia Amaral Peixoto (RJ-106). <\/p>\n<p> A Rua Comerciante Rui Figueiredo Borges, a partir da Rua Jos\u00e9 Henrique da Silva, ter\u00e1 m\u00e3o invertida para acesso \u00e0 Rua Amphil\u00f3phio Trindade para sa\u00edda do bairro. <\/p>\n<p> &quot;O Operacional da Coordenadoria de Tr\u00e2nsito dar\u00e1 apoio com agentes de tr\u00e2nsito e sinaliza\u00e7\u00f5es na regi\u00e3o. A fiscaliza\u00e7\u00e3o da Coordenadoria de Transporte atuar\u00e1 para o bom atendimento aos usu\u00e1rios do transporte&quot;, explica a Prefeitura. <\/p>\n<ul>\n<li> <a href=\"https:\/\/g1.globo.com\/rj\/regiao-dos-lagos\/cidade\/macae\/\" class=\"entities__list-itemLink\" data-track-click=\"Maca\u00e9\"> Maca\u00e9 <\/a> <\/li>\n<\/ul>\n","protected":false},"excerpt":{"rendered":"<p>Maca\u00e9 ter\u00e1 esquema de acesso ao bairro Pecado neste fim de semana por conta dos festejos natalinos Com o grande p\u00fablico atra\u00eddo pelo espet\u00e1culo das \u00c1guas Dan\u00e7antes, na Lagoa de Imboassica, a Secretaria de Mobilidade Urbana vai adotar medidas para minimizar impacto da movimenta\u00e7\u00e3o na rotina dos moradores. Por g1 &mdash; Maca\u00e9 13\/12\/2023 11h46 Atualizado [&hellip;]<\/p>\n","protected":false},"author":1,"featured_media":0,"comment_status":"closed","ping_status":"closed","sticky":false,"template":"","format":"standard","meta":{"footnotes":""},"categories":[],"tags":[],"class_list":["post-54988","post","type-post","status-publish","format-standard","hentry"],"_links":{"self":[{"href":"https:\/\/blog.corretoraideal.com.br\/index.php\/wp-json\/wp\/v2\/posts\/54988","targetHints":{"allow":["GET"]}}],"collection":[{"href":"https:\/\/blog.corretoraideal.com.br\/index.php\/wp-json\/wp\/v2\/posts"}],"about":[{"href":"https:\/\/blog.corretoraideal.com.br\/index.php\/wp-json\/wp\/v2\/types\/post"}],"author":[{"embeddable":true,"href":"https:\/\/blog.corretoraideal.com.br\/index.php\/wp-json\/wp\/v2\/users\/1"}],"replies":[{"embeddable":true,"href":"https:\/\/blog.corretoraideal.com.br\/index.php\/wp-json\/wp\/v2\/comments?post=54988"}],"version-history":[{"count":1,"href":"https:\/\/blog.corretoraideal.com.br\/index.php\/wp-json\/wp\/v2\/posts\/54988\/revisions"}],"predecessor-version":[{"id":54990,"href":"https:\/\/blog.corretoraideal.com.br\/index.php\/wp-json\/wp\/v2\/posts\/54988\/revisions\/54990"}],"wp:attachment":[{"href":"https:\/\/blog.corretoraideal.com.br\/index.php\/wp-json\/wp\/v2\/media?parent=54988"}],"wp:term":[{"taxonomy":"category","embeddable":true,"href":"https:\/\/blog.corretoraideal.com.br\/index.php\/wp-json\/wp\/v2\/categories?post=54988"},{"taxonomy":"post_tag","embeddable":true,"href":"https:\/\/blog.corretoraideal.com.br\/index.php\/wp-json\/wp\/v2\/tags?post=54988"}],"curies":[{"name":"wp","href":"https:\/\/api.w.org\/{rel}","templated":true}]}}