{"id":54991,"date":"2023-12-13T18:29:34","date_gmt":"2023-12-13T18:29:34","guid":{"rendered":"https:\/\/blog.corretoraideal.com.br\/?p=54991"},"modified":"2023-12-13T18:29:34","modified_gmt":"2023-12-13T18:29:34","slug":"governo-arrecada-r-4217-milhoes-em-leilao-de-petroleo-com-192-areas-arrematadas-economia-g1","status":"publish","type":"post","link":"https:\/\/blog.corretoraideal.com.br\/index.php\/2023\/12\/13\/governo-arrecada-r-4217-milhoes-em-leilao-de-petroleo-com-192-areas-arrematadas-economia-g1\/","title":{"rendered":"Governo arrecada R$ 421,7 milh\u00f5es em leil\u00e3o de petr\u00f3leo, com 192 \u00e1reas arrematadas | Economia | G1"},"content":{"rendered":"<br \/>\n<h1>Governo arrecada R$ 421,7 milh\u00f5es em leil\u00e3o de petr\u00f3leo, com 192 \u00e1reas arrematadas<\/h1>\n<h2>Ag\u00eancia Nacional de Petr\u00f3leo ofertou 602 \u00e1reas para explora\u00e7\u00e3o de petr\u00f3leo e g\u00e1s natural em leil\u00e3o nesta quarta-feira (13).<\/h2>\n<p> Por <a class=\"multi_signatures\" href=\"https:\/\/g1.globo.com\/autores\/lais-carregosa\/\">Lais Carregosa<\/a>, g1 &mdash; Bras\u00edlia <\/p>\n<p>  13\/12\/2023 14h30    Atualizado  13\/12\/2023    <\/p>\n<p> O governo federal arrecadou <strong>R$ 421,7 milh\u00f5es<\/strong> em leil\u00e3o de \u00e1reas para explora\u00e7\u00e3o de petr\u00f3leo e g\u00e1s natural, realizado nesta quarta-feira (13), no Rio de Janeiro. <\/p>\n<p> No total, 15 empresas arremataram 192 dos 602<strong> <\/strong>blocos leiloados e uma \u00e1rea de acumula\u00e7\u00e3o marginal \u2013 sem produ\u00e7\u00e3o comercial. <\/p>\n<p> As \u00e1reas ofertadas est\u00e3o localizadas em 33 setores, com blocos explorat\u00f3rios mar\u00edtimos e terrestres nas seguintes bacias \u2013 estruturas geol\u00f3gicas com ac\u00famulo de petr\u00f3leo e g\u00e1s: <\/p>\n<ul>\n<li><strong>Pelotas<\/strong>, no litoral do Rio Grande do Sul e Santa Catarina; <\/li>\n<li><strong>Potiguar<\/strong>, no Rio Grande do Norte; <\/li>\n<li><strong>Santos<\/strong>, que se estende do litoral de Santa Catarina ao Rio de Janeiro; <\/li>\n<li><strong>Paran\u00e1<\/strong>, que abrange Goi\u00e1s, Mato Grosso, Mato Grosso do Sul, S\u00e3o Paulo, Paran\u00e1, Santa Catarina e Rio Grande do Sul; <\/li>\n<li><strong>Esp\u00edrito Santo<\/strong>, no Esp\u00edrito Santo; <\/li>\n<li><strong>Tucano<\/strong>, na Bahia; <\/li>\n<li><strong>Amazonas<\/strong>, no Amazonas e Par\u00e1; <\/li>\n<li><strong>Rec\u00f4ncavo<\/strong>, na Bahia; <\/li>\n<li>e <strong>Sergipe-Alagoas<\/strong>, nos estados de Sergipe e Alagoas. <\/li>\n<\/ul>\n<p> Nesta quarta-feira (13), o diretor-geral da Ag\u00eancia Nacional de Petr\u00f3leo, G\u00e1s Natural e Biocombust\u00edveis (<a class href=\"https:\/\/g1.globo.com\/tudo-sobre\/anp\/\">ANP<\/a>), Rodolfo Saboia, defendeu a explora\u00e7\u00e3o de petr\u00f3leo em meio a discuss\u00f5es sobre a transi\u00e7\u00e3o energ\u00e9tica. <\/p>\n<p>\u201cPara o Brasil, a contrata\u00e7\u00e3o de novas \u00e1reas para explora\u00e7\u00e3o significa um passo muito importante para evitar a queda na nossa produ\u00e7\u00e3o j\u00e1 a partir do in\u00edcio da pr\u00f3xima d\u00e9cada&quot;, declarou.<\/p>\n<p> O leil\u00e3o foi realizado no modelo de oferta permanente de concess\u00e3o, priorit\u00e1rio para cess\u00e3o de \u00e1reas de petr\u00f3leo desde 2021. Nesse modelo, as \u00e1reas ficam dispon\u00edveis para manifesta\u00e7\u00e3o de interesse das empresas sem um prazo estabelecido. <\/p>\n<p> Quando h\u00e1 manifesta\u00e7\u00f5es de interesse, o certame \u00e9 iniciado em at\u00e9 120 dias depois de uma ou mais cartas serem aprovadas pela ANP. Depois, as propostas s\u00e3o abertas em sess\u00e3o p\u00fablica. <\/p>\n<p> Esse modelo se tornou preferencial, no lugar dos leil\u00f5es tradicionais de petr\u00f3leo, depois da 17\u00aa Rodada de Licita\u00e7\u00f5es, em 2021, quando s\u00f3 5 dos 92 blocos ofertados foram arrematados. <\/p>\n<p> Na tarde desta quarta-feira (13), a ANP realizar\u00e1 outro leil\u00e3o, desta vez para \u00e1reas localizadas no pr\u00e9-sal. <\/p>\n<ul>\n<li> <a href=\"https:\/\/g1.globo.com\/tudo-sobre\/anp\/\" class=\"entities__list-itemLink\" data-track-click=\"ANP\"> ANP <\/a> <\/li>\n<\/ul>\n","protected":false},"excerpt":{"rendered":"<p>Governo arrecada R$ 421,7 milh\u00f5es em leil\u00e3o de petr\u00f3leo, com 192 \u00e1reas arrematadas Ag\u00eancia Nacional de Petr\u00f3leo ofertou 602 \u00e1reas para explora\u00e7\u00e3o de petr\u00f3leo e g\u00e1s natural em leil\u00e3o nesta quarta-feira (13). Por Lais Carregosa, g1 &mdash; Bras\u00edlia 13\/12\/2023 14h30 Atualizado 13\/12\/2023 O governo federal arrecadou R$ 421,7 milh\u00f5es em leil\u00e3o de \u00e1reas para explora\u00e7\u00e3o [&hellip;]<\/p>\n","protected":false},"author":1,"featured_media":0,"comment_status":"closed","ping_status":"closed","sticky":false,"template":"","format":"standard","meta":{"footnotes":""},"categories":[],"tags":[],"class_list":["post-54991","post","type-post","status-publish","format-standard","hentry"],"_links":{"self":[{"href":"https:\/\/blog.corretoraideal.com.br\/index.php\/wp-json\/wp\/v2\/posts\/54991","targetHints":{"allow":["GET"]}}],"collection":[{"href":"https:\/\/blog.corretoraideal.com.br\/index.php\/wp-json\/wp\/v2\/posts"}],"about":[{"href":"https:\/\/blog.corretoraideal.com.br\/index.php\/wp-json\/wp\/v2\/types\/post"}],"author":[{"embeddable":true,"href":"https:\/\/blog.corretoraideal.com.br\/index.php\/wp-json\/wp\/v2\/users\/1"}],"replies":[{"embeddable":true,"href":"https:\/\/blog.corretoraideal.com.br\/index.php\/wp-json\/wp\/v2\/comments?post=54991"}],"version-history":[{"count":1,"href":"https:\/\/blog.corretoraideal.com.br\/index.php\/wp-json\/wp\/v2\/posts\/54991\/revisions"}],"predecessor-version":[{"id":54993,"href":"https:\/\/blog.corretoraideal.com.br\/index.php\/wp-json\/wp\/v2\/posts\/54991\/revisions\/54993"}],"wp:attachment":[{"href":"https:\/\/blog.corretoraideal.com.br\/index.php\/wp-json\/wp\/v2\/media?parent=54991"}],"wp:term":[{"taxonomy":"category","embeddable":true,"href":"https:\/\/blog.corretoraideal.com.br\/index.php\/wp-json\/wp\/v2\/categories?post=54991"},{"taxonomy":"post_tag","embeddable":true,"href":"https:\/\/blog.corretoraideal.com.br\/index.php\/wp-json\/wp\/v2\/tags?post=54991"}],"curies":[{"name":"wp","href":"https:\/\/api.w.org\/{rel}","templated":true}]}}