{"id":55000,"date":"2023-12-13T21:29:40","date_gmt":"2023-12-13T21:29:40","guid":{"rendered":"https:\/\/blog.corretoraideal.com.br\/?p=55000"},"modified":"2023-12-13T21:29:40","modified_gmt":"2023-12-13T21:29:40","slug":"itaperuna-tera-concerto-de-natal-na-sexta-e-sabado-com-as-orquestras-retocando-e-jazz-sinfonica-ad-norte-fluminense-g1","status":"publish","type":"post","link":"https:\/\/blog.corretoraideal.com.br\/index.php\/2023\/12\/13\/itaperuna-tera-concerto-de-natal-na-sexta-e-sabado-com-as-orquestras-retocando-e-jazz-sinfonica-ad-norte-fluminense-g1\/","title":{"rendered":"Itaperuna ter\u00e1 &#039;Concerto de Natal&#039; na sexta e s\u00e1bado com as orquestras &#039;Retocando&#039; e &#039;Jazz Sinf\u00f4nica AD&#039; | Norte Fluminense | G1"},"content":{"rendered":"<br \/>\n<h1>Itaperuna ter\u00e1 &#039;Concerto de Natal&#039; na sexta e s\u00e1bado com as orquestras &#039;Retocando&#039; e &#039;Jazz Sinf\u00f4nica AD&#039;<\/h1>\n<h2>Cada apresenta\u00e7\u00e3o ser\u00e1 \u00e0 noite, na Concha Ac\u00fastica. Programa\u00e7\u00e3o faz parte do &#039;Natal para Todos&#039;.<\/h2>\n<p> Por g1 &mdash; Itaperuna <\/p>\n<p>  13\/12\/2023 14h33    Atualizado  13\/12\/2023    <\/p>\n<p>                      1 de 2&#013;Orquestra Retocando em apresenta\u00e7\u00e3o natalina em Itaperuna \u2014 Foto: Divulga\u00e7\u00e3o Prefeitura de Itaperuna    <\/p>\n<p> Orquestra Retocando em apresenta\u00e7\u00e3o natalina em Itaperuna \u2014 Foto: Divulga\u00e7\u00e3o Prefeitura de Itaperuna <\/p>\n<p> A Orquestra Retocando e a Orquestra Jazz Sinf\u00f4nica AD v\u00e3o apresentar o &quot;Concerto de Natal&quot; nesta sexta-feira (15) e s\u00e1bado (16), respectivamente, em <a class href=\"https:\/\/g1.globo.com\/rj\/norte-fluminense\/cidade\/itaperuna\/\">Itaperuna<\/a>, no Noroeste Fluminense. <\/p>\n<p> Na sexta, a Orquestra Retocando se apresenta \u00e0s 19h na Concha Ac\u00fastica. J\u00e1 no s\u00e1bado ser\u00e1 a vez da Orquestra Jazz Sinf\u00f4nica AD, da Igreja Assembleia de Deus na cidade, se apresentar no mesmo local, \u00e0s 20h. O evento faz parte da programa\u00e7\u00e3o do &quot;Natal para Todos&quot;. <\/p>\n<p> &quot;Prepare-se para uma experi\u00eancia musical inesquec\u00edvel e traga toda a fam\u00edlia para vivenciar juntos a magia do Natal!&quot;, convidou a Prefeitura em suas redes sociais. <\/p>\n<p> O &quot;Natal para Todos&quot; \u00e9 um projeto realizado em parceria entre a Prefeitura de Itaperuna, Sesc, Fecom\u00e9rcio e Sincom\u00e9rcio. <\/p>\n<p><h2>Alunos da cidade entram no clima de Natal<\/h2>\n<\/p>\n<p>         2 de 2&#013;Crian\u00e7as participaram de v\u00e1rias atividades natalinas nas escolas municipais de Itaperuna \u2014 Foto: Reprodu\u00e7\u00e3o Facebook Prefeitura de Itaperuna\/Divulga\u00e7\u00e3o Educa\u00e7\u00e3o    <\/p>\n<p> Crian\u00e7as participaram de v\u00e1rias atividades natalinas nas escolas municipais de Itaperuna \u2014 Foto: Reprodu\u00e7\u00e3o Facebook Prefeitura de Itaperuna\/Divulga\u00e7\u00e3o Educa\u00e7\u00e3o <\/p>\n<p> Alunos da rede municipal de Itaperuna tamb\u00e9m entraram no clima de Natal nos \u00faltimos dias. Al\u00e9m da decora\u00e7\u00e3o dos espa\u00e7os, as crian\u00e7as puderam se caracterizar e participar de diversas atividades. <\/p>\n<p> &quot;Em um clima contagiante de alegria e esp\u00edrito natalino, as escolas municipais se transformaram em verdadeiros cen\u00e1rios onde a magia do Natal se fez presente&quot;, disse o munic\u00edpio. <\/p>\n<p> Neste per\u00edodo especial do ano, o objetivo da a\u00e7\u00e3o, que envolveu m\u00fasica e brincadeiras, foi contribuir com a comunh\u00e3o entre as crian\u00e7as, al\u00e9m de promover valores como solidariedade, amizade e a import\u00e2ncia da conviv\u00eancia harmoniosa. <\/p>\n<p> &quot;O clima natalino nas escolas municipais n\u00e3o apenas encantou os cora\u00e7\u00f5es das crian\u00e7as, mas tamb\u00e9m refor\u00e7ou a import\u00e2ncia do esp\u00edrito natalino no processo educacional e no desenvolvimento integral dos estudantes&quot;, disse o munic\u00edpio. <\/p>\n<ul>\n<li> <a href=\"https:\/\/g1.globo.com\/rj\/norte-fluminense\/cidade\/itaperuna\/\" class=\"entities__list-itemLink\" data-track-click=\"Itaperuna\"> Itaperuna <\/a> <\/li>\n<\/ul>\n","protected":false},"excerpt":{"rendered":"<p>Itaperuna ter\u00e1 &#039;Concerto de Natal&#039; na sexta e s\u00e1bado com as orquestras &#039;Retocando&#039; e &#039;Jazz Sinf\u00f4nica AD&#039; Cada apresenta\u00e7\u00e3o ser\u00e1 \u00e0 noite, na Concha Ac\u00fastica. Programa\u00e7\u00e3o faz parte do &#039;Natal para Todos&#039;. Por g1 &mdash; Itaperuna 13\/12\/2023 14h33 Atualizado 13\/12\/2023 1 de 2&#013;Orquestra Retocando em apresenta\u00e7\u00e3o natalina em Itaperuna \u2014 Foto: Divulga\u00e7\u00e3o Prefeitura de Itaperuna [&hellip;]<\/p>\n","protected":false},"author":1,"featured_media":0,"comment_status":"closed","ping_status":"closed","sticky":false,"template":"","format":"standard","meta":{"footnotes":""},"categories":[],"tags":[],"class_list":["post-55000","post","type-post","status-publish","format-standard","hentry"],"_links":{"self":[{"href":"https:\/\/blog.corretoraideal.com.br\/index.php\/wp-json\/wp\/v2\/posts\/55000","targetHints":{"allow":["GET"]}}],"collection":[{"href":"https:\/\/blog.corretoraideal.com.br\/index.php\/wp-json\/wp\/v2\/posts"}],"about":[{"href":"https:\/\/blog.corretoraideal.com.br\/index.php\/wp-json\/wp\/v2\/types\/post"}],"author":[{"embeddable":true,"href":"https:\/\/blog.corretoraideal.com.br\/index.php\/wp-json\/wp\/v2\/users\/1"}],"replies":[{"embeddable":true,"href":"https:\/\/blog.corretoraideal.com.br\/index.php\/wp-json\/wp\/v2\/comments?post=55000"}],"version-history":[{"count":1,"href":"https:\/\/blog.corretoraideal.com.br\/index.php\/wp-json\/wp\/v2\/posts\/55000\/revisions"}],"predecessor-version":[{"id":55002,"href":"https:\/\/blog.corretoraideal.com.br\/index.php\/wp-json\/wp\/v2\/posts\/55000\/revisions\/55002"}],"wp:attachment":[{"href":"https:\/\/blog.corretoraideal.com.br\/index.php\/wp-json\/wp\/v2\/media?parent=55000"}],"wp:term":[{"taxonomy":"category","embeddable":true,"href":"https:\/\/blog.corretoraideal.com.br\/index.php\/wp-json\/wp\/v2\/categories?post=55000"},{"taxonomy":"post_tag","embeddable":true,"href":"https:\/\/blog.corretoraideal.com.br\/index.php\/wp-json\/wp\/v2\/tags?post=55000"}],"curies":[{"name":"wp","href":"https:\/\/api.w.org\/{rel}","templated":true}]}}