{"id":55003,"date":"2023-12-14T02:29:41","date_gmt":"2023-12-14T02:29:41","guid":{"rendered":"https:\/\/blog.corretoraideal.com.br\/?p=55003"},"modified":"2023-12-14T02:29:41","modified_gmt":"2023-12-14T02:29:41","slug":"estudantes-de-macae-fazem-vestibular-neste-domingo-para-cursos-de-graduacao-da-femass-norte-fluminense-g1","status":"publish","type":"post","link":"https:\/\/blog.corretoraideal.com.br\/index.php\/2023\/12\/14\/estudantes-de-macae-fazem-vestibular-neste-domingo-para-cursos-de-graduacao-da-femass-norte-fluminense-g1\/","title":{"rendered":"Estudantes de Maca\u00e9 fazem vestibular neste domingo para cursos de gradua\u00e7\u00e3o da FeMASS | Norte Fluminense | G1"},"content":{"rendered":"<br \/>\n<h1>Estudantes de Maca\u00e9 fazem vestibular neste domingo para cursos de gradua\u00e7\u00e3o da FeMASS<\/h1>\n<h2> Processo Seletivo \u00e9 para vagas para Administra\u00e7\u00e3o, Engenharia de Produ\u00e7\u00e3o, Sistemas de Informa\u00e7\u00e3o e Licenciatura em Matem\u00e1tica. As aulas come\u00e7am no 1\u00ba e 2\u00b0 semestres de 2024.<\/h2>\n<p> Por g1 &mdash; Maca\u00e9 <\/p>\n<p>  24\/11\/2023 17h03    Atualizado  24\/11\/2023    <\/p>\n<p>                      1 de 1&#013;Vestibular da FeMASS ser\u00e1 neste domingo, a partir das 15h, na cidade Universit\u00e1ria \u2014 Foto: Jo\u00e3o Barreto\/Arquivo Prefeitura de Maca\u00e9    <\/p>\n<p> Vestibular da FeMASS ser\u00e1 neste domingo, a partir das 15h, na cidade Universit\u00e1ria \u2014 Foto: Jo\u00e3o Barreto\/Arquivo Prefeitura de Maca\u00e9 <\/p>\n<p> Estudantes de <a class href=\"https:\/\/g1.globo.com\/rj\/regiao-dos-lagos\/cidade\/macae\/\">Maca\u00e9<\/a>, no Norte Fluminense, fazem vestibular neste domingo (26) para tentar ingresso nos cursos de gradua\u00e7\u00e3o da Faculdade Professor Miguel \u00c2ngelo da Silva Santos (FeMASS). <\/p>\n<p> Os cursos dispon\u00edveis s\u00e3o Administra\u00e7\u00e3o, Engenharia de Produ\u00e7\u00e3o, Sistemas de Informa\u00e7\u00e3o e Licenciatura em Matem\u00e1tica. As aulas come\u00e7am nos 1\u00ba e 2\u00b0 semestres de 2024. <\/p>\n<p> A prova ser\u00e1 aplicada das 15h \u00e0s 19h no Bloco D da Cidade Universit\u00e1ria, que fica na Rua Alo\u00edsio da Silva Gomes, n\u00ba 50, Granja dos Cavaleiros. <\/p>\n<p> Conforme o Edital n\u00ba 10\/2023, os candidatos dever\u00e3o chegar ao local de prova com uma hora de anteced\u00eancia, ou seja, \u00e0s 14h. O port\u00e3o de acesso ao Bloco D ser\u00e1 fechado \u00e0s 14h45. <\/p>\n<p> <strong>\u00c9 importante que os candidatos apresentem no local da prova:<\/strong> <\/p>\n<ul>\n<li>Documento oficial com foto<\/li>\n<li>Cart\u00e3o de confirma\u00e7\u00e3o<\/li>\n<li>Caneta azul ou preta<\/li>\n<\/ul>\n<p> Sobre vagas para carros, a Cidade Universit\u00e1ria conta com estacionamento, com disponibilidade total de 400 vagas. \u00c9 importante, tamb\u00e9m, que o candidato leve sua garrafinha de \u00e1gua para hidrata\u00e7\u00e3o. <\/p>\n<p> &quot;A prova objetiva ter\u00e1 car\u00e1ter eliminat\u00f3rio e classificat\u00f3rio, e ser\u00e1 composta por prova abrangendo as quatro \u00c1reas de Conhecimento da Base Comum e Parte Diversificada do Ensino M\u00e9dio, que ser\u00e3o avaliadas por meio de 40 quest\u00f5es de m\u00faltipla escolha. A reda\u00e7\u00e3o tamb\u00e9m ter\u00e1 car\u00e1ter eliminat\u00f3rio e classificat\u00f3rio&quot;, explicou a Prefeitura. <\/p>\n<p> A Faculdade Miguel \u00c2ngelo da Silva Santos \u00e9 uma institui\u00e7\u00e3o p\u00fablica do munic\u00edpio. <\/p>\n<p> &quot;Considerando o \u00edndice de desenvolvimento educacional do Munic\u00edpio e as intensas atividades do setor petrol\u00edfero da regi\u00e3o, a FeMASS visa oferecer forma\u00e7\u00e3o acad\u00eamica qualificada com o objetivo de contribuir para o aumento da empregabilidade de seus egressos&quot;, explica a institui\u00e7\u00e3o. <\/p>\n<ul>\n<li> <a href=\"https:\/\/g1.globo.com\/rj\/regiao-dos-lagos\/cidade\/macae\/\" class=\"entities__list-itemLink\" data-track-click=\"Maca\u00e9\"> Maca\u00e9 <\/a> <\/li>\n<\/ul>\n","protected":false},"excerpt":{"rendered":"<p>Estudantes de Maca\u00e9 fazem vestibular neste domingo para cursos de gradua\u00e7\u00e3o da FeMASS Processo Seletivo \u00e9 para vagas para Administra\u00e7\u00e3o, Engenharia de Produ\u00e7\u00e3o, Sistemas de Informa\u00e7\u00e3o e Licenciatura em Matem\u00e1tica. As aulas come\u00e7am no 1\u00ba e 2\u00b0 semestres de 2024. Por g1 &mdash; Maca\u00e9 24\/11\/2023 17h03 Atualizado 24\/11\/2023 1 de 1&#013;Vestibular da FeMASS ser\u00e1 neste [&hellip;]<\/p>\n","protected":false},"author":1,"featured_media":0,"comment_status":"closed","ping_status":"closed","sticky":false,"template":"","format":"standard","meta":{"footnotes":""},"categories":[],"tags":[],"class_list":["post-55003","post","type-post","status-publish","format-standard","hentry"],"_links":{"self":[{"href":"https:\/\/blog.corretoraideal.com.br\/index.php\/wp-json\/wp\/v2\/posts\/55003","targetHints":{"allow":["GET"]}}],"collection":[{"href":"https:\/\/blog.corretoraideal.com.br\/index.php\/wp-json\/wp\/v2\/posts"}],"about":[{"href":"https:\/\/blog.corretoraideal.com.br\/index.php\/wp-json\/wp\/v2\/types\/post"}],"author":[{"embeddable":true,"href":"https:\/\/blog.corretoraideal.com.br\/index.php\/wp-json\/wp\/v2\/users\/1"}],"replies":[{"embeddable":true,"href":"https:\/\/blog.corretoraideal.com.br\/index.php\/wp-json\/wp\/v2\/comments?post=55003"}],"version-history":[{"count":1,"href":"https:\/\/blog.corretoraideal.com.br\/index.php\/wp-json\/wp\/v2\/posts\/55003\/revisions"}],"predecessor-version":[{"id":55005,"href":"https:\/\/blog.corretoraideal.com.br\/index.php\/wp-json\/wp\/v2\/posts\/55003\/revisions\/55005"}],"wp:attachment":[{"href":"https:\/\/blog.corretoraideal.com.br\/index.php\/wp-json\/wp\/v2\/media?parent=55003"}],"wp:term":[{"taxonomy":"category","embeddable":true,"href":"https:\/\/blog.corretoraideal.com.br\/index.php\/wp-json\/wp\/v2\/categories?post=55003"},{"taxonomy":"post_tag","embeddable":true,"href":"https:\/\/blog.corretoraideal.com.br\/index.php\/wp-json\/wp\/v2\/tags?post=55003"}],"curies":[{"name":"wp","href":"https:\/\/api.w.org\/{rel}","templated":true}]}}