{"id":55006,"date":"2023-12-14T04:30:02","date_gmt":"2023-12-14T04:30:02","guid":{"rendered":"https:\/\/blog.corretoraideal.com.br\/?p=55006"},"modified":"2023-12-14T04:30:02","modified_gmt":"2023-12-14T04:30:02","slug":"comissao-aprova-ldo-2024-com-prazo-para-pagamento-de-emendas-obrigatorias-e-menor-obrigatoriedade-de-bloqueios-economia-g1","status":"publish","type":"post","link":"https:\/\/blog.corretoraideal.com.br\/index.php\/2023\/12\/14\/comissao-aprova-ldo-2024-com-prazo-para-pagamento-de-emendas-obrigatorias-e-menor-obrigatoriedade-de-bloqueios-economia-g1\/","title":{"rendered":"Comiss\u00e3o aprova LDO 2024 com prazo para pagamento de emendas obrigat\u00f3rias e menor obrigatoriedade de bloqueios | Economia | G1"},"content":{"rendered":"<br \/>\n<h1>Comiss\u00e3o aprova LDO 2024 com prazo para pagamento de emendas obrigat\u00f3rias e menor obrigatoriedade de bloqueios<\/h1>\n<h2>Lei de Diretrizes Or\u00e7ament\u00e1rias forma as bases gerais para o Or\u00e7amento de 2024, que ainda ser\u00e1 votado no Congresso. Pelo texto da LDO, governo fica mais amarrado ao parlamento no quesito emendas. <\/h2>\n<p> Por <a class=\"multi_signatures\" href=\"https:\/\/g1.globo.com\/autores\/elisa-clavery\/\">Elisa Clavery<\/a>, <a class=\"multi_signatures\" href=\"https:\/\/g1.globo.com\/autores\/ana-paula-castro\/\">Ana Paula Castro<\/a>, <a class=\"multi_signatures\" href=\"https:\/\/g1.globo.com\/autores\/luiz-felipe-barbieri\/\">Luiz Felipe Barbi\u00e9ri<\/a>, TV Globo e g1 &mdash; Bras\u00edlia <\/p>\n<p>  13\/12\/2023 20h53    Atualizado  13\/12\/2023    <\/p>\n<p> A Comiss\u00e3o Mista de Or\u00e7amento (CMO) do Congresso aprovou nesta quarta-feira (13) o projeto de Lei de Diretrizes Or\u00e7ament\u00e1rias (LDO) 2024. <\/p>\n<p> A LDO forma as bases gerais para o Or\u00e7amento de 2024, que ainda ser\u00e1 votado no Congresso. \u00c9 no Or\u00e7amento que os gastos e as metas ficam mais detalhados. <\/p>\n<p> O texto da LDO ainda precisa ser aprovado em sess\u00e3o do Congresso. <\/p>\n<p> O parecer aprovado na CMO prev\u00ea, entre outros pontos, um prazo espec\u00edfico para o governo pagar emendas parlamentares impositivas (ou seja, obrigat\u00f3rias). As emendas impositivas s\u00e3o as individuais (dirigidas a cada senador e deputado) e as de bancada (destinadas \u00e0s bancadas estaduais). <\/p>\n<p> Hoje n\u00e3o h\u00e1 prazo para o governo pag\u00e1-las. Por isso, o governo tem mais liberdade e opta por fazer a libera\u00e7\u00e3o \u00e0s v\u00e9speras de vota\u00e7\u00f5es importantes, como um meio de negocia\u00e7\u00e3o. <\/p>\n<p> Emendas parlamentares s\u00e3o verbas previstas no Or\u00e7amento que a Uni\u00e3o paga para deputados e senadores promoverem obras ou projetos em suas bases eleitorais. <\/p>\n<p> Com o passar dos anos, o pagamento das emendas foi se tornando cada vez mais r\u00edgido. O governo tem tido cada vez menos margem para manobrar e negociar com o parlamento. <\/p>\n<p> Al\u00e9m de estabelecer uma s\u00e9rie de prazos para indica\u00e7\u00e3o por parte dos parlamentares e de an\u00e1lise pelos minist\u00e9rios respons\u00e1veis, a LDO prev\u00ea que o empenho (reserva) dos recursos deve ser feito 30 dias ap\u00f3s a divulga\u00e7\u00e3o das propostas. <\/p>\n<p> Todo o pagamento deve ser feito ainda no primeiro semestre de 2024 no caso de transfer\u00eancias fundo a fundo &#8212; ou seja, da Uni\u00e3o para os entes federados &#8212; para as \u00e1reas de sa\u00fade e assist\u00eancia social. <\/p>\n<p>                   <img loading=\"lazy\" decoding=\"async\" class=\"aligncenter size-full wp-image-55008\" src=\"https:\/\/blog.corretoraideal.com.br\/wp-content\/uploads\/2023\/12\/relator-da-ldo-no-congresso-fala-apos-reuniao-com-ministros-governo-manteve-a-meta-fiscal-zero.jpeg\" alt=\"Relator da LDO no Congresso fala ap\u00f3s reuni\u00e3o com ministros: \u2018Governo manteve a meta fiscal zero\u2019\" width=\"800\" height=\"400\" \/>       <\/p>\n<p> Relator da LDO no Congresso fala ap\u00f3s reuni\u00e3o com ministros: \u2018Governo manteve a meta fiscal zero\u2019 <\/p>\n<p><h2>Recuo nas emendas de comiss\u00e3o<\/h2>\n<\/p>\n<p> O relator deputado Danilo Forte (Uni\u00e3o-CE), fez um recuou e retirou do texto o prazo para pagamento de outro tipo de emendas parlamentares: as de comiss\u00f5es tem\u00e1ticas do Congresso. Hoje, essas n\u00e3o s\u00e3o de pagamento obrigat\u00f3rio. <\/p>\n<p> A retirada faz parte de um acordo firmado em reuni\u00e3o de l\u00edderes na ter\u00e7a-feira (12), que decidiram por tirar as regras que, na pr\u00e1tica, levavam \u00e0 impositividade desses recursos. <\/p>\n<p> Contudo, Forte manteve pontos que ainda amarram o Poder Executivo em rela\u00e7\u00e3o \u00e0s emendas de comiss\u00e3o, como, por exemplo, estabelecer um limite para o bloqueio desses pagamentos. <\/p>\n<p> O governo s\u00f3 poder\u00e1 fazer bloqueios que respeitem a propor\u00e7\u00e3o dos bloqueios das despesas discricion\u00e1rias. As despesas discricion\u00e1rias s\u00e3o aquelas que o governo n\u00e3o \u00e9 obrigado a fazer. Ou seja, s\u00e3o despesas livres. <\/p>\n<p> Al\u00e9m disso, as emendas de comiss\u00e3o devem corresponder a, pelo menos, 0,9% da receita corrente l\u00edquida (RCL) de 2022 &#8212; sendo dois ter\u00e7os para a C\u00e2mara dos Deputados e um ter\u00e7o para o Senado. Isso representa R$ 11,3 bilh\u00f5es, um aumento dos recursos previstos nos \u00faltimos anos. <\/p>\n<p> Desde que o Supremo Tribunal Federal (STF) decretou o fim das emendas de relator, que ficaram conhecidas como Or\u00e7amento Secreto, os parlamentares turbinaram o montante das emendas de comiss\u00e3o. Em 2022, por exemplo, o valor autorizado para essas emendas foi de R$ 329,4 milh\u00f5es. Em 2023, chegou a R$ 6,9 bilh\u00f5es. <\/p>\n<p> A previs\u00e3o de valores para as emendas de bancada e individuais est\u00e1 em uma vota\u00e7\u00e3o posterior, a da Lei Or\u00e7ament\u00e1ria Anual (LOA). Somando com os recursos m\u00ednimos previstos para as emendas de comiss\u00e3o, esses valores chegam a R$ 48,9 bilh\u00f5es. <\/p>\n<p><h2>Meta de d\u00e9ficit zero<\/h2>\n<\/p>\n<p> O relator manteve no texto a meta de d\u00e9ficit fiscal zero para o ano que vem. <\/p>\n<p> Isso significa que o governo n\u00e3o poder\u00e1 gastar mais do que arrecada. Mas o pr\u00f3prio presidente Luiz In\u00e1cio Lula da Silva tem dado sinais de que a meta poder\u00e1 n\u00e3o ser cumprida. <\/p>\n<p> Lula j\u00e1 disse que &quot;dificilmente&quot; o governo conseguir\u00e1 atingir esse objetivo. Nesta ter\u00e7a (12), em discurso, o presidente defendeu que o pa\u00eds pode se endividar para garantir crescimento econ\u00f4mico. <\/p>\n<p> Essas falas de Lula n\u00e3o s\u00e3o bem-recebidas no mercado e em setores do Congresso. O ministro da Fazenda, Fernando Haddad, j\u00e1 manifestou que continua perseguindo a meta. <\/p>\n<p><h2>PAC fora da meta fiscal<\/h2>\n<\/p>\n<p> O relator tamb\u00e9m acatou uma sugest\u00e3o do governo para deixar de fora da meta fiscal das estatais federais n\u00e3o dependentes R$ 5 bilh\u00f5es em investimentos referentes ao novo Programa de Acelera\u00e7\u00e3o do Crescimento (PAC). <\/p>\n<p> <a class href=\"https:\/\/g1.globo.com\/jornal-nacional\/noticia\/2023\/08\/08\/governo-quer-deixar-de-fora-da-meta-fiscal-parte-dos-investimentos-do-novo-programa-de-aceleracao-do-crescimento.ghtml\">O Minist\u00e9rio do Planejamento j\u00e1 tinha sugerido essa mudan\u00e7a em agosto<\/a>, por meio de mensagem modificativa ao projeto da LDO, mas Forte n\u00e3o acatou em sua primeira vers\u00e3o do relat\u00f3rio <\/p>\n<p><h2>Sistema S <\/h2>\n<\/p>\n<p> Tamb\u00e9m a pedido do governo, o relator retirou a previs\u00e3o de que a arrecada\u00e7\u00f5es ao sistema S &#8211; conjunto de entidades como Sesc, Senai e Sesi &#8211; fossem arrecadadas, fiscalizadas e cobradas pela Receita Federal. A medida poderia retirar R$ 40 bilh\u00f5es da Uni\u00e3o e tamb\u00e9m desagradou empres\u00e1rios, que n\u00e3o queriam ficar sujeitos a contingenciamentos. <\/p>\n<p><h2>Fundo eleitoral<\/h2>\n<\/p>\n<p> O relator incluiu no parecer um teto de R$ 4,9 bilh\u00f5es para o Fundo Eleitoral, rubrica que ser\u00e1 utilizada pelos partidos para bancar gastos com as elei\u00e7\u00f5es municipais de 2024. <\/p>\n<p> O montante equivale ao valor autorizado para essas despesas em 2022, ano de refer\u00eancia. <\/p>\n<p> O governo enviou a proposta com previs\u00e3o de apenas R$ 900 milh\u00f5es, o que provocou cr\u00edticas dos parlamentares. <\/p>\n<p> No entanto, a quantia exata do \u201cfund\u00e3o\u201d ser\u00e1 definida pelos deputados e senadores durante a vota\u00e7\u00e3o no Or\u00e7amento. <\/p>\n<p> Forte n\u00e3o especificou de onde vir\u00e3o os recursos para abastecer o fundo. Ele chegou a propor que parte viesse do Programa de Acelera\u00e7\u00e3o do Crescimento (PAC), mas a ideia n\u00e3o prosperou. <\/p>\n<p><h2>Limite de contingenciamento<\/h2>\n<\/p>\n<p> A pedido do governo, o relator incluiu um dispositivo para evitar um corte de cerca de R$ 30 bilh\u00f5es em despesas no pr\u00f3ximo ano. Pela regra, o corte de gastos n\u00e3o poder\u00e1 ser feito nesta condi\u00e7\u00e3o: se impedir que a execu\u00e7\u00e3o de despesas do governo cres\u00e7a menos que 0,6% ao ano (j\u00e1 descontada a infla\u00e7\u00e3o). <\/p>\n<p> O patamar de 0,6% \u00e9 o m\u00ednimo previsto no arcabou\u00e7o fiscal (nova regra de controle das despesas p\u00fablicas). S\u00f3 que o arcabou\u00e7o n\u00e3o fala em m\u00ednimo de execu\u00e7\u00e3o da despesa, mas sim em previs\u00e3o or\u00e7ament\u00e1ria. Na pr\u00e1tica, o trecho inclu\u00eddo por Forte pode obrigar o gasto, avan\u00e7ando sobre o que prev\u00ea o arcabou\u00e7o. <\/p>\n<p> O dispositivo tamb\u00e9m limita o bloqueio de despesas do pr\u00f3ximo ano a R$ 23 bilh\u00f5es, valor \u00e9 muito menor do que o montante calculado considerando as regras do novo marco fiscal &#8211; que poderia chegar a R$ 56,5 bilh\u00f5es. <\/p>\n<p> Em nota divulgada nesta segunda-feira (12), a Consultoria de Or\u00e7amento e Fiscaliza\u00e7\u00e3o Financeira (Conof) da C\u00e2mara afirma que o dispositivo \u201creduz de forma sens\u00edvel a possibilidade de contingenciamento em 2024\u201d e que \u201ctem implica\u00e7\u00f5es na gest\u00e3o fiscal, na medida em que impede maior esfor\u00e7o fiscal, mesmo que venha a se mostrar necess\u00e1rio na eventualidade de frustra\u00e7\u00e3o de receita e\/ou aumento de despesas obrigat\u00f3rias\u201d. <\/p>\n<p> Com a menor obrigatoriedade de fazer bloqueios,<a class href=\"https:\/\/g1.globo.com\/politica\/noticia\/2023\/12\/08\/relatorio-da-ldo-contorna-marco-fiscal-e-pode-evitar-corte-de-r-30-bilhoes-em-2024-segundo-tecnicos.ghtml\"> fica mais dif\u00edcil para o governo <\/a>atingir a meta zero de d\u00e9ficit fiscal &#8212; ou seja, um equil\u00edbrio nas contas p\u00fablicas, sem resultado negativo nem positivo. <\/p>\n<p><h2>Uso do Fundeb<\/h2>\n<\/p>\n<p> O relator incluiu um dispositivo para permitir que os recursos da Uni\u00e3o para o Fundo de Manuten\u00e7\u00e3o e Desenvolvimento da Educa\u00e7\u00e3o B\u00e1sica (Fundeb) possam ser usados para pagar despesas de transporte, alimenta\u00e7\u00e3o e uniforme escolar. <\/p>\n<p> Hoje, a legisla\u00e7\u00e3o j\u00e1 prev\u00ea que o fundo pode ser usado para despesas de manuten\u00e7\u00e3o e desenvolvimento do ensino, sendo parte dela garantida para remunera\u00e7\u00e3o de profissionais da educa\u00e7\u00e3o. H\u00e1 previs\u00e3o, por exemplo, de gastos para aquisi\u00e7\u00e3o de material did\u00e1tico-escolar e transporte escolar, mas a lei n\u00e3o fala explicitamente em merenda e uniforme escolar. <\/p>\n<p> Boulos pediu a retirada do dispositivo e disse que isso vai retirar investimentos da educa\u00e7\u00e3o, que j\u00e1 s\u00e3o escassos. <\/p>\n<p> &quot;A educa\u00e7\u00e3o p\u00fablica j\u00e1 \u00e9 um problema grave no Brasil. Se voc\u00ea inclui ainda uniforme,e outros gastos permitidos por esse artigo, voc\u00ea vai comprimir ainda mais os investimentos em educa\u00e7\u00e3o\u201d, disse. <\/p>\n<p> Daniel Cara, professor da Faculdade de Educa\u00e7\u00e3o da USP e dirigente da Campanha Nacional pelo Direito \u00e0 Educa\u00e7\u00e3o, tamb\u00e9m critica a medida. <\/p>\n<p> &quot;[A medida] tira recursos da educa\u00e7\u00e3o&quot;, disse. &quot;Foi uma briga no Fundeb porque os parlamentares queriam essas despesas na complementa\u00e7\u00e3o da Uni\u00e3o, mas n\u00e3o permitiram. Isso est\u00e1 errado.&quot; <\/p>\n<p> Danilo Forte argumentou que a inclus\u00e3o foi articulada com o ministro da Educa\u00e7\u00e3o, Camilo Santana, e com a Comiss\u00e3o de Educa\u00e7\u00e3o. <\/p>\n<p> \u201cSe a gente quer manter um transporte escolar de qualidade, se a gente quer manter que os estudantes pobres possam ter um fardamento escolar digno e possa garantir uma merenda de qualidade, n\u00e3o tem porque n\u00e3o usar esse recurso\u201d, completou. <\/p>\n<ul> <\/ul>\n","protected":false},"excerpt":{"rendered":"<p>Comiss\u00e3o aprova LDO 2024 com prazo para pagamento de emendas obrigat\u00f3rias e menor obrigatoriedade de bloqueios Lei de Diretrizes Or\u00e7ament\u00e1rias forma as bases gerais para o Or\u00e7amento de 2024, que ainda ser\u00e1 votado no Congresso. Pelo texto da LDO, governo fica mais amarrado ao parlamento no quesito emendas. Por Elisa Clavery, Ana Paula Castro, Luiz [&hellip;]<\/p>\n","protected":false},"author":1,"featured_media":0,"comment_status":"closed","ping_status":"closed","sticky":false,"template":"","format":"standard","meta":{"footnotes":""},"categories":[],"tags":[],"class_list":["post-55006","post","type-post","status-publish","format-standard","hentry"],"_links":{"self":[{"href":"https:\/\/blog.corretoraideal.com.br\/index.php\/wp-json\/wp\/v2\/posts\/55006","targetHints":{"allow":["GET"]}}],"collection":[{"href":"https:\/\/blog.corretoraideal.com.br\/index.php\/wp-json\/wp\/v2\/posts"}],"about":[{"href":"https:\/\/blog.corretoraideal.com.br\/index.php\/wp-json\/wp\/v2\/types\/post"}],"author":[{"embeddable":true,"href":"https:\/\/blog.corretoraideal.com.br\/index.php\/wp-json\/wp\/v2\/users\/1"}],"replies":[{"embeddable":true,"href":"https:\/\/blog.corretoraideal.com.br\/index.php\/wp-json\/wp\/v2\/comments?post=55006"}],"version-history":[{"count":1,"href":"https:\/\/blog.corretoraideal.com.br\/index.php\/wp-json\/wp\/v2\/posts\/55006\/revisions"}],"predecessor-version":[{"id":55009,"href":"https:\/\/blog.corretoraideal.com.br\/index.php\/wp-json\/wp\/v2\/posts\/55006\/revisions\/55009"}],"wp:attachment":[{"href":"https:\/\/blog.corretoraideal.com.br\/index.php\/wp-json\/wp\/v2\/media?parent=55006"}],"wp:term":[{"taxonomy":"category","embeddable":true,"href":"https:\/\/blog.corretoraideal.com.br\/index.php\/wp-json\/wp\/v2\/categories?post=55006"},{"taxonomy":"post_tag","embeddable":true,"href":"https:\/\/blog.corretoraideal.com.br\/index.php\/wp-json\/wp\/v2\/tags?post=55006"}],"curies":[{"name":"wp","href":"https:\/\/api.w.org\/{rel}","templated":true}]}}