{"id":55013,"date":"2023-12-14T07:29:37","date_gmt":"2023-12-14T07:29:37","guid":{"rendered":"https:\/\/blog.corretoraideal.com.br\/?p=55013"},"modified":"2023-12-14T07:29:37","modified_gmt":"2023-12-14T07:29:37","slug":"sem-pegadinhas-procon-rj-monitora-precos-na-black-friday-regiao-serrana-g1","status":"publish","type":"post","link":"https:\/\/blog.corretoraideal.com.br\/index.php\/2023\/12\/14\/sem-pegadinhas-procon-rj-monitora-precos-na-black-friday-regiao-serrana-g1\/","title":{"rendered":"Sem pegadinhas: Procon-RJ monitora pre\u00e7os na Black Friday | Regi\u00e3o Serrana | G1"},"content":{"rendered":"<br \/>\n<h1>Sem pegadinhas: Procon-RJ monitora pre\u00e7os na Black Friday<\/h1>\n<h2>\u00d3rg\u00e3o tamb\u00e9m est\u00e1 em vigil\u00e2ncia nas redes sociais, com o objetivo de tirar do ar sites falsos feitos por golpistas.<\/h2>\n<p> Por g1 &mdash; Regi\u00e3o Serrana <\/p>\n<p>  24\/11\/2023 16h45    Atualizado  24\/11\/2023    <\/p>\n<p> O Procon-RJ realizou, nas \u00faltimas semanas, um monitoramento de pre\u00e7os dos produtos mais buscados por consumidores na Black Friday, que acontece nesta sexta-feira (24) em todo o pa\u00eds. <\/p>\n<p> O \u00f3rg\u00e3o analisou ofertas de itens como TVs, smartphones, geladeiras, fritadeiras el\u00e9tricas e outros itens eletroeletr\u00f4nicos em oito grandes varejistas e encontrou desde descontos de at\u00e9 45% at\u00e9 aumentos de quase o dobro do valor original. <\/p>\n<p> Segundo o Procon-RJ, o objetivo da a\u00e7\u00e3o \u00e9 observar a varia\u00e7\u00e3o nos valores, como identificar poss\u00edveis &quot;maquiagens&quot; de pre\u00e7os \u2014 quando h\u00e1 um aumento antes da Black Friday e, no dia, o pre\u00e7o volta ao original, dando ao consumidor a falsa impress\u00e3o que o desconto foi realmente aplicado. <\/p>\n<p> &quot;A Black Friday exige aten\u00e7\u00e3o especial do consumidor. O monitoramento dos pre\u00e7os vai garantir a compra segura pelos clientes. A ideia \u00e9 ajudar os consumidores a identificarem quais promo\u00e7\u00f5es s\u00e3o, de fato, vantajosas na Black Friday e evitarem fraudes&quot;, explica o presidente do Procon-RJ, C\u00e1ssio Coelho. <\/p>\n<p> Os consumidores podem consultar o monitoramento nos pre\u00e7os feita pelo Procon-RJ numa <a class href=\"https:\/\/docs.google.com\/file\/d\/1fTROwiyLIj1RQ8wZowsKDrS4Ks5vwmH9\/edit?filetype=msexcel\" target=\"_blank\" rel=\"noopener noreferrer\">planilha disponibilizada online pelo \u00f3rg\u00e3o<\/a>. No documento, \u00e9 poss\u00edvel buscar o produto por tipo, marca ou c\u00f3digo em cada uma das lojas. <\/p>\n<p> Durante a Black Friday, o Procon-RJ realiza um monitoramento na internet, principalmente em redes sociais, com o objetivo de derrubar sites falsos que oferecem promo\u00e7\u00f5es como se fossem de grandes varejistas. A autarquia recomenda que o consumidor n\u00e3o saia clicando em qualquer link que receber via e-mail ou whatsapp. <\/p>\n<p> &quot;Pesquise antes de comprar, veja se o link leva a um site seguro, evite os links de e-mails e entre no site da loja diretamente\u201d, concluiu C\u00e1ssio Coelho. <\/p>\n<ul> <\/ul>\n","protected":false},"excerpt":{"rendered":"<p>Sem pegadinhas: Procon-RJ monitora pre\u00e7os na Black Friday \u00d3rg\u00e3o tamb\u00e9m est\u00e1 em vigil\u00e2ncia nas redes sociais, com o objetivo de tirar do ar sites falsos feitos por golpistas. Por g1 &mdash; Regi\u00e3o Serrana 24\/11\/2023 16h45 Atualizado 24\/11\/2023 O Procon-RJ realizou, nas \u00faltimas semanas, um monitoramento de pre\u00e7os dos produtos mais buscados por consumidores na Black [&hellip;]<\/p>\n","protected":false},"author":1,"featured_media":0,"comment_status":"closed","ping_status":"closed","sticky":false,"template":"","format":"standard","meta":{"footnotes":""},"categories":[],"tags":[],"class_list":["post-55013","post","type-post","status-publish","format-standard","hentry"],"_links":{"self":[{"href":"https:\/\/blog.corretoraideal.com.br\/index.php\/wp-json\/wp\/v2\/posts\/55013","targetHints":{"allow":["GET"]}}],"collection":[{"href":"https:\/\/blog.corretoraideal.com.br\/index.php\/wp-json\/wp\/v2\/posts"}],"about":[{"href":"https:\/\/blog.corretoraideal.com.br\/index.php\/wp-json\/wp\/v2\/types\/post"}],"author":[{"embeddable":true,"href":"https:\/\/blog.corretoraideal.com.br\/index.php\/wp-json\/wp\/v2\/users\/1"}],"replies":[{"embeddable":true,"href":"https:\/\/blog.corretoraideal.com.br\/index.php\/wp-json\/wp\/v2\/comments?post=55013"}],"version-history":[{"count":1,"href":"https:\/\/blog.corretoraideal.com.br\/index.php\/wp-json\/wp\/v2\/posts\/55013\/revisions"}],"predecessor-version":[{"id":55015,"href":"https:\/\/blog.corretoraideal.com.br\/index.php\/wp-json\/wp\/v2\/posts\/55013\/revisions\/55015"}],"wp:attachment":[{"href":"https:\/\/blog.corretoraideal.com.br\/index.php\/wp-json\/wp\/v2\/media?parent=55013"}],"wp:term":[{"taxonomy":"category","embeddable":true,"href":"https:\/\/blog.corretoraideal.com.br\/index.php\/wp-json\/wp\/v2\/categories?post=55013"},{"taxonomy":"post_tag","embeddable":true,"href":"https:\/\/blog.corretoraideal.com.br\/index.php\/wp-json\/wp\/v2\/tags?post=55013"}],"curies":[{"name":"wp","href":"https:\/\/api.w.org\/{rel}","templated":true}]}}