{"id":55016,"date":"2023-12-14T09:29:35","date_gmt":"2023-12-14T09:29:35","guid":{"rendered":"https:\/\/blog.corretoraideal.com.br\/?p=55016"},"modified":"2023-12-14T09:29:35","modified_gmt":"2023-12-14T09:29:35","slug":"de-onde-vem-o-que-eu-como-69-pastel-e-caldo-de-cana-de-onde-vem-o-que-eu-como-g1","status":"publish","type":"post","link":"https:\/\/blog.corretoraideal.com.br\/index.php\/2023\/12\/14\/de-onde-vem-o-que-eu-como-69-pastel-e-caldo-de-cana-de-onde-vem-o-que-eu-como-g1\/","title":{"rendered":"De onde vem o que eu como #69: Pastel e caldo de cana | De onde vem o que eu como | G1"},"content":{"rendered":"<br \/>\n<h1>De onde vem o que eu como #69: Pastel e caldo de cana<\/h1>\n<h2>Epis\u00f3dio explica qual \u00e9 a origem do pastel, do caldo de cana e da combina\u00e7\u00e3o dos dois nas feiras livres. Descubra se essa mistura faz bem para a sa\u00fade. <\/h2>\n<p> Por g1 <\/p>\n<p>  14\/12\/2023 05h40    Atualizado  14\/12\/2023    <\/p>\n<p> <strong>CLIQUE ACIMA PARA OUVIR<\/strong> <\/p>\n<p> <strong>Voc\u00ea pode ouvir o &quot;<\/strong><a class href=\"https:\/\/g1.globo.com\/podcast\/de-onde-vem-o-que-eu-como\/\"><strong>De onde vem o que eu como<\/strong><\/a><strong>&quot; no <\/strong><a class href=\"https:\/\/globoplay.globo.com\/podcasts\/de-onde-vem-o-que-eu-como\/c1c124d3-469d-4637-b292-69c79c1ada24\/\"><strong>Globoplay<\/strong><\/a><strong>, no <\/strong><a class href=\"https:\/\/open.spotify.com\/show\/6IIS3TVrqJVcOCsuzVwM6i\" target=\"_blank\" rel=\"noopener noreferrer\"><strong>Spotify<\/strong><\/a><strong>, no <\/strong><a class href=\"https:\/\/castbox.fm\/channel\/De-onde-vem-o-que-eu-como-id5031821?country=br\" target=\"_blank\" rel=\"noopener noreferrer\"><strong>Castbox<\/strong><\/a><strong>, no <\/strong><a class href=\"https:\/\/podcasts.google.com\/feed\/aHR0cHM6Ly93d3cub21ueWNvbnRlbnQuY29tL2QvcGxheWxpc3QvNjUxYTI1MWUtMDZlMS00N2UwLTkzMzYtYWM1YTAwZjQxNjI4LzY2ODM3M2RhLTc5ZWItNDlkYi05MmM0LWFlZTgwMGYyYmYyNC8xOGQwZmJiOS03MmVmLTRiNmQtYjc2NS1hZWU4MDBmMmMxNzkvcG9kY2FzdC5yc3M?sa=X&amp;ved=0CAcQrrcFahcKEwiYt_6P48H5AhUAAAAAHQAAAAAQAg\" target=\"_blank\" rel=\"noopener noreferrer\"><strong>Google Podcasts<\/strong><\/a><strong>, no <\/strong><a class href=\"https:\/\/podcasts.apple.com\/us\/podcast\/de-onde-vem-o-que-eu-como\/id1638772710\" target=\"_blank\" rel=\"noopener noreferrer\"><strong>Apple Podcasts<\/strong><\/a><strong>, na <\/strong><a class href=\"https:\/\/www.deezer.com\/br\/show\/4494077?utm_campaign=whatsapp-message&amp;utm_source=user_sharing&amp;utm_medium=mobile&amp;utm_content=talk_show-4494077&amp;deferredFl=1\" target=\"_blank\" rel=\"noopener noreferrer\"><strong>Deezer<\/strong><\/a><strong> ou na sua plataforma de \u00e1udio preferida. Assine ou siga o \u201cDe onde vem\u201d para ser avisado sempre que tiver novo epis\u00f3dio. <\/strong> <\/p>\n<p> Pastel com caldo de cana&#8230; uma combina\u00e7\u00e3o bem brasileira, comum nas feiras&#8230; e que surgiu com a ajuda de imigrantes (sem spoilers)! <\/p>\n<p> Neste epis\u00f3dio do podcast <a class href=\"https:\/\/g1.globo.com\/podcast\/de-onde-vem-o-que-eu-como\/\">De onde vem o que eu como<\/a>, voc\u00ea vai saber: <\/p>\n<ul>\n<li>A origem do pastel e do caldo de cana; <\/li>\n<li>Como surgiu a combina\u00e7\u00e3o dos dois nas feiras livres; <\/li>\n<li>Qual \u00e9 o valor nutricional dos dois alimentos. <\/li>\n<\/ul>\n<p> O podcast <a class href=\"https:\/\/g1.globo.com\/podcast\/de-onde-vem-o-que-eu-como\/\">De onde vem o que eu como<\/a> \u00e9 produzido por: M\u00f4nica Mariotti, Luciana de Oliveira, Carol Lorencetti e Eto Osclighter.  <\/p>\n<p> Apresenta\u00e7\u00e3o deste epis\u00f3dio: Luciana de Oliveira e Carol Lorencetti.  <\/p>\n<ul>\n<li><strong>Receitas com massa de pastel:<\/strong> <a class href=\"https:\/\/receitas.globo.com\/blog\/cardapios\/receitas-com-massa-de-pastel-veja-11-sugestoes-salgadas-e-doces.ghtml\">veja 12 sugest\u00f5es salgadas e doces<\/a><\/li>\n<li><strong>DE ONDE VEM: <\/strong><a class href=\"https:\/\/g1.globo.com\/economia\/agronegocios\/agro-a-industria-riqueza-do-brasil\/noticia\/2021\/12\/02\/de-onde-vem-o-que-eu-como-descubra-a-origem-da-dupla-pastel-e-caldo-de-cana-no-brasil.ghtml\">descubra a origem da dupla pastel e caldo de cana no Brasil<\/a><\/li>\n<\/ul>\n<p>         1 de 2&#013;Pastel e caldo de cana \u2014 Foto: Marcelometal on VisualHunt    <\/p>\n<p> Pastel e caldo de cana \u2014 Foto: Marcelometal on VisualHunt <\/p>\n<p> <strong>?OU\u00c7A OUTROS EPIS\u00d3DIOS:<\/strong> <\/p>\n<p> <strong>?ASSISTA:<\/strong> <\/p>\n<p>                   <img loading=\"lazy\" decoding=\"async\" class=\"aligncenter size-full wp-image-55018\" src=\"https:\/\/blog.corretoraideal.com.br\/wp-content\/uploads\/2023\/12\/trigo-espera-ate-um-ano-e-passa-por-mais-de-30-processos-antes-de-virar-pao.jpeg\" alt=\"Trigo espera at\u00e9 um ano e passa por mais de 30 processos antes de virar p\u00e3o\" width=\"800\" height=\"400\" \/>       <\/p>\n<p> Trigo espera at\u00e9 um ano e passa por mais de 30 processos antes de virar p\u00e3o <\/p>\n<p>                    <img loading=\"lazy\" decoding=\"async\" class=\"aligncenter size-full wp-image-55019\" src=\"https:\/\/blog.corretoraideal.com.br\/wp-content\/uploads\/2023\/12\/cachaca-tem-cabeca-coracao-e-cauda-saiba-qual-parte-pode-ser-consumida.jpeg\" alt=\"Cacha\u00e7a tem cabe\u00e7a, cora\u00e7\u00e3o e cauda; saiba qual parte pode ser consumida\" width=\"800\" height=\"400\" \/>       <\/p>\n<p> Cacha\u00e7a tem cabe\u00e7a, cora\u00e7\u00e3o e cauda; saiba qual parte pode ser consumida <\/p>\n<p>          2 de 2&#013;Pastel e caldo de cana s\u00e3o o tema do 69\u00ba epis\u00f3dio do podcast &#039;De onde vem o que eu como&#039;. \u2014 Foto: Comunica\u00e7\u00e3o\/Globo    <\/p>\n<p> Pastel e caldo de cana s\u00e3o o tema do 69\u00ba epis\u00f3dio do podcast &#039;De onde vem o que eu como&#039;. \u2014 Foto: Comunica\u00e7\u00e3o\/Globo <\/p>\n<ul> <\/ul>\n","protected":false},"excerpt":{"rendered":"<p>De onde vem o que eu como #69: Pastel e caldo de cana Epis\u00f3dio explica qual \u00e9 a origem do pastel, do caldo de cana e da combina\u00e7\u00e3o dos dois nas feiras livres. Descubra se essa mistura faz bem para a sa\u00fade. Por g1 14\/12\/2023 05h40 Atualizado 14\/12\/2023 CLIQUE ACIMA PARA OUVIR Voc\u00ea pode ouvir [&hellip;]<\/p>\n","protected":false},"author":1,"featured_media":0,"comment_status":"closed","ping_status":"closed","sticky":false,"template":"","format":"standard","meta":{"footnotes":""},"categories":[],"tags":[],"class_list":["post-55016","post","type-post","status-publish","format-standard","hentry"],"_links":{"self":[{"href":"https:\/\/blog.corretoraideal.com.br\/index.php\/wp-json\/wp\/v2\/posts\/55016","targetHints":{"allow":["GET"]}}],"collection":[{"href":"https:\/\/blog.corretoraideal.com.br\/index.php\/wp-json\/wp\/v2\/posts"}],"about":[{"href":"https:\/\/blog.corretoraideal.com.br\/index.php\/wp-json\/wp\/v2\/types\/post"}],"author":[{"embeddable":true,"href":"https:\/\/blog.corretoraideal.com.br\/index.php\/wp-json\/wp\/v2\/users\/1"}],"replies":[{"embeddable":true,"href":"https:\/\/blog.corretoraideal.com.br\/index.php\/wp-json\/wp\/v2\/comments?post=55016"}],"version-history":[{"count":1,"href":"https:\/\/blog.corretoraideal.com.br\/index.php\/wp-json\/wp\/v2\/posts\/55016\/revisions"}],"predecessor-version":[{"id":55020,"href":"https:\/\/blog.corretoraideal.com.br\/index.php\/wp-json\/wp\/v2\/posts\/55016\/revisions\/55020"}],"wp:attachment":[{"href":"https:\/\/blog.corretoraideal.com.br\/index.php\/wp-json\/wp\/v2\/media?parent=55016"}],"wp:term":[{"taxonomy":"category","embeddable":true,"href":"https:\/\/blog.corretoraideal.com.br\/index.php\/wp-json\/wp\/v2\/categories?post=55016"},{"taxonomy":"post_tag","embeddable":true,"href":"https:\/\/blog.corretoraideal.com.br\/index.php\/wp-json\/wp\/v2\/tags?post=55016"}],"curies":[{"name":"wp","href":"https:\/\/api.w.org\/{rel}","templated":true}]}}