{"id":55026,"date":"2023-12-14T12:29:41","date_gmt":"2023-12-14T12:29:41","guid":{"rendered":"https:\/\/blog.corretoraideal.com.br\/?p=55026"},"modified":"2023-12-14T12:29:41","modified_gmt":"2023-12-14T12:29:41","slug":"prefeitura-de-macae-comeca-confirmacao-de-cadastro-para-moeda-social-macaiba-norte-fluminense-g1","status":"publish","type":"post","link":"https:\/\/blog.corretoraideal.com.br\/index.php\/2023\/12\/14\/prefeitura-de-macae-comeca-confirmacao-de-cadastro-para-moeda-social-macaiba-norte-fluminense-g1\/","title":{"rendered":"Prefeitura de Maca\u00e9 come\u00e7a confirma\u00e7\u00e3o de cadastro para Moeda Social Maca\u00edba | Norte Fluminense | G1"},"content":{"rendered":"<br \/>\n<h1>Prefeitura de Maca\u00e9 come\u00e7a confirma\u00e7\u00e3o de cadastro para Moeda Social Maca\u00edba<\/h1>\n<h2>Benefici\u00e1rios da moeda t\u00eam at\u00e9 o dia 08 de dezembro para confirmar os dados e o benef\u00edcio.<\/h2>\n<p> Por g1 &mdash; Maca\u00e9 <\/p>\n<p>  23\/11\/2023 18h00    Atualizado  23\/11\/2023    <\/p>\n<p>                      1 de 2&#013;Cadastro Moeda Social Maca\u00edba \u2014 Foto: Foto: Bruno Campos\/Prefeitura de Maca\u00e9    <\/p>\n<p> Cadastro Moeda Social Maca\u00edba \u2014 Foto: Foto: Bruno Campos\/Prefeitura de Maca\u00e9 <\/p>\n<p> A Prefeitura de <a class href=\"https:\/\/g1.globo.com\/rj\/regiao-dos-lagos\/cidade\/macae\/\">Maca\u00e9<\/a>, no Norte Fluminense, come\u00e7ou, nesta quarta-feira (22), a confirma\u00e7\u00e3o dos benefici\u00e1rios da Moeda Social Maca\u00edba. Os atendimentos ocorrem das 9h \u00e0s 16h no Teatro do Col\u00e9gio Estadual Matias Neto, que fica na Rua Conde de Araruama, n\u00ba 439, no Centro. <\/p>\n<p> A coordena\u00e7\u00e3o refor\u00e7a que n\u00e3o h\u00e1 necessidade de esperar na fila antes do hor\u00e1rio de atendimento, j\u00e1 que o prazo segue at\u00e9 o dia 8 de dezembro. <\/p>\n<p> Para realizar o procedimento \u00e9 necess\u00e1rio checar anteriormente se o nome consta na listagem de contemplados, o que pode ser feito pelo site: <a class href=\"http:\/\/macae.rj.gov.br\/macaiba\" target=\"_blank\" rel=\"noopener noreferrer\">macae.rj.gov.br\/macaiba<\/a>. <\/p>\n<p> Caso tenha direito, basta comparecer ao local com original e xerox de documento oficial com foto (ex.: carteira de identidade, carteira de trabalho ou carteira de habilita\u00e7\u00e3o) e original e xerox do CPF. <\/p>\n<p>         2 de 2&#013;Cadastro Moeda Social Maca\u00edba \u2014 Foto: Foto: Bruno Reis\/ Prefeitura Municipal de Maca\u00e9    <\/p>\n<p> Cadastro Moeda Social Maca\u00edba \u2014 Foto: Foto: Bruno Reis\/ Prefeitura Municipal de Maca\u00e9 <\/p>\n<p> A equipe da organiza\u00e7\u00e3o refor\u00e7a que s\u00e3o 60 profissionais realizando o atendimento e que todos os que t\u00eam direito e comparecerem no prazo ter\u00e3o o benef\u00edcio concedido. <\/p>\n<p> &quot;Estamos com um fluxo bom de atendimento e registramos um grande n\u00famero de pessoas pela manh\u00e3, j\u00e1 que muitas chegaram antes do in\u00edcio do funcionamento, o que acarretou no ac\u00famulo da demanda. No entanto, n\u00e3o h\u00e1 essa necessidade, j\u00e1 que teremos mais de 10 dias para essa confirma\u00e7\u00e3o e todos ser\u00e3o devidamente atendidos&quot;, esclareceu Saraiva J\u00fanior, informando da import\u00e2ncia de levar, al\u00e9m dos originais, as xerox dos documentos, para tornar mais r\u00e1pida a confirma\u00e7\u00e3o. <\/p>\n<p> A<a class href=\"https:\/\/g1.globo.com\/rj\/norte-fluminense\/noticia\/2023\/11\/15\/moeda-social-macaiba-prefeitura-de-macae-divulga-lista-de-possiveis-beneficiarios-e-da-prazo-para-confirmacao-dos-dados.ghtml\"> Moeda Social Maca\u00edba foi lan\u00e7ada este ano<\/a> pela Prefeitura de Maca\u00e9 e integra o Programa Municipal de Combate \u00e0 Pobreza e \u00e0s Desigualdades. T\u00eam direito as pessoas classificadas em situa\u00e7\u00e3o de pobreza e extrema pobreza, de acordo com informa\u00e7\u00f5es do Cad\u00danico. <\/p>\n<p><h2>Seu nome n\u00e3o est\u00e1 na lista?<\/h2>\n<\/p>\n<p> Caso o nome n\u00e3o esteja lista, o benefici\u00e1rio do Cad\u00danico tamb\u00e9m poder\u00e1 comparecer no per\u00edodo de confirma\u00e7\u00e3o de dados, entre 22 de novembro e 8 de dezembro, no Teatro do Col\u00e9gio Estadual Matias Neto, com a documenta\u00e7\u00e3o necess\u00e1ria. <\/p>\n<ul>\n<li> <a href=\"https:\/\/g1.globo.com\/rj\/regiao-dos-lagos\/cidade\/macae\/\" class=\"entities__list-itemLink\" data-track-click=\"Maca\u00e9\"> Maca\u00e9 <\/a> <\/li>\n<\/ul>\n","protected":false},"excerpt":{"rendered":"<p>Prefeitura de Maca\u00e9 come\u00e7a confirma\u00e7\u00e3o de cadastro para Moeda Social Maca\u00edba Benefici\u00e1rios da moeda t\u00eam at\u00e9 o dia 08 de dezembro para confirmar os dados e o benef\u00edcio. Por g1 &mdash; Maca\u00e9 23\/11\/2023 18h00 Atualizado 23\/11\/2023 1 de 2&#013;Cadastro Moeda Social Maca\u00edba \u2014 Foto: Foto: Bruno Campos\/Prefeitura de Maca\u00e9 Cadastro Moeda Social Maca\u00edba \u2014 Foto: [&hellip;]<\/p>\n","protected":false},"author":1,"featured_media":0,"comment_status":"closed","ping_status":"closed","sticky":false,"template":"","format":"standard","meta":{"footnotes":""},"categories":[],"tags":[],"class_list":["post-55026","post","type-post","status-publish","format-standard","hentry"],"_links":{"self":[{"href":"https:\/\/blog.corretoraideal.com.br\/index.php\/wp-json\/wp\/v2\/posts\/55026","targetHints":{"allow":["GET"]}}],"collection":[{"href":"https:\/\/blog.corretoraideal.com.br\/index.php\/wp-json\/wp\/v2\/posts"}],"about":[{"href":"https:\/\/blog.corretoraideal.com.br\/index.php\/wp-json\/wp\/v2\/types\/post"}],"author":[{"embeddable":true,"href":"https:\/\/blog.corretoraideal.com.br\/index.php\/wp-json\/wp\/v2\/users\/1"}],"replies":[{"embeddable":true,"href":"https:\/\/blog.corretoraideal.com.br\/index.php\/wp-json\/wp\/v2\/comments?post=55026"}],"version-history":[{"count":1,"href":"https:\/\/blog.corretoraideal.com.br\/index.php\/wp-json\/wp\/v2\/posts\/55026\/revisions"}],"predecessor-version":[{"id":55028,"href":"https:\/\/blog.corretoraideal.com.br\/index.php\/wp-json\/wp\/v2\/posts\/55026\/revisions\/55028"}],"wp:attachment":[{"href":"https:\/\/blog.corretoraideal.com.br\/index.php\/wp-json\/wp\/v2\/media?parent=55026"}],"wp:term":[{"taxonomy":"category","embeddable":true,"href":"https:\/\/blog.corretoraideal.com.br\/index.php\/wp-json\/wp\/v2\/categories?post=55026"},{"taxonomy":"post_tag","embeddable":true,"href":"https:\/\/blog.corretoraideal.com.br\/index.php\/wp-json\/wp\/v2\/tags?post=55026"}],"curies":[{"name":"wp","href":"https:\/\/api.w.org\/{rel}","templated":true}]}}