{"id":55038,"date":"2023-12-14T14:29:36","date_gmt":"2023-12-14T14:29:36","guid":{"rendered":"https:\/\/blog.corretoraideal.com.br\/?p=55038"},"modified":"2023-12-14T14:29:36","modified_gmt":"2023-12-14T14:29:36","slug":"itausa-vende-participacao-remanescente-na-xp-por-r-17-bilhao-negocios-g1","status":"publish","type":"post","link":"https:\/\/blog.corretoraideal.com.br\/index.php\/2023\/12\/14\/itausa-vende-participacao-remanescente-na-xp-por-r-17-bilhao-negocios-g1\/","title":{"rendered":"Ita\u00fasa vende participa\u00e7\u00e3o remanescente na XP por R$ 1,7 bilh\u00e3o | Neg\u00f3cios | G1"},"content":{"rendered":"<br \/>\n<h1>Ita\u00fasa vende participa\u00e7\u00e3o remanescente na XP por R$ 1,7 bilh\u00e3o<\/h1>\n<h2>Venda faz parte da decis\u00e3o de desinvestir na XP \u201cpor n\u00e3o se tratar de um ativo estrat\u00e9gico para a Ita\u00fasa\u201d, segundo comunicado enviado hoje ao mercado. <\/h2>\n<p>       <a href=\"http:\/\/www.valor.com.br\/\" target=\"_blank\" rel=\"noopener noreferrer\">    <\/a>   <\/p>\n<p> Por Valor Online <\/p>\n<p>  14\/12\/2023 10h48    Atualizado  14\/12\/2023    <\/p>\n<p>                         1 de 1&#013;Tom Brady participou da Expert XP de 2023 e deixou uma bola autografada \u2014 Foto: XP\/ Divulga\u00e7\u00e3o    <\/p>\n<p> Tom Brady participou da Expert XP de 2023 e deixou uma bola autografada \u2014 Foto: XP\/ Divulga\u00e7\u00e3o <\/p>\n<p> A <a class href=\"https:\/\/valor.globo.com\/empresas\/valor-empresas-360\/itausa\/\">Ita\u00fasa<\/a> vendeu a participa\u00e7\u00e3o remanescente que tinha na XP. A companhia informou que concluiu a venda de R$ 1,7 bilh\u00e3o em pap\u00e9is da XP nos meses de novembro e dezembro. <\/p>\n<p> Parte do dinheiro obtido com a opera\u00e7\u00e3o foi utilizada para o resgate antecipado de deb\u00eantures da 1\u00aa s\u00e9rie da 5\u00aa emiss\u00e3o e parte ser\u00e1 direcionada ao refor\u00e7o de caixa e \u00e0 amplia\u00e7\u00e3o do n\u00edvel de liquidez. <\/p>\n<p> Em agosto, Alfredo Setubal, presidente da companhia, disse em evento voltado a investidores que o desinvestimento seria feito <a class href=\"https:\/\/valor.globo.com\/financas\/noticia\/2023\/08\/16\/itausa-planeja-adiantar-pagamento-de-dividas-para-reduzir-alavancagem.ghtml\">\u201csem pressa\u201d<\/a>, mas que o processo poderia chegar ao fim ainda em 2023, dependendo das condi\u00e7\u00f5es de mercado. <\/p>\n<p> \u201cSe o mercado tiver condi\u00e7\u00f5es de absorver esse saldo, vamos executar. Se n\u00e3o, fica para o ano que vem\u201d, afirmou o executivo. <\/p>\n<p> A venda faz parte da decis\u00e3o de desinvestir na XP \u201cpor n\u00e3o se tratar de um ativo estrat\u00e9gico para a <a class href=\"https:\/\/valor.globo.com\/empresas\/valor-empresas-360\/itausa\/\">Ita\u00fasa<\/a>\u201d, segundo comunicado enviado hoje ao mercado. <\/p>\n<p> A <a class href=\"https:\/\/valor.globo.com\/empresas\/valor-empresas-360\/itausa\/\">Ita\u00fasa<\/a> diz ainda que n\u00e3o espera impactos relevantes nos resultados do quarto trimestre de 2023, j\u00e1 que o investimento na XP estava contabilizado como ativo financeiro mensurado a valor justo desde o terceiro trimestre. <\/p>\n<ul> <\/ul>\n","protected":false},"excerpt":{"rendered":"<p>Ita\u00fasa vende participa\u00e7\u00e3o remanescente na XP por R$ 1,7 bilh\u00e3o Venda faz parte da decis\u00e3o de desinvestir na XP \u201cpor n\u00e3o se tratar de um ativo estrat\u00e9gico para a Ita\u00fasa\u201d, segundo comunicado enviado hoje ao mercado. Por Valor Online 14\/12\/2023 10h48 Atualizado 14\/12\/2023 1 de 1&#013;Tom Brady participou da Expert XP de 2023 e deixou [&hellip;]<\/p>\n","protected":false},"author":1,"featured_media":0,"comment_status":"closed","ping_status":"closed","sticky":false,"template":"","format":"standard","meta":{"footnotes":""},"categories":[],"tags":[],"class_list":["post-55038","post","type-post","status-publish","format-standard","hentry"],"_links":{"self":[{"href":"https:\/\/blog.corretoraideal.com.br\/index.php\/wp-json\/wp\/v2\/posts\/55038","targetHints":{"allow":["GET"]}}],"collection":[{"href":"https:\/\/blog.corretoraideal.com.br\/index.php\/wp-json\/wp\/v2\/posts"}],"about":[{"href":"https:\/\/blog.corretoraideal.com.br\/index.php\/wp-json\/wp\/v2\/types\/post"}],"author":[{"embeddable":true,"href":"https:\/\/blog.corretoraideal.com.br\/index.php\/wp-json\/wp\/v2\/users\/1"}],"replies":[{"embeddable":true,"href":"https:\/\/blog.corretoraideal.com.br\/index.php\/wp-json\/wp\/v2\/comments?post=55038"}],"version-history":[{"count":1,"href":"https:\/\/blog.corretoraideal.com.br\/index.php\/wp-json\/wp\/v2\/posts\/55038\/revisions"}],"predecessor-version":[{"id":55040,"href":"https:\/\/blog.corretoraideal.com.br\/index.php\/wp-json\/wp\/v2\/posts\/55038\/revisions\/55040"}],"wp:attachment":[{"href":"https:\/\/blog.corretoraideal.com.br\/index.php\/wp-json\/wp\/v2\/media?parent=55038"}],"wp:term":[{"taxonomy":"category","embeddable":true,"href":"https:\/\/blog.corretoraideal.com.br\/index.php\/wp-json\/wp\/v2\/categories?post=55038"},{"taxonomy":"post_tag","embeddable":true,"href":"https:\/\/blog.corretoraideal.com.br\/index.php\/wp-json\/wp\/v2\/tags?post=55038"}],"curies":[{"name":"wp","href":"https:\/\/api.w.org\/{rel}","templated":true}]}}