{"id":55053,"date":"2023-12-14T22:29:57","date_gmt":"2023-12-14T22:29:57","guid":{"rendered":"https:\/\/blog.corretoraideal.com.br\/?p=55053"},"modified":"2023-12-14T22:29:57","modified_gmt":"2023-12-14T22:29:57","slug":"campanha-natal-solidario-arrecada-brinquedos-em-diversos-pontos-de-macae-ate-esta-sexta-norte-fluminense-g1","status":"publish","type":"post","link":"https:\/\/blog.corretoraideal.com.br\/index.php\/2023\/12\/14\/campanha-natal-solidario-arrecada-brinquedos-em-diversos-pontos-de-macae-ate-esta-sexta-norte-fluminense-g1\/","title":{"rendered":"Campanha &#039;Natal Solid\u00e1rio&#039; arrecada brinquedos em diversos pontos de Maca\u00e9 at\u00e9 esta sexta | Norte Fluminense | G1"},"content":{"rendered":"<br \/>\n<h1>Campanha &#039;Natal Solid\u00e1rio&#039; arrecada brinquedos em diversos pontos de Maca\u00e9 at\u00e9 esta sexta<\/h1>\n<h2>Os sorteios ser\u00e3o no s\u00e1bado (16), no Parque de Exposi\u00e7\u00f5es Latiff Mussi, das 14h \u00e0s 19h.<\/h2>\n<p> Por g1 &mdash; Maca\u00e9  <\/p>\n<p>  14\/12\/2023 17h00    Atualizado  14\/12\/2023    <\/p>\n<p>                      1 de 2&#013;Campanha &#039;Natal Solid\u00e1rio&#039; de Maca\u00e9 arrecada brinquedos para doa\u00e7\u00f5es \u2014 Foto: Mois\u00e9s Bruno\/ Prefeitura de Maca\u00e9    <\/p>\n<p> Campanha &#039;Natal Solid\u00e1rio&#039; de Maca\u00e9 arrecada brinquedos para doa\u00e7\u00f5es \u2014 Foto: Mois\u00e9s Bruno\/ Prefeitura de Maca\u00e9 <\/p>\n<p> A arrecada\u00e7\u00e3o dos brinquedos para a campanha &quot;Natal Solid\u00e1rio&quot; de <a class href=\"https:\/\/g1.globo.com\/rj\/regiao-dos-lagos\/cidade\/macae\/\">Maca\u00e9<\/a>, no Norte Fluminense, segue at\u00e9 a pr\u00f3xima sexta-feira (15) em nove pontos de doa\u00e7\u00e3o espalhados pela a cidade. <\/p>\n<p> <strong>Os pontos de arrecada\u00e7\u00e3o s\u00e3o: <\/strong> <\/p>\n<li>Sede da Prefeitura de Maca\u00e9<\/li>\n<li>Centro Administrativo Luiz Os\u00f3rio (Cealo)<\/li>\n<li>Cidade Universit\u00e1ria <\/li>\n<li>Instituto Nossa Senhora da Gl\u00f3ria (Castelo)<\/li>\n<li>Igreja Santo Ant\u00f4nio<\/li>\n<li>Shopping Plaza Maca\u00e9<\/li>\n<li>Empresa Remax Ess\u00eancia (Ao lado da igreja Nossa Senhora da Gl\u00f3ria)<\/li>\n<li>Associa\u00e7\u00e3o de Moradores de C\u00f3rrego do Ouro (Regi\u00e3o Serrana)<\/li>\n<li>Academia da Associa\u00e7\u00e3o de Moradores de Glic\u00e9rio (Regi\u00e3o Serrana)<\/li>\n<p> Mais detalhes sobre a doa\u00e7\u00e3o podem ser acessados pelas redes sociais do projeto Pr\u00f3-bem. <\/p>\n<p> Na quarta-feira (13), houve a entrega de brinquedos pelos servidores da Secretaria de Esportes e dos \u00f3rg\u00e3os p\u00fablicos municipais que funcionam na sede da Prefeitura e no Centro Administrativo Luiz Os\u00f3rio (Cealo). <\/p>\n<p>         2 de 2&#013;Servidores de Maca\u00e9 est\u00e3o arrecadando brinquedos para a campanha &#039;Natal Solid\u00e1rio&#039; \u2014 Foto: Mois\u00e9s Bruno\/ Prefeitura de Maca\u00e9    <\/p>\n<p> Servidores de Maca\u00e9 est\u00e3o arrecadando brinquedos para a campanha &#039;Natal Solid\u00e1rio&#039; \u2014 Foto: Mois\u00e9s Bruno\/ Prefeitura de Maca\u00e9 <\/p>\n<p><h2>Sorteio dos brinquedos<\/h2>\n<\/p>\n<p> Os brinquedos doados para a campanha ser\u00e3o sorteados no pr\u00f3ximo s\u00e1bado (16), no Parque de Exposi\u00e7\u00f5es Latiff Mussi, das 14h \u00e0s 19h. <\/p>\n<p> A\u00e9m da entrega, a programa\u00e7\u00e3o contar\u00e1 com a chegada do Papai Noel, show da Galinha Pintadinha, recrea\u00e7\u00e3o, brinquedos infl\u00e1veis e apresenta\u00e7\u00f5es dos personagens do Picnic do Glaubinho. <\/p>\n<p> Ainda neste s\u00e1bado as fam\u00edlias tamb\u00e9m poder\u00e3o participar de atividades como a a\u00e7\u00e3o educativa da equipe de odontologia da coordenadoria de Odontopediatria e Sa\u00fade Coletiva da Secretaria de Sa\u00fade, al\u00e9m de a\u00e7\u00f5es de educa\u00e7\u00e3o no tr\u00e2nsito da Secretaria de Mobilidade Urbana e receber orienta\u00e7\u00f5es de emerg\u00eancia, como manobra de engasgo com a Defesa Civil. <\/p>\n<p> &quot;O Natal \u00e9 tempo de reflex\u00e3o e de generosidade. Com certeza esta doa\u00e7\u00e3o far\u00e1 a diferen\u00e7a no Natal para muitas crian\u00e7as do nosso munic\u00edpio. Esta \u00e9 a terceira edi\u00e7\u00e3o da campanha que s\u00f3 leva o bem. Agrade\u00e7o a cada um que doou, voc\u00eas est\u00e3o levando alegria a muitas crian\u00e7as neste natal&quot;, ressalta a primeira dama e coordenadora do Pr\u00f3-bem, Quelen Rezende <\/p>\n<p> Representando o secretariado, o procurador Geral do Munic\u00edpio, Fabiano Paschoal, destacou o car\u00e1ter social da iniciativa. <\/p>\n<p> &quot;\u00c9 um momento \u00fanico, \u00edmpar. Essa campanha tem impacto e empatia. Todos est\u00e3o imbu\u00eddos do esp\u00edrito natalino&quot;, ressaltou. <\/p>\n<p> Al\u00e9m dos \u00f3rg\u00e3os p\u00fablicos, o Pro-b\u00e9m recebeu doa\u00e7\u00f5es da empresa Cart\u00e3o de Todos. <\/p>\n<ul>\n<li> <a href=\"https:\/\/g1.globo.com\/rj\/regiao-dos-lagos\/cidade\/macae\/\" class=\"entities__list-itemLink\" data-track-click=\"Maca\u00e9\"> Maca\u00e9 <\/a> <\/li>\n<\/ul>\n","protected":false},"excerpt":{"rendered":"<p>Campanha &#039;Natal Solid\u00e1rio&#039; arrecada brinquedos em diversos pontos de Maca\u00e9 at\u00e9 esta sexta Os sorteios ser\u00e3o no s\u00e1bado (16), no Parque de Exposi\u00e7\u00f5es Latiff Mussi, das 14h \u00e0s 19h. Por g1 &mdash; Maca\u00e9 14\/12\/2023 17h00 Atualizado 14\/12\/2023 1 de 2&#013;Campanha &#039;Natal Solid\u00e1rio&#039; de Maca\u00e9 arrecada brinquedos para doa\u00e7\u00f5es \u2014 Foto: Mois\u00e9s Bruno\/ Prefeitura de Maca\u00e9 [&hellip;]<\/p>\n","protected":false},"author":1,"featured_media":0,"comment_status":"closed","ping_status":"closed","sticky":false,"template":"","format":"standard","meta":{"footnotes":""},"categories":[],"tags":[],"class_list":["post-55053","post","type-post","status-publish","format-standard","hentry"],"_links":{"self":[{"href":"https:\/\/blog.corretoraideal.com.br\/index.php\/wp-json\/wp\/v2\/posts\/55053","targetHints":{"allow":["GET"]}}],"collection":[{"href":"https:\/\/blog.corretoraideal.com.br\/index.php\/wp-json\/wp\/v2\/posts"}],"about":[{"href":"https:\/\/blog.corretoraideal.com.br\/index.php\/wp-json\/wp\/v2\/types\/post"}],"author":[{"embeddable":true,"href":"https:\/\/blog.corretoraideal.com.br\/index.php\/wp-json\/wp\/v2\/users\/1"}],"replies":[{"embeddable":true,"href":"https:\/\/blog.corretoraideal.com.br\/index.php\/wp-json\/wp\/v2\/comments?post=55053"}],"version-history":[{"count":1,"href":"https:\/\/blog.corretoraideal.com.br\/index.php\/wp-json\/wp\/v2\/posts\/55053\/revisions"}],"predecessor-version":[{"id":55055,"href":"https:\/\/blog.corretoraideal.com.br\/index.php\/wp-json\/wp\/v2\/posts\/55053\/revisions\/55055"}],"wp:attachment":[{"href":"https:\/\/blog.corretoraideal.com.br\/index.php\/wp-json\/wp\/v2\/media?parent=55053"}],"wp:term":[{"taxonomy":"category","embeddable":true,"href":"https:\/\/blog.corretoraideal.com.br\/index.php\/wp-json\/wp\/v2\/categories?post=55053"},{"taxonomy":"post_tag","embeddable":true,"href":"https:\/\/blog.corretoraideal.com.br\/index.php\/wp-json\/wp\/v2\/tags?post=55053"}],"curies":[{"name":"wp","href":"https:\/\/api.w.org\/{rel}","templated":true}]}}