{"id":55064,"date":"2023-12-15T05:29:59","date_gmt":"2023-12-15T05:29:59","guid":{"rendered":"https:\/\/blog.corretoraideal.com.br\/?p=55064"},"modified":"2023-12-15T05:29:59","modified_gmt":"2023-12-15T05:29:59","slug":"posse-de-gonet-no-comando-da-pgr-sera-na-manha-da-segunda-feira-18-blog-ana-flor-g1","status":"publish","type":"post","link":"https:\/\/blog.corretoraideal.com.br\/index.php\/2023\/12\/15\/posse-de-gonet-no-comando-da-pgr-sera-na-manha-da-segunda-feira-18-blog-ana-flor-g1\/","title":{"rendered":"Posse de Gonet no comando da PGR ser\u00e1 na manh\u00e3 da segunda-feira (18) | Blog Ana Flor | G1"},"content":{"rendered":"\n<p> Por Ana Flor <\/p>\n<p> Jornalista e comentarista da GloboNews.<\/p>\n<h1>Posse de Gonet no comando da PGR ser\u00e1 na manh\u00e3 da segunda-feira (18)<\/h1>\n<\/p>\n<p>  14\/12\/2023 18h19    Atualizado  14\/12\/2023    <\/p>\n<p> A posse de Paulo Gonet como novo procurador-geral da Rep\u00fablica ser\u00e1 na segunda-feira (18), \u00e0s 10h. <\/p>\n<p> O evento ser\u00e1 na sede de procuradoria-geral da Rep\u00fablica (PGR). <\/p>\n<p> Escolhido pelo presidente Luiz In\u00e1cio Lula da Silva para o cargo, Gonet teve o nome aprovado pelo Senado nesta quarta (13). <\/p>\n<p> No comando do Minist\u00e9rio P\u00fablico, o procurador-geral da Rep\u00fablica tem atua\u00e7\u00e3o fundamental no sistema de Justi\u00e7a brasileiro \u2014 nas \u00e1reas constitucional, penal e c\u00edvel, por exemplo. <\/p>\n<p> Entre as atividades do PGR, est\u00e1 a de questionar a validade de leis diante da Constitui\u00e7\u00e3o \u2014 participando de a\u00e7\u00f5es apresentadas ao Supremo ou at\u00e9 mesmo propondo pedidos de invalida\u00e7\u00e3o de normas. <\/p>\n<p> A gest\u00e3o dos processos criminais e das investiga\u00e7\u00f5es sobre os atos de 8 de janeiro ser\u00e1 uma das primeiras tarefas do novo procurador. <\/p>\n<p> Os atos antidemocr\u00e1ticos, que resultaram na invas\u00e3o e depreda\u00e7\u00e3o das sedes dos Tr\u00eas Poderes, s\u00e3o alvo de apura\u00e7\u00f5es que ocorrem no \u00e2mbito do Supremo <\/p>\n<p> Estar\u00e1 tamb\u00e9m nas m\u00e3os do novo comando da PGR as apura\u00e7\u00f5es sobre a participa\u00e7\u00e3o de pol\u00edticos e autoridades nas a\u00e7\u00f5es antidemocr\u00e1ticas &#8211; entre elas, o ex-presidente Jair Bolsonaro. <\/p>\n<p> H\u00e1, ainda, outros casos em andamento na Suprema Corte que envolvem o ex-presidente, sobre as quais a c\u00fapula da institui\u00e7\u00e3o deve se posicionar. <\/p>\n<ul> <\/ul>\n","protected":false},"excerpt":{"rendered":"<p>Por Ana Flor Jornalista e comentarista da GloboNews. Posse de Gonet no comando da PGR ser\u00e1 na manh\u00e3 da segunda-feira (18) 14\/12\/2023 18h19 Atualizado 14\/12\/2023 A posse de Paulo Gonet como novo procurador-geral da Rep\u00fablica ser\u00e1 na segunda-feira (18), \u00e0s 10h. O evento ser\u00e1 na sede de procuradoria-geral da Rep\u00fablica (PGR). Escolhido pelo presidente Luiz [&hellip;]<\/p>\n","protected":false},"author":1,"featured_media":0,"comment_status":"closed","ping_status":"closed","sticky":false,"template":"","format":"standard","meta":{"footnotes":""},"categories":[],"tags":[],"class_list":["post-55064","post","type-post","status-publish","format-standard","hentry"],"_links":{"self":[{"href":"https:\/\/blog.corretoraideal.com.br\/index.php\/wp-json\/wp\/v2\/posts\/55064","targetHints":{"allow":["GET"]}}],"collection":[{"href":"https:\/\/blog.corretoraideal.com.br\/index.php\/wp-json\/wp\/v2\/posts"}],"about":[{"href":"https:\/\/blog.corretoraideal.com.br\/index.php\/wp-json\/wp\/v2\/types\/post"}],"author":[{"embeddable":true,"href":"https:\/\/blog.corretoraideal.com.br\/index.php\/wp-json\/wp\/v2\/users\/1"}],"replies":[{"embeddable":true,"href":"https:\/\/blog.corretoraideal.com.br\/index.php\/wp-json\/wp\/v2\/comments?post=55064"}],"version-history":[{"count":1,"href":"https:\/\/blog.corretoraideal.com.br\/index.php\/wp-json\/wp\/v2\/posts\/55064\/revisions"}],"predecessor-version":[{"id":55066,"href":"https:\/\/blog.corretoraideal.com.br\/index.php\/wp-json\/wp\/v2\/posts\/55064\/revisions\/55066"}],"wp:attachment":[{"href":"https:\/\/blog.corretoraideal.com.br\/index.php\/wp-json\/wp\/v2\/media?parent=55064"}],"wp:term":[{"taxonomy":"category","embeddable":true,"href":"https:\/\/blog.corretoraideal.com.br\/index.php\/wp-json\/wp\/v2\/categories?post=55064"},{"taxonomy":"post_tag","embeddable":true,"href":"https:\/\/blog.corretoraideal.com.br\/index.php\/wp-json\/wp\/v2\/tags?post=55064"}],"curies":[{"name":"wp","href":"https:\/\/api.w.org\/{rel}","templated":true}]}}