{"id":55072,"date":"2023-12-15T08:30:03","date_gmt":"2023-12-15T08:30:03","guid":{"rendered":"https:\/\/blog.corretoraideal.com.br\/?p=55072"},"modified":"2023-12-15T08:30:03","modified_gmt":"2023-12-15T08:30:03","slug":"itaocara-tem-plano-de-acao-da-politica-nacional-aldir-blanc-aprovado-e-esta-apta-a-receber-recursos-federais-norte-fluminense-g1","status":"publish","type":"post","link":"https:\/\/blog.corretoraideal.com.br\/index.php\/2023\/12\/15\/itaocara-tem-plano-de-acao-da-politica-nacional-aldir-blanc-aprovado-e-esta-apta-a-receber-recursos-federais-norte-fluminense-g1\/","title":{"rendered":"Itaocara tem plano de a\u00e7\u00e3o da Pol\u00edtica Nacional Aldir Blanc aprovado e est\u00e1 apta a receber recursos federais | Norte Fluminense | G1"},"content":{"rendered":"<br \/>\n<h1>Itaocara tem plano de a\u00e7\u00e3o da Pol\u00edtica Nacional Aldir Blanc aprovado e est\u00e1 apta a receber recursos federais<\/h1>\n<h2>Com aprova\u00e7\u00e3o junto ao Minist\u00e9rio da Cultura, munic\u00edpio garante recursos para investimento na \u00e1rea da cultura pelos pr\u00f3ximos quatro anos.<\/h2>\n<p> Por g1 &mdash; Norte Fluminense <\/p>\n<p>  14\/12\/2023 16h11    Atualizado  14\/12\/2023    <\/p>\n<p> <a class href=\"https:\/\/g1.globo.com\/rj\/regiao-serrana\/cidade\/itaocara\/\">Itaocara<\/a>, no Noroeste Fluminense, est\u00e1 entre os munic\u00edpios brasileiros que aderiram \u00e0 Pol\u00edtica Nacional Aldir Blanc de Fomento \u00e0 Cultura (PNAB) e divulgou nesta quinta-feira a aprova\u00e7\u00e3o do plano de a\u00e7\u00e3o enviado pelo munic\u00edpio, que agora garante o recebimento de recursos pelos pr\u00f3ximos quatro anos. <\/p>\n<p> O prazo para o envio dos planos de a\u00e7\u00e3o pelos estados, Distrito Federal e munic\u00edpios terminou na \u00faltima segunda-feira (11). Por meio da PNAB, at\u00e9 2027, R$ 15 bilh\u00f5es ser\u00e3o destinados \u00e0 cultura pelo governo federal. <\/p>\n<p> As inscri\u00e7\u00f5es para o envio do plano pelos governos estavam abertas desde o dia 31 de outubro, ap\u00f3s an\u00fancio da ministra da Cultura, Margareth Menezes. Na \u00faltima ter\u00e7a-feira, o Minist\u00e9rio da Cultura divulgou que houve 100% de ades\u00e3o por parte dos estados, e 97% por parte dos munic\u00edpios. <\/p>\n<p> &quot;A Gest\u00e3o A\u00e7\u00e3o e Transforma\u00e7\u00e3o e a Secretaria Municipal de Turismo e Cultura, celebra este avan\u00e7o, visando criar um ambiente prop\u00edcio para o crescimento das manifesta\u00e7\u00f5es art\u00edsticas locais&quot;, disse a Prefeitura de Itaocara, que tamb\u00e9m deixou mensagem em suas redes para os profissionais da cultura que atuam na cidade. <\/p>\n<p> &quot;Convidamos a comunidade a acompanhar as pr\u00f3ximas etapas e eventos decorrentes da implementa\u00e7\u00e3o deste plano, contribuindo para a constru\u00e7\u00e3o de um cen\u00e1rio cultural vibrante e inclusivo. A Prefeitura expressa gratid\u00e3o a todos que colaboraram para alcan\u00e7ar este progresso e reafirma seu compromisso cont\u00ednuo com o desenvolvimento cultural&quot;. <\/p>\n<p><h2>A Pol\u00edtica<\/h2>\n<\/p>\n<p> A Pol\u00edtica Nacional Aldir Blanc de Fomento \u00e0 Cultura (PNAB) foi institu\u00edda pela Lei 14.399\/2022 para fomentar a cultura no Brasil. O Decreto 11.740\/2023 regulamenta a PNAB e estabelece as diretrizes para sua execu\u00e7\u00e3o pelos entes federativos. <\/p>\n<p> Segundo o decreto, cabe \u00e0 Uni\u00e3o repasses financeiros aos estados, ao Distrito Federal e aos munic\u00edpios, sendo R$ 3 bilh\u00f5es anuais. <\/p>\n<p> &quot;A execu\u00e7\u00e3o dos recursos da PNAB \u00e9 voltada para manuten\u00e7\u00e3o, forma\u00e7\u00e3o, desenvolvimento t\u00e9cnico e estrutural de agentes, espa\u00e7os, iniciativas, cursos, oficinas, interven\u00e7\u00f5es, performances e produ\u00e7\u00f5es; desenvolvimento de atividades de economia criativa e economia solid\u00e1ria; produ\u00e7\u00f5es audiovisuais; manifesta\u00e7\u00f5es culturais; realiza\u00e7\u00e3o de a\u00e7\u00f5es, projetos, programas e atividades art\u00edsticas, do patrim\u00f4nio cultural e de mem\u00f3ria. Tamb\u00e9m \u00e9 prevista verba voltada a subs\u00eddios a espa\u00e7os culturais. Os entes federativos poder\u00e3o conceder subs\u00eddios mensais a espa\u00e7os art\u00edsticos e a ambientes culturais&quot;, divulgou o governo federal. <\/p>\n<ul>\n<li> <a href=\"https:\/\/g1.globo.com\/rj\/regiao-serrana\/cidade\/itaocara\/\" class=\"entities__list-itemLink\" data-track-click=\"Itaocara\"> Itaocara <\/a> <\/li>\n<\/ul>\n","protected":false},"excerpt":{"rendered":"<p>Itaocara tem plano de a\u00e7\u00e3o da Pol\u00edtica Nacional Aldir Blanc aprovado e est\u00e1 apta a receber recursos federais Com aprova\u00e7\u00e3o junto ao Minist\u00e9rio da Cultura, munic\u00edpio garante recursos para investimento na \u00e1rea da cultura pelos pr\u00f3ximos quatro anos. Por g1 &mdash; Norte Fluminense 14\/12\/2023 16h11 Atualizado 14\/12\/2023 Itaocara, no Noroeste Fluminense, est\u00e1 entre os munic\u00edpios [&hellip;]<\/p>\n","protected":false},"author":1,"featured_media":0,"comment_status":"closed","ping_status":"closed","sticky":false,"template":"","format":"standard","meta":{"footnotes":""},"categories":[],"tags":[],"class_list":["post-55072","post","type-post","status-publish","format-standard","hentry"],"_links":{"self":[{"href":"https:\/\/blog.corretoraideal.com.br\/index.php\/wp-json\/wp\/v2\/posts\/55072","targetHints":{"allow":["GET"]}}],"collection":[{"href":"https:\/\/blog.corretoraideal.com.br\/index.php\/wp-json\/wp\/v2\/posts"}],"about":[{"href":"https:\/\/blog.corretoraideal.com.br\/index.php\/wp-json\/wp\/v2\/types\/post"}],"author":[{"embeddable":true,"href":"https:\/\/blog.corretoraideal.com.br\/index.php\/wp-json\/wp\/v2\/users\/1"}],"replies":[{"embeddable":true,"href":"https:\/\/blog.corretoraideal.com.br\/index.php\/wp-json\/wp\/v2\/comments?post=55072"}],"version-history":[{"count":1,"href":"https:\/\/blog.corretoraideal.com.br\/index.php\/wp-json\/wp\/v2\/posts\/55072\/revisions"}],"predecessor-version":[{"id":55074,"href":"https:\/\/blog.corretoraideal.com.br\/index.php\/wp-json\/wp\/v2\/posts\/55072\/revisions\/55074"}],"wp:attachment":[{"href":"https:\/\/blog.corretoraideal.com.br\/index.php\/wp-json\/wp\/v2\/media?parent=55072"}],"wp:term":[{"taxonomy":"category","embeddable":true,"href":"https:\/\/blog.corretoraideal.com.br\/index.php\/wp-json\/wp\/v2\/categories?post=55072"},{"taxonomy":"post_tag","embeddable":true,"href":"https:\/\/blog.corretoraideal.com.br\/index.php\/wp-json\/wp\/v2\/tags?post=55072"}],"curies":[{"name":"wp","href":"https:\/\/api.w.org\/{rel}","templated":true}]}}