{"id":55090,"date":"2023-12-15T13:29:57","date_gmt":"2023-12-15T13:29:57","guid":{"rendered":"https:\/\/blog.corretoraideal.com.br\/?p=55090"},"modified":"2023-12-15T13:29:57","modified_gmt":"2023-12-15T13:29:57","slug":"campanha-pe-na-faixa-pe-no-freio-comeca-nas-principais-vias-de-itaperuna-no-rj-norte-fluminense-g1","status":"publish","type":"post","link":"https:\/\/blog.corretoraideal.com.br\/index.php\/2023\/12\/15\/campanha-pe-na-faixa-pe-no-freio-comeca-nas-principais-vias-de-itaperuna-no-rj-norte-fluminense-g1\/","title":{"rendered":"Campanha &#039;P\u00e9 na Faixa, P\u00e9 no Freio&#039; come\u00e7a nas principais vias de Itaperuna, no RJ | Norte Fluminense | G1"},"content":{"rendered":"<br \/>\n<h1>Campanha &#039;P\u00e9 na Faixa, P\u00e9 no Freio&#039; come\u00e7a nas principais vias de Itaperuna, no RJ<\/h1>\n<h2>Objetivo \u00e9 reduzir os \u00edndices de acidentes. Campanha segue at\u00e9 dezembro com panfletagem, reforma e pintura de novas faixas de pedestres.<\/h2>\n<p> Por g1 &mdash; Itaperuna <\/p>\n<p>  23\/11\/2023 17h17    Atualizado  23\/11\/2023    <\/p>\n<p>                      1 de 4&#013;Motociclistas receberam orienta\u00e7\u00f5es durante a campanha &#039;P\u00e9 na Faixa, P\u00e9 no Freio&#039;, em Itaperuna, at\u00e9 o final de dezembro \u2014 Foto: Prefeitura de Itaperuna\/Divulga\u00e7\u00e3o    <\/p>\n<p> Motociclistas receberam orienta\u00e7\u00f5es durante a campanha &#039;P\u00e9 na Faixa, P\u00e9 no Freio&#039;, em Itaperuna, at\u00e9 o final de dezembro \u2014 Foto: Prefeitura de Itaperuna\/Divulga\u00e7\u00e3o <\/p>\n<p> A campanha &quot;P\u00e9 na Faixa, P\u00e9 no Freio&quot; come\u00e7ou nesta quarta-feira (22) e segue at\u00e9 o final de dezembro nas principais vias de <a class href=\"https:\/\/g1.globo.com\/rj\/norte-fluminense\/cidade\/itaperuna\/\">Itaperuna<\/a>. <\/p>\n<p> No primeiro dia de campanha, realizada pelo Departamento Municipal de Tr\u00e2nsito (Demut), da Prefeitura, houve panfletagem nas principais ruas do Centro, como Major Porf\u00edrio Henriques, Buarque de Nazareth, Av. Cardoso Moreira, entre outras. <\/p>\n<p>         2 de 4&#013;Equipes do Departamento Municipal de Tr\u00e2nsito (Demut), em Itaperuna, percorreram as principais ruas do Centro da cidade nesta quarta (22) \u2014 Foto: Prefeitura de Itaperuna\/Divulga\u00e7\u00e3o    <\/p>\n<p> Equipes do Departamento Municipal de Tr\u00e2nsito (Demut), em Itaperuna, percorreram as principais ruas do Centro da cidade nesta quarta (22) \u2014 Foto: Prefeitura de Itaperuna\/Divulga\u00e7\u00e3o <\/p>\n<p> A Av. Cardoso Moreira tamb\u00e9m recebeu a instala\u00e7\u00e3o de 70 faixas com orienta\u00e7\u00e3o ao tr\u00e2nsito seguro. O trabalho tamb\u00e9m vai ocorrer em ruas principais dos de outros bairros da cidade. <\/p>\n<p> A campanha tamb\u00e9m ocorre pelas redes sociais da Prefeitura. <\/p>\n<p>         3 de 4&#013;Pedestres tamb\u00e9m s\u00e3o orientados na campanha &#039;P\u00e9 na Faixa, P\u00e9 no Freio&#039;, em Itaperuna \u2014 Foto: Prefeitura de Itaperuna\/g1    <\/p>\n<p> Pedestres tamb\u00e9m s\u00e3o orientados na campanha &#039;P\u00e9 na Faixa, P\u00e9 no Freio&#039;, em Itaperuna \u2014 Foto: Prefeitura de Itaperuna\/g1 <\/p>\n<p><h2>Novas faixas de pedestres<\/h2>\n<\/p>\n<p>         4 de 4&#013;Faixas da campanha &#039;P\u00e9 na Faixa, P\u00e9 no Freio&#039; est\u00e3o sendo espalhadas por Itaperuna \u2014 Foto: Prefeitura de Itaperuna\/Divulga\u00e7\u00e3o    <\/p>\n<p> Faixas da campanha &#039;P\u00e9 na Faixa, P\u00e9 no Freio&#039; est\u00e3o sendo espalhadas por Itaperuna \u2014 Foto: Prefeitura de Itaperuna\/Divulga\u00e7\u00e3o <\/p>\n<p> Ao longo da campanha ainda faixas de pedestres que est\u00e3o apagadas ser\u00e3o reformadas e outras dez novas faixas de pedestres ser\u00e3o pintadas em pontos onde o fluxo de ve\u00edculo \u00e9 maior e ainda n\u00e3o possuem a op\u00e7\u00e3o da sinaliza\u00e7\u00e3o para a travessia. <\/p>\n<p> O objetivo da campanha \u00e9 reduzir os \u00edndices de acidentes, o que j\u00e1 vem ocorrendo, segundo levantamento da Prefeitura com o Corpo de Bombeiros, nas principais vias que cortam o trecho urbano da BR-356, onde o fluxo de ve\u00edculos, principalmente os pesados, s\u00e3o maiores. <\/p>\n<p> Em 2020, ocorreram foram 124 acidentes. EM 2022, 88. A Prefeitura tamb\u00e9m divulgou dados de acidentes na Avenida Cardoso Moreira, no Centro; Zulamith Bittencourt, na Cidade Nova; Cel. Jos\u00e9 Cardoso, no Aeroporto; e Deputado Carlos Pinto Filho, na Cidade Nova. Nessas regi\u00f5es, em 2019, ocorreram 156 acidentes, e, em 2023, 88, entre janeiro e setembro. <\/p>\n<p> De acordo com o diretor do Demut, Davi Cunha, a campanha segue at\u00e9 o final de dezembro deste ano, mas afirma que os trabalhos de educa\u00e7\u00e3o e orienta\u00e7\u00e3o continuar\u00e3o com mais a\u00e7\u00f5es pontuadas. <\/p>\n<p> \u201cOs acidentes geralmente acontecem por falta de aten\u00e7\u00e3o do condutor que n\u00e3o respeita as leis de tr\u00e2nsito, como ultrapassar o sem\u00e1foro vermelho e falar ao celular enquanto dirige. Tem tamb\u00e9m os pedestres que atravessam fora da faixa ou andam falando ao celular e perdem a aten\u00e7\u00e3o na travessia da rua. Como setor p\u00fablico estamos fazendo nossa parte que \u00e9 de orientar e fiscalizar para um tr\u00e2nsito mais seguro e educado. Mas tamb\u00e9m precisamos que todos os motoristas, pedestres, ciclistas e motociclistas fa\u00e7am a sua parte. Assim, poderemos diminuir ainda mais os n\u00fameros de acidentes em nossa cidade\u201d, disse. <\/p>\n<p> O prefeito Alfred\u00e3o destaca que o tr\u00e2nsito est\u00e1 entre as preocupa\u00e7\u00f5es do poder p\u00fablico e que as a\u00e7\u00f5es t\u00eam mostrado bons resultados. <\/p>\n<p> &quot;Nossa meta \u00e9 tirar esse tr\u00e2nsito pesado da cidade com a constru\u00e7\u00e3o da estrada do contorno, que est\u00e1 sendo uma grande conquista para todos n\u00f3s. Esperamos ansiosos para o in\u00edcio da constru\u00e7\u00e3o. O tr\u00e2nsito de Itaperuna vai ficar mais leve e, com certeza, vamos conseguir diminuir muito essas estat\u00edsticas de acidentes em nossa cidade&quot;, disse. <\/p>\n<ul>\n<li> <a href=\"https:\/\/g1.globo.com\/rj\/norte-fluminense\/cidade\/itaperuna\/\" class=\"entities__list-itemLink\" data-track-click=\"Itaperuna\"> Itaperuna <\/a> <\/li>\n<\/ul>\n","protected":false},"excerpt":{"rendered":"<p>Campanha &#039;P\u00e9 na Faixa, P\u00e9 no Freio&#039; come\u00e7a nas principais vias de Itaperuna, no RJ Objetivo \u00e9 reduzir os \u00edndices de acidentes. Campanha segue at\u00e9 dezembro com panfletagem, reforma e pintura de novas faixas de pedestres. Por g1 &mdash; Itaperuna 23\/11\/2023 17h17 Atualizado 23\/11\/2023 1 de 4&#013;Motociclistas receberam orienta\u00e7\u00f5es durante a campanha &#039;P\u00e9 na Faixa, [&hellip;]<\/p>\n","protected":false},"author":1,"featured_media":0,"comment_status":"closed","ping_status":"closed","sticky":false,"template":"","format":"standard","meta":{"footnotes":""},"categories":[],"tags":[],"class_list":["post-55090","post","type-post","status-publish","format-standard","hentry"],"_links":{"self":[{"href":"https:\/\/blog.corretoraideal.com.br\/index.php\/wp-json\/wp\/v2\/posts\/55090","targetHints":{"allow":["GET"]}}],"collection":[{"href":"https:\/\/blog.corretoraideal.com.br\/index.php\/wp-json\/wp\/v2\/posts"}],"about":[{"href":"https:\/\/blog.corretoraideal.com.br\/index.php\/wp-json\/wp\/v2\/types\/post"}],"author":[{"embeddable":true,"href":"https:\/\/blog.corretoraideal.com.br\/index.php\/wp-json\/wp\/v2\/users\/1"}],"replies":[{"embeddable":true,"href":"https:\/\/blog.corretoraideal.com.br\/index.php\/wp-json\/wp\/v2\/comments?post=55090"}],"version-history":[{"count":1,"href":"https:\/\/blog.corretoraideal.com.br\/index.php\/wp-json\/wp\/v2\/posts\/55090\/revisions"}],"predecessor-version":[{"id":55092,"href":"https:\/\/blog.corretoraideal.com.br\/index.php\/wp-json\/wp\/v2\/posts\/55090\/revisions\/55092"}],"wp:attachment":[{"href":"https:\/\/blog.corretoraideal.com.br\/index.php\/wp-json\/wp\/v2\/media?parent=55090"}],"wp:term":[{"taxonomy":"category","embeddable":true,"href":"https:\/\/blog.corretoraideal.com.br\/index.php\/wp-json\/wp\/v2\/categories?post=55090"},{"taxonomy":"post_tag","embeddable":true,"href":"https:\/\/blog.corretoraideal.com.br\/index.php\/wp-json\/wp\/v2\/tags?post=55090"}],"curies":[{"name":"wp","href":"https:\/\/api.w.org\/{rel}","templated":true}]}}