{"id":55093,"date":"2023-12-15T15:29:54","date_gmt":"2023-12-15T15:29:54","guid":{"rendered":"https:\/\/blog.corretoraideal.com.br\/?p=55093"},"modified":"2023-12-15T15:29:54","modified_gmt":"2023-12-15T15:29:54","slug":"ibovespa-opera-em-queda-depois-de-bater-recorde-historico-dolar-sobe-economia-g1","status":"publish","type":"post","link":"https:\/\/blog.corretoraideal.com.br\/index.php\/2023\/12\/15\/ibovespa-opera-em-queda-depois-de-bater-recorde-historico-dolar-sobe-economia-g1\/","title":{"rendered":"Ibovespa opera em queda, depois de bater recorde hist\u00f3rico; d\u00f3lar sobe | Economia | G1"},"content":{"rendered":"<br \/>\n<h1>Ibovespa opera em queda, depois de bater recorde hist\u00f3rico; d\u00f3lar sobe<\/h1>\n<h2>No dia anterior, o principal \u00edndice acion\u00e1rio da bolsa de valores brasileira chegou aos 130.842 pontos, uma alta de 1,06%. J\u00e1 a moeda norte-americana recuou 0,07%, cotada a R$ 4,9144.<\/h2>\n<p> Por g1 <\/p>\n<p>  15\/12\/2023 09h10    Atualizado  15\/12\/2023    <\/p>\n<p>                      1 de 1&#013;D\u00f3lar abre com volatilidade \u2014 Foto: Pixabay    <\/p>\n<p> D\u00f3lar abre com volatilidade \u2014 Foto: Pixabay <\/p>\n<p> O <a class href=\"https:\/\/g1.globo.com\/tudo-sobre\/ibovespa\/\">Ibovespa<\/a>, principal \u00edndice de a\u00e7\u00f5es da bolsa de valores, inverteu o sinal e opera em queda nesta sexta-feira (15), depois de <a class href=\"https:\/\/g1.globo.com\/economia\/noticia\/2023\/12\/14\/dolar-abre-em-baixa-apos-corte-na-taxa-selic-e-sinalizacao-de-fim-do-ciclo-de-alta-nos-juros-americanos.ghtml\">bater seu recorde hist\u00f3rico na v\u00e9spera.<\/a> A baixa \u00e9 um movimento de corre\u00e7\u00e3o natural depois de uma forte sequ\u00eancia de altas, e tamb\u00e9m \u00e9 influenciada por uma queda nas a\u00e7\u00f5es da <a class href=\"https:\/\/g1.globo.com\/tudo-sobre\/petrobras\/\">Petrobras<\/a>. <\/p>\n<p> Os mercados seguem positivos pelos efeitos das \u00faltimas decis\u00f5es de pol\u00edtica monet\u00e1ria no Brasil e nos <a class href=\"https:\/\/g1.globo.com\/tudo-sobre\/estados-unidos\/\">Estados Unidos<\/a> nesta semana. Por aqui, investidores est\u00e3o de olho no andamento da pauta econ\u00f4mica no Congresso Nacional. <\/p>\n<p> No mesmo cen\u00e1rio, o d\u00f3lar opera em alta, depois das baixas dos \u00faltimos dias. <\/p>\n<p> <strong>Veja abaixo o dia nos mercados.<\/strong> <\/p>\n<p>                   <img loading=\"lazy\" decoding=\"async\" class=\"aligncenter size-full wp-image-55095\" src=\"https:\/\/blog.corretoraideal.com.br\/wp-content\/uploads\/2023\/12\/entenda-o-que-faz-o-dolar-subir-ou-descer-4.jpeg\" alt=\"Entenda o que faz o d\u00f3lar subir ou descer\" width=\"800\" height=\"400\" \/>       <\/p>\n<p> Entenda o que faz o d\u00f3lar subir ou descer <\/p>\n<p><h2>D\u00f3lar<\/h2>\n<\/p>\n<p> \u00c0s 12h20, o d\u00f3lar subia 0,43%, cotado a R$ 4,9353. <a class href=\"https:\/\/valor.globo.com\/valor-data\/\">Veja mais cota\u00e7\u00f5es.<\/a> <\/p>\n<p> No dia anterior, a moeda norte-americana fechou em baixa de 0,07%, vendida a R$ 4,9144. Com o resultado, passou a acumular: <\/p>\n<ul>\n<li><strong>queda de 0,31% na semana;<\/strong><\/li>\n<li><strong>perda de 0,02% no m\u00eas;<\/strong><\/li>\n<li><strong>recuo de 6,89% no ano.<\/strong><\/li>\n<\/ul>\n<p><h2>Ibovespa<\/h2>\n<\/p>\n<p> No mesmo hor\u00e1rio, o Ibovespa operava em baixa de 0,44%, aos 130.261 pontos. <\/p>\n<p> As a\u00e7\u00f5es da Petrobras, uma das empresas com mais peso na composi\u00e7\u00e3o do \u00edndice, tinha queda de 0,30%, acompanhando a desvaloriza\u00e7\u00e3o do petr\u00f3leo no exterior. <\/p>\n<p> Na v\u00e9spera, o \u00edndice fechou com alta de 1,06%, aos 130.842 pontos, no maior patamar hist\u00f3rico. Com o resultado, passou a acumular: <\/p>\n<ul>\n<li><strong>alta de 2,95% na semana;<\/strong><\/li>\n<li><strong>avan\u00e7o de 2,76% no m\u00eas;<\/strong><\/li>\n<li><strong>ganhos de 19,24% no ano.<\/strong><\/li>\n<\/ul>\n<p> <strong>LEIA TAMB\u00c9M<\/strong> <\/p>\n<ul>\n<li><strong>DINHEIRO OU CART\u00c3O? <\/strong><a class href=\"https:\/\/g1.globo.com\/economia\/noticia\/2022\/03\/26\/dinheiro-ou-cartao-qual-a-melhor-forma-de-levar-dolares-em-viagens.ghtml\">Qual a melhor forma de levar d\u00f3lares em viagens?<\/a><\/li>\n<li><strong>D\u00d3LAR: <\/strong><a class href=\"https:\/\/g1.globo.com\/economia\/noticia\/2022\/04\/05\/dolar-qual-o-melhor-momento-para-comprar.ghtml\">Qual o melhor momento para comprar a moeda? <\/a><\/li>\n<\/ul>\n<p>                   <img loading=\"lazy\" decoding=\"async\" class=\"aligncenter size-full wp-image-55096\" src=\"https:\/\/blog.corretoraideal.com.br\/wp-content\/uploads\/2023\/12\/ibovespa-fecha-no-maior-patamar-da-historia.jpeg\" alt=\"Ibovespa fecha no maior patamar da hist\u00f3ria\" width=\"800\" height=\"400\" \/>       <\/p>\n<p> Ibovespa fecha no maior patamar da hist\u00f3ria <\/p>\n<p><h2> O que est\u00e1 mexendo com os mercados?<\/h2>\n<\/p>\n<p> No \u00faltimo dia da semana, investidores em n\u00edvel global continuam repercutindo a decis\u00e3o do <a class href=\"https:\/\/g1.globo.com\/tudo-sobre\/fed\/\">Fed<\/a> de manter a taxa b\u00e1sica de juros inalterada na \u00faltima quarta-feira, mas com perspectivas de que o ciclo de alta nos juros americanos pode ter chegado ao fim. <\/p>\n<p> Agora, as expectativas de especialistas e investidores s\u00e3o de que os juros nos Estados Unidos comecem a cair j\u00e1 no primeiro semestre de 2024, o que \u00e9 ben\u00e9fico para a economia e para os ativos de risco, como os mercados de a\u00e7\u00f5es e moedas de pa\u00edses emergentes. <\/p>\n<p>&quot;Todos os indicadores, nas esferas quantitativa e qualitativa, apontam tempestivamente para o in\u00edcio antecipado da campanha de redu\u00e7\u00e3o da taxa dos Fed Funds. Por conseguinte, revisamos a nossa proje\u00e7\u00e3o com o intuito de incorporar as boas-novas e, assim, estimamos a estreia em maio, ante junho anteriormente&quot;, comenta Antonio van Moorsel, estrategista-chefe da Acqua Vero Investimentos.<\/p>\n<p> Ainda no exterior, alguns dados econ\u00f4micos da China divulgados hoje decepcionaram os investidores. As vendas no varejo subiram 10,1% em novembro, na compara\u00e7\u00e3o anual, enquanto as expectativas eram de alta de 12,9%. J\u00e1 os pre\u00e7os de casas novas recuaram 0,37% no mesmo m\u00eas. <\/p>\n<p> Em contrapartida, a produ\u00e7\u00e3o industrial cresceu 5,9% na base anual, acima do esperado, uma alta de 5,9%. A China luta para manter de p\u00e9 a meta de crescimento de 5% no ano, o que garantiria uma movimenta\u00e7\u00e3o ainda ativa da economia do principal parceiro comercial do Brasil. <\/p>\n<p> Por aqui, investidores repercutem junto com o Fed a redu\u00e7\u00e3o da taxa Selic e a sinaliza\u00e7\u00e3o de que o balan\u00e7o de riscos do Banco Central est\u00e1 mais benigno e que novos cortes vir\u00e3o pela frente. <\/p>\n<p> Hoje, sobressaem na avalia\u00e7\u00e3o o andamento de pautas econ\u00f4micas no Congresso Nacional, com destaque para a expectativa de<a class href=\"https:\/\/g1.globo.com\/politica\/noticia\/2023\/12\/15\/camara-pode-votar-reforma-tributaria-e-mp-que-eleva-arrecadacao-do-governo-nesta-sexta.ghtml\"> aprova\u00e7\u00e3o da reforma tribut\u00e1ria na C\u00e2mara dos Deputados<\/a> e de uma <a class href=\"https:\/\/g1.globo.com\/politica\/noticia\/2023\/12\/15\/camara-pode-votar-reforma-tributaria-e-mp-que-eleva-arrecadacao-do-governo-nesta-sexta.ghtml\">medida provis\u00f3ria que eleva a arrecada\u00e7\u00e3o do governo<\/a>. <\/p>\n<p> A reforma tribut\u00e1ria tramita na forma de uma proposta de Emenda \u00e0 Constitui\u00e7\u00e3o (PEC). Para ser aprovada, a PEC requer pelo menos 308 votos &quot;sim&quot;. L\u00edderes partid\u00e1rios passaram a quinta-feira (14) em negocia\u00e7\u00e3o para tentar destravar benef\u00edcios \u00e0 Zona Franca de Manaus, \u00e0 categorias aut\u00f4nomas, entre outros. <a class href=\"https:\/\/g1.globo.com\/politica\/noticia\/2023\/12\/15\/camara-pode-votar-reforma-tributaria-e-mp-que-eleva-arrecadacao-do-governo-nesta-sexta.ghtml\"><strong>SAIBA MAIS AQUI.<\/strong><\/a> <\/p>\n<p> J\u00e1 a a MP 1.185 define regras para as empresas usarem benef\u00edcios fiscais j\u00e1 concedidos pelos estados e validados pelo Superior Tribunal de Justi\u00e7a (STJ) na arrecada\u00e7\u00e3o de ICMS. O problema, segundo o governo federal, \u00e9 que esse benef\u00edcio oferecido pelos governos locais tem impacto indireto na arrecada\u00e7\u00e3o federal. <a class href=\"https:\/\/g1.globo.com\/politica\/noticia\/2023\/12\/15\/camara-pode-votar-reforma-tributaria-e-mp-que-eleva-arrecadacao-do-governo-nesta-sexta.ghtml\"><strong>ENTENDA O CASO.<\/strong><\/a> <\/p>\n<p> Na agenda de indicadores, a Funda\u00e7\u00e3o Getulio Vargas (<a class href=\"https:\/\/g1.globo.com\/tudo-sobre\/fgv\/\">FGV<\/a>) divulgou os resultados do \u00cdndice Geral de Pre\u00e7os-10 (IGP-10), com alta al\u00e9m do esperado em dezembro e a aumento de taxa mensal mais intenso em um ano e meio. <\/p>\n<p> O IGP-10 teve alta 0,62% neste m\u00eas, contra avan\u00e7o de 0,52% em novembro. O ano termina com queda acumulada em 12 meses de 3,56%. <\/p>\n<p> O \u00cdndice de Pre\u00e7os ao Produtor Amplo (IPA), que mede a varia\u00e7\u00e3o dos pre\u00e7os no atacado e responde por 60% do \u00edndice geral, avan\u00e7ou 0,81% em dezembro, contra alta de 0,60% no m\u00eas passado, mas fechou 2023 com queda acumulada de 6,02%. <\/p>\n<p>&quot;Os principais destaques do \u00cdndice de Pre\u00e7os ao Produtor (IPA) foram as commodities de grande relev\u00e2ncia&quot;, explicou Andr\u00e9 Braz, coordenador dos \u00edndices de pre\u00e7os do FGV Ibre. <\/p>\n<p> &quot;A influ\u00eancia significativa do min\u00e9rio de ferro (de 0,82% para 4,66%), do milho (de 0,68% para 7,16%), da soja (de -1,27% para 1,76%) e do caf\u00e9 (de 3,57% para 5,86%) representou 79% do resultado geral do IPA (em dezembro)&quot;. <\/p>\n<ul>\n<li> <a href=\"https:\/\/g1.globo.com\/politica\/politico\/alexandre-padilha\/\" class=\"entities__list-itemLink\" data-track-click=\"Alexandre Padilha\"> Alexandre Padilha <\/a> <\/li>\n<li> <a href=\"https:\/\/g1.globo.com\/tudo-sobre\/bmf-bovespa\/\" class=\"entities__list-itemLink\" data-track-click=\"B3\"> B3 <\/a> <\/li>\n<li> <a href=\"https:\/\/g1.globo.com\/tudo-sobre\/copom\/\" class=\"entities__list-itemLink\" data-track-click=\"Copom\"> Copom <\/a> <\/li>\n<li> <a href=\"https:\/\/g1.globo.com\/tudo-sobre\/estados-unidos\/\" class=\"entities__list-itemLink\" data-track-click=\"Estados Unidos\"> Estados Unidos <\/a> <\/li>\n<li> <a href=\"https:\/\/g1.globo.com\/tudo-sobre\/fed\/\" class=\"entities__list-itemLink\" data-track-click=\"FED\"> FED <\/a> <\/li>\n<li> <a href=\"https:\/\/g1.globo.com\/tudo-sobre\/fgv\/\" class=\"entities__list-itemLink\" data-track-click=\"FGV\"> FGV <\/a> <\/li>\n<li> <a href=\"https:\/\/g1.globo.com\/politica\/politico\/fernando-haddad\/\" class=\"entities__list-itemLink\" data-track-click=\"Fernando Haddad\"> Fernando Haddad <\/a> <\/li>\n<li> <a href=\"https:\/\/g1.globo.com\/tudo-sobre\/ibge\/\" class=\"entities__list-itemLink\" data-track-click=\"IBGE\"> IBGE <\/a> <\/li>\n<li> <a href=\"https:\/\/g1.globo.com\/tudo-sobre\/ibovespa\/\" class=\"entities__list-itemLink\" data-track-click=\"Ibovespa\"> Ibovespa <\/a> <\/li>\n<li> <a href=\"https:\/\/g1.globo.com\/tudo-sobre\/petrobras\/\" class=\"entities__list-itemLink\" data-track-click=\"Petrobras\"> Petrobras <\/a> <\/li>\n<\/ul>\n","protected":false},"excerpt":{"rendered":"<p>Ibovespa opera em queda, depois de bater recorde hist\u00f3rico; d\u00f3lar sobe No dia anterior, o principal \u00edndice acion\u00e1rio da bolsa de valores brasileira chegou aos 130.842 pontos, uma alta de 1,06%. J\u00e1 a moeda norte-americana recuou 0,07%, cotada a R$ 4,9144. Por g1 15\/12\/2023 09h10 Atualizado 15\/12\/2023 1 de 1&#013;D\u00f3lar abre com volatilidade \u2014 Foto: [&hellip;]<\/p>\n","protected":false},"author":1,"featured_media":0,"comment_status":"closed","ping_status":"closed","sticky":false,"template":"","format":"standard","meta":{"footnotes":""},"categories":[],"tags":[],"class_list":["post-55093","post","type-post","status-publish","format-standard","hentry"],"_links":{"self":[{"href":"https:\/\/blog.corretoraideal.com.br\/index.php\/wp-json\/wp\/v2\/posts\/55093","targetHints":{"allow":["GET"]}}],"collection":[{"href":"https:\/\/blog.corretoraideal.com.br\/index.php\/wp-json\/wp\/v2\/posts"}],"about":[{"href":"https:\/\/blog.corretoraideal.com.br\/index.php\/wp-json\/wp\/v2\/types\/post"}],"author":[{"embeddable":true,"href":"https:\/\/blog.corretoraideal.com.br\/index.php\/wp-json\/wp\/v2\/users\/1"}],"replies":[{"embeddable":true,"href":"https:\/\/blog.corretoraideal.com.br\/index.php\/wp-json\/wp\/v2\/comments?post=55093"}],"version-history":[{"count":1,"href":"https:\/\/blog.corretoraideal.com.br\/index.php\/wp-json\/wp\/v2\/posts\/55093\/revisions"}],"predecessor-version":[{"id":55097,"href":"https:\/\/blog.corretoraideal.com.br\/index.php\/wp-json\/wp\/v2\/posts\/55093\/revisions\/55097"}],"wp:attachment":[{"href":"https:\/\/blog.corretoraideal.com.br\/index.php\/wp-json\/wp\/v2\/media?parent=55093"}],"wp:term":[{"taxonomy":"category","embeddable":true,"href":"https:\/\/blog.corretoraideal.com.br\/index.php\/wp-json\/wp\/v2\/categories?post=55093"},{"taxonomy":"post_tag","embeddable":true,"href":"https:\/\/blog.corretoraideal.com.br\/index.php\/wp-json\/wp\/v2\/tags?post=55093"}],"curies":[{"name":"wp","href":"https:\/\/api.w.org\/{rel}","templated":true}]}}