{"id":5511,"date":"2018-07-11T07:30:12","date_gmt":"2018-07-11T07:30:12","guid":{"rendered":"http:\/\/corretoraideal.com.br\/blog\/index.php\/2018\/07\/11\/cca_title\/"},"modified":"2018-07-11T07:30:51","modified_gmt":"2018-07-11T07:30:51","slug":"ideias-sao-reciclaveis","status":"publish","type":"post","link":"https:\/\/blog.corretoraideal.com.br\/index.php\/2018\/07\/11\/ideias-sao-reciclaveis\/","title":{"rendered":"Id\u00e9ias s\u00e3o recicl\u00e1veis"},"content":{"rendered":"<p><\/img><\/p>\n<p>\t\t\t<a href=\"https:\/\/blogdaarquitetura.com\/categoria\/criatividade\/\"><\/p>\n<p> Criatividade<br \/>\n <\/a><\/p>\n<h2>\n Id&eacute;ias s&atilde;o recicl&aacute;veis<\/h2>\n<p> Escrito por: <a href=\"https:\/\/blogdaarquitetura.com\/author\/aline-silva\/\" title=\"Posts de Aline Silva\" rel=\"author\">Aline Silva,<\/a> no 07\/08\/2015 <\/p>\n<p>Atualmente, a popula&ccedil;&atilde;o &eacute; palhetas n&#8217;maior consci&ecirc;ncia de que as coisas devem ser reutilizados sempre que poss&iacute;vel.<\/p>\n<p>Em conjunto com a conserva&ccedil;&atilde;o do meio ambiente &eacute; parte de nossa cidadania. Agora imagine este importante processo combinado com um belo design?<\/p>\n<p>O <strong>BDA<\/strong> tem geskei n&#8217;alguns belos exemplos de como a reutiliza&ccedil;&atilde;o pode tamb&eacute;m tornar-se atraente! Venha e veja!<\/p>\n<p>&nbsp;<\/p>\n<p><img loading=\"lazy\" decoding=\"async\" class=\"aligncenter size-full wp-image-5513\" src=\"http:\/\/corretoraideal.com.br\/blog\/wp-content\/uploads\/2018\/07\/imagem11-07-2018-07-07-15.png\" alt=\"imagem11-07-2018-07-07-15\" width=\"800\" height=\"400\" \/><\/img>Cadeira feita com papel&atilde;o<\/p>\n<p><img loading=\"lazy\" decoding=\"async\" class=\"aligncenter size-full wp-image-5514\" src=\"http:\/\/corretoraideal.com.br\/blog\/wp-content\/uploads\/2018\/07\/abajur-reciclado2-blog-da-arquitetura.jpeg\" alt=\"abajur reciclado2 blog da arquitetura\" width=\"800\" height=\"400\" \/><\/img><\/p>\n<p>A c&uacute;pula da l&acirc;mpada &eacute; feito com bot&otilde;es coloridos<\/p>\n<p><img loading=\"lazy\" decoding=\"async\" class=\"aligncenter size-full wp-image-5515\" src=\"http:\/\/corretoraideal.com.br\/blog\/wp-content\/uploads\/2018\/07\/imagem11-07-2018-07-07-21.png\" alt=\"imagem11-07-2018-07-07-21\" width=\"800\" height=\"400\" \/><\/img><\/p>\n<p>Prateleira feita com paletes<\/p>\n<p><img loading=\"lazy\" decoding=\"async\" class=\"aligncenter size-full wp-image-5516\" src=\"http:\/\/corretoraideal.com.br\/blog\/wp-content\/uploads\/2018\/07\/imagem11-07-2018-07-07-26.png\" alt=\"imagem11-07-2018-07-07-26\" width=\"800\" height=\"400\" \/><\/img><\/p>\n<p>Mesa de centro feita com pallet cama<\/p>\n<p>&nbsp;<\/p>\n<p><img loading=\"lazy\" decoding=\"async\" class=\"aligncenter size-full wp-image-5517\" src=\"http:\/\/corretoraideal.com.br\/blog\/wp-content\/uploads\/2018\/07\/escada-como-arara-de-roupa.jpeg\" alt=\"Escada como arara de roupa\" width=\"800\" height=\"400\" \/><\/img>Saiba como arara de roupas<img loading=\"lazy\" decoding=\"async\" class=\"aligncenter size-full wp-image-5518\" src=\"http:\/\/corretoraideal.com.br\/blog\/wp-content\/uploads\/2018\/07\/raquetes-de-tenis-viraram-espelhos.jpeg\" alt=\"Raquetes de t&ecirc;nis viraram espelhos\" width=\"800\" height=\"400\" \/><\/img>Raquetes de t&ecirc;nis em espelhos<\/p>\n<p><img loading=\"lazy\" decoding=\"async\" class=\"aligncenter size-full wp-image-5519\" src=\"http:\/\/corretoraideal.com.br\/blog\/wp-content\/uploads\/2018\/07\/cabideiros-feitos-com-gravetos.png\" alt=\"Cabideiros feitos com gravetos\" width=\"800\" height=\"400\" \/><\/img><\/p>\n<p>Cabideiros feita com varas de<\/p>\n<p><img loading=\"lazy\" decoding=\"async\" class=\"aligncenter size-full wp-image-5520\" src=\"http:\/\/corretoraideal.com.br\/blog\/wp-content\/uploads\/2018\/07\/berco-que-virou-escrivaninha.png\" alt=\"Ber&ccedil;o que virou escrivaninha\" width=\"800\" height=\"400\" \/><\/img>O pres&eacute;pio virou-secret&aacute;ria<\/p>\n<p>&nbsp;<\/p>\n<p>&nbsp;<\/p>\n<p>&nbsp;<\/p>\n<p> 7 de agosto de 2015<br \/>\n <a href=\"#\" class=\"eltd-like\" id=\"eltd-like-3580-985\" title=\"Like this\"><i><\/i>0<\/a><br \/>\n <a class=\"eltd-post-info-comments\" href=\"https:\/\/blogdaarquitetura.com\/ideias-reciclaveis\/#respond\" target=\"_self\"><\/p>\n<p> 0<br \/>\n <\/a><\/p>\n<ul>\n<li>\n\t<a class=\"eltd-share-link\" href=\"\/\/\"><\/p>\n<p>\t\t\t<\/a>\n<\/li>\n<li>\n\t<a class=\"eltd-share-link\" href=\"\/\/\"><\/p>\n<p>\t\t\t<\/a>\n<\/li>\n<li>\n\t<a class=\"eltd-share-link\" href=\"\/\/\"><\/p>\n<p>\t\t\t<\/a>\n<\/li>\n<li>\n\t<a class=\"eltd-share-link\" href=\"\/\/\"><\/p>\n<p>\t\t\t<\/a>\n<\/li>\n<\/ul>\n<p>\t\t\t\t\t<a href=\"https:\/\/blogdaarquitetura.com\/assunto\/criatividade\/\"><\/p>\n<p> criatividade<br \/>\n <\/a><br \/>\n <a href=\"https:\/\/blogdaarquitetura.com\/assunto\/dyi\/\"><\/p>\n<p> dyi<br \/>\n <\/a><br \/>\n <a href=\"https:\/\/blogdaarquitetura.com\/assunto\/faca-voce-mesmo\/\"><\/p>\n<p> do-it-yourself<br \/>\n <\/a><br \/>\n <a href=\"https:\/\/blogdaarquitetura.com\/assunto\/reciclavel\/\"><\/p>\n<p> recicl&aacute;vel<br \/>\n <\/a><br \/>\n <a href=\"https:\/\/blogdaarquitetura.com\/assunto\/reutilizavel\/\"><\/p>\n<p> reutiliz&aacute;veis<br \/>\n <\/a><\/p>\n","protected":false},"excerpt":{"rendered":"<p>Criatividade Id&eacute;ias s&atilde;o recicl&aacute;veis Escrito por: Aline Silva, no 07\/08\/2015 Atualmente, a popula&ccedil;&atilde;o &eacute; palhetas n&#8217;maior consci&ecirc;ncia de que as coisas devem ser reutilizados sempre que poss&iacute;vel. Em conjunto com a conserva&ccedil;&atilde;o do meio ambiente &eacute; parte de nossa cidadania. Agora imagine este importante processo combinado com um belo design? O BDA tem geskei n&#8217;alguns [&hellip;]<\/p>\n","protected":false},"author":0,"featured_media":0,"comment_status":"open","ping_status":"open","sticky":false,"template":"","format":"standard","meta":{"footnotes":""},"categories":[],"tags":[],"class_list":["post-5511","post","type-post","status-publish","format-standard","hentry"],"_links":{"self":[{"href":"https:\/\/blog.corretoraideal.com.br\/index.php\/wp-json\/wp\/v2\/posts\/5511","targetHints":{"allow":["GET"]}}],"collection":[{"href":"https:\/\/blog.corretoraideal.com.br\/index.php\/wp-json\/wp\/v2\/posts"}],"about":[{"href":"https:\/\/blog.corretoraideal.com.br\/index.php\/wp-json\/wp\/v2\/types\/post"}],"replies":[{"embeddable":true,"href":"https:\/\/blog.corretoraideal.com.br\/index.php\/wp-json\/wp\/v2\/comments?post=5511"}],"version-history":[{"count":1,"href":"https:\/\/blog.corretoraideal.com.br\/index.php\/wp-json\/wp\/v2\/posts\/5511\/revisions"}],"predecessor-version":[{"id":5521,"href":"https:\/\/blog.corretoraideal.com.br\/index.php\/wp-json\/wp\/v2\/posts\/5511\/revisions\/5521"}],"wp:attachment":[{"href":"https:\/\/blog.corretoraideal.com.br\/index.php\/wp-json\/wp\/v2\/media?parent=5511"}],"wp:term":[{"taxonomy":"category","embeddable":true,"href":"https:\/\/blog.corretoraideal.com.br\/index.php\/wp-json\/wp\/v2\/categories?post=5511"},{"taxonomy":"post_tag","embeddable":true,"href":"https:\/\/blog.corretoraideal.com.br\/index.php\/wp-json\/wp\/v2\/tags?post=5511"}],"curies":[{"name":"wp","href":"https:\/\/api.w.org\/{rel}","templated":true}]}}