{"id":55115,"date":"2023-12-15T23:29:36","date_gmt":"2023-12-15T23:29:36","guid":{"rendered":"https:\/\/blog.corretoraideal.com.br\/?p=55115"},"modified":"2023-12-15T23:29:36","modified_gmt":"2023-12-15T23:29:36","slug":"obras-de-urbanizacao-da-orla-do-bar-do-coco-em-macae-sao-concluidas-norte-fluminense-g1","status":"publish","type":"post","link":"https:\/\/blog.corretoraideal.com.br\/index.php\/2023\/12\/15\/obras-de-urbanizacao-da-orla-do-bar-do-coco-em-macae-sao-concluidas-norte-fluminense-g1\/","title":{"rendered":"Obras de urbaniza\u00e7\u00e3o da orla do Bar do Coco, em Maca\u00e9, s\u00e3o conclu\u00eddas | Norte Fluminense | G1"},"content":{"rendered":"<br \/>\n<h1>Obras de urbaniza\u00e7\u00e3o da orla do Bar do Coco, em Maca\u00e9, s\u00e3o conclu\u00eddas<\/h1>\n<h2>Local conta com infraestrutura de lazer para os moradores do Parque Aeroporto, S\u00e3o Jos\u00e9 do Barreto e Fronteira.<\/h2>\n<p> Por g1 &mdash; Maca\u00e9 <\/p>\n<p>  15\/12\/2023 16h30    Atualizado  15\/12\/2023    <\/p>\n<p>                      1 de 3&#013;Orla do Bar do Coco, em Maca\u00e9, conta com posto de guarda-vidas, quiosque e brinquedos \u2014 Foto: Rui Porto Filho\/Prefeitura de Maca\u00e9    <\/p>\n<p> Orla do Bar do Coco, em Maca\u00e9, conta com posto de guarda-vidas, quiosque e brinquedos \u2014 Foto: Rui Porto Filho\/Prefeitura de Maca\u00e9 <\/p>\n<p> As obras de urbaniza\u00e7\u00e3o da Orla do Bar do Coco, em <a class href=\"https:\/\/g1.globo.com\/rj\/regiao-dos-lagos\/cidade\/macae\/\">Maca\u00e9<\/a>, no Norte Fluminense foram conclu\u00eddas e inauguradas nesta quinta-feira (14). O local conta com infraestrutura de lazer para os moradores do Parque Aeroporto, S\u00e3o Jos\u00e9 do Barreto e Fronteira. <\/p>\n<p> O projeto teve como objetivo tornar o trecho do litoral Norte da cidade um novo cart\u00e3o postal. <\/p>\n<p> A orla conta com posto de guarda-vidas, quiosque, brinquedos infantis, espa\u00e7o de conviv\u00eancia e acesso \u00e0 praia do Bar do Coco. <\/p>\n<p>         2 de 3&#013;Orla do Bar do Coco, em Maca\u00e9, foi urbanizada \u2014 Foto: Rui Porto Filho\/Prefeitura de Maca\u00e9    <\/p>\n<p> Orla do Bar do Coco, em Maca\u00e9, foi urbanizada \u2014 Foto: Rui Porto Filho\/Prefeitura de Maca\u00e9 <\/p>\n<p> A orla recebeu o nome de Carlos Ant\u00f4nio de Menezes, o Carl\u00e3o do Aeroporto, falecido aos 70 anos em abril de 2020. <\/p>\n<p> No evento de inaugura\u00e7\u00e3o da orla, o prefeito Welberth Rezende tamb\u00e9m fez a contagem regressiva para o acendimento da \u00c1rvore de Natal que comp\u00f5e a decora\u00e7\u00e3o especial montada em v\u00e1rios pontos da cidade. <\/p>\n<p>         3 de 3&#013;Durante o evento de inaugura\u00e7\u00e3o da orla, tamb\u00e9m foram inauguradas as luzes da \u00e1rvore de Natal \u2014 Foto: Rui Porto Filho\/Prefeitura de Maca\u00e9    <\/p>\n<p> Durante o evento de inaugura\u00e7\u00e3o da orla, tamb\u00e9m foram inauguradas as luzes da \u00e1rvore de Natal \u2014 Foto: Rui Porto Filho\/Prefeitura de Maca\u00e9 <\/p>\n<p> A inaugura\u00e7\u00e3o tamb\u00e9m contou com a participa\u00e7\u00e3o do deputado estadual Chico Machado, do ex-prefeito Riverton Mussi, al\u00e9m de vereadores e secret\u00e1rios municipais. <\/p>\n<p> \u201cDefinitivamente estamos tirando do papel obras aguardadas h\u00e1 anos por nossa popula\u00e7\u00e3o. Este projeto representa tamb\u00e9m a consolida\u00e7\u00e3o de mais um compromisso do nosso governo em investir em obras que promovem qualidade de vida para os macaenses\u201d, afirmou o prefeito. <\/p>\n<ul>\n<li> <a href=\"https:\/\/g1.globo.com\/rj\/regiao-dos-lagos\/cidade\/macae\/\" class=\"entities__list-itemLink\" data-track-click=\"Maca\u00e9\"> Maca\u00e9 <\/a> <\/li>\n<\/ul>\n","protected":false},"excerpt":{"rendered":"<p>Obras de urbaniza\u00e7\u00e3o da orla do Bar do Coco, em Maca\u00e9, s\u00e3o conclu\u00eddas Local conta com infraestrutura de lazer para os moradores do Parque Aeroporto, S\u00e3o Jos\u00e9 do Barreto e Fronteira. Por g1 &mdash; Maca\u00e9 15\/12\/2023 16h30 Atualizado 15\/12\/2023 1 de 3&#013;Orla do Bar do Coco, em Maca\u00e9, conta com posto de guarda-vidas, quiosque e [&hellip;]<\/p>\n","protected":false},"author":1,"featured_media":0,"comment_status":"closed","ping_status":"closed","sticky":false,"template":"","format":"standard","meta":{"footnotes":""},"categories":[],"tags":[],"class_list":["post-55115","post","type-post","status-publish","format-standard","hentry"],"_links":{"self":[{"href":"https:\/\/blog.corretoraideal.com.br\/index.php\/wp-json\/wp\/v2\/posts\/55115","targetHints":{"allow":["GET"]}}],"collection":[{"href":"https:\/\/blog.corretoraideal.com.br\/index.php\/wp-json\/wp\/v2\/posts"}],"about":[{"href":"https:\/\/blog.corretoraideal.com.br\/index.php\/wp-json\/wp\/v2\/types\/post"}],"author":[{"embeddable":true,"href":"https:\/\/blog.corretoraideal.com.br\/index.php\/wp-json\/wp\/v2\/users\/1"}],"replies":[{"embeddable":true,"href":"https:\/\/blog.corretoraideal.com.br\/index.php\/wp-json\/wp\/v2\/comments?post=55115"}],"version-history":[{"count":1,"href":"https:\/\/blog.corretoraideal.com.br\/index.php\/wp-json\/wp\/v2\/posts\/55115\/revisions"}],"predecessor-version":[{"id":55117,"href":"https:\/\/blog.corretoraideal.com.br\/index.php\/wp-json\/wp\/v2\/posts\/55115\/revisions\/55117"}],"wp:attachment":[{"href":"https:\/\/blog.corretoraideal.com.br\/index.php\/wp-json\/wp\/v2\/media?parent=55115"}],"wp:term":[{"taxonomy":"category","embeddable":true,"href":"https:\/\/blog.corretoraideal.com.br\/index.php\/wp-json\/wp\/v2\/categories?post=55115"},{"taxonomy":"post_tag","embeddable":true,"href":"https:\/\/blog.corretoraideal.com.br\/index.php\/wp-json\/wp\/v2\/tags?post=55115"}],"curies":[{"name":"wp","href":"https:\/\/api.w.org\/{rel}","templated":true}]}}