{"id":55118,"date":"2023-12-16T01:29:37","date_gmt":"2023-12-16T01:29:37","guid":{"rendered":"https:\/\/blog.corretoraideal.com.br\/?p=55118"},"modified":"2023-12-16T01:29:37","modified_gmt":"2023-12-16T01:29:37","slug":"reforma-tributaria-deputados-aprovam-regra-que-permite-a-auditores-municipais-e-estaduais-ganharem-igual-a-ministro-do-stf-politica-g1","status":"publish","type":"post","link":"https:\/\/blog.corretoraideal.com.br\/index.php\/2023\/12\/16\/reforma-tributaria-deputados-aprovam-regra-que-permite-a-auditores-municipais-e-estaduais-ganharem-igual-a-ministro-do-stf-politica-g1\/","title":{"rendered":"Reforma tribut\u00e1ria: deputados aprovam regra que permite a auditores municipais e estaduais ganharem igual a ministro do STF | Pol\u00edtica | G1"},"content":{"rendered":"<br \/>\n<h1>Reforma tribut\u00e1ria: deputados aprovam regra que permite a auditores municipais e estaduais ganharem igual a ministro do STF<\/h1>\n<h2>Relator alertou que trecho abre espa\u00e7o para funcion\u00e1rios receberem mais do que os pr\u00f3prios governadores e prefeitos. Ministros da Suprema Corte ganham atualmente R$ 41.650,92. <\/h2>\n<p> Por <a class=\"multi_signatures\" href=\"https:\/\/g1.globo.com\/autores\/elisa-clavery\/\">Elisa Clavery<\/a>, <a class=\"multi_signatures\" href=\"https:\/\/g1.globo.com\/autores\/luiz-felipe-barbieri\/\">Luiz Felipe Barbi\u00e9ri<\/a>, Ana Paula Casto, g1 &mdash; Bras\u00edlia <\/p>\n<p>  15\/12\/2023 19h31    Atualizado  15\/12\/2023    <\/p>\n<ul>\n<li>\n<p> C\u00e2mara aprovou um destaque \u2014 sugest\u00e3o de altera\u00e7\u00e3o no texto \u2014 da reforma tribut\u00e1ria que permite a auditores ganharem igual a ministro do STF. <\/p>\n<\/li>\n<li>\n<p> Remunera\u00e7\u00e3o dos ministros do STF, de R$ 41.650,92, \u00e9 o teto do funcionalismo p\u00fablico. <\/p>\n<\/li>\n<li>\n<p> A partir de 1\u00ba de fevereiro de 2025, a remunera\u00e7\u00e3o de ministros do STF ser\u00e1 de R$ 46.366,19. <\/p>\n<\/li>\n<li>\n<p> Altera\u00e7\u00f5es no texto da reforma tribut\u00e1ria, no entanto, n\u00e3o s\u00e3o autom\u00e1ticas e dependem de aprova\u00e7\u00e3o de leis locais. <\/p>\n<\/li>\n<li>\n<p> Aprova\u00e7\u00e3o foi por 324 a 142 e o destaque foi apresentado pelo bloco MDB, PSD, Republicanos e Podemos. <\/p>\n<\/li>\n<\/ul>\n<p> C\u00e2mara aprovou um destaque \u2014 sugest\u00e3o de altera\u00e7\u00e3o no texto \u2014 da reforma tribut\u00e1ria que permite a auditores ganharem igual a ministro do STF. <\/p>\n<p> Remunera\u00e7\u00e3o dos ministros do STF, de R$ 41.650,92, \u00e9 o teto do funcionalismo p\u00fablico. <\/p>\n<p> A partir de 1\u00ba de fevereiro de 2025, a remunera\u00e7\u00e3o de ministros do STF ser\u00e1 de R$ 46.366,19. <\/p>\n<p> Altera\u00e7\u00f5es no texto da reforma tribut\u00e1ria, no entanto, n\u00e3o s\u00e3o autom\u00e1ticas e dependem de aprova\u00e7\u00e3o de leis locais. <\/p>\n<p> Aprova\u00e7\u00e3o foi por 324 a 142 e o destaque foi apresentado pelo bloco MDB, PSD, Republicanos e Podemos. <\/p>\n<p> A <a class href=\"https:\/\/g1.globo.com\/tudo-sobre\/camara-dos-deputados\/\">C\u00e2mara dos Deputados<\/a> aprovou nesta sexta-feira (15), por 324 a 142, uma regra dentro da reforma tribut\u00e1ria que permite a auditores municipais e estaduais terem o mesmo sal\u00e1rio de ministros do Supremo Tribunal Federal (<a class href=\"https:\/\/g1.globo.com\/tudo-sobre\/supremo-tribunal-federal\/\">STF<\/a>). <\/p>\n<p> A regra foi aprovada em um destaque \u2014 sugest\u00e3o pontual de altera\u00e7\u00e3o no texto \u2014 apresentado pelo bloco MDB, PSD, Republicanos e Podemos. <\/p>\n<p> A remunera\u00e7\u00e3o dos ministros do STF, de R$ 41.650,92, \u00e9 o teto do funcionalismo p\u00fablico e serve de refer\u00eancia para os vencimentos de ju\u00edzes e desembargadores. A partir de 1\u00ba de fevereiro de 2025, os vencimentos ser\u00e3o de R$ 46.366,19. Esse ser\u00e1 o teto para os auditores locais, cuja regra passar\u00e1 a valer a\u00a0partir\u00a0de\u00a02027. <\/p>\n<p> O dispositivo aprovado, inclu\u00eddo durante a tramita\u00e7\u00e3o da PEC no <a class href=\"https:\/\/g1.globo.com\/tudo-sobre\/senado-federal\/\">Senado<\/a>, iguala o limite remunerat\u00f3rio dos servidores federais aos servidores de administra\u00e7\u00f5es tribut\u00e1rias (auditores) de estados e munic\u00edpios. <\/p>\n<p>                   <img loading=\"lazy\" decoding=\"async\" class=\"aligncenter size-full wp-image-55120\" src=\"https:\/\/blog.corretoraideal.com.br\/wp-content\/uploads\/2023\/12\/reforma-tributaria-camara-aprova-texto-base-em-1o-turno.jpeg\" alt=\"Reforma tribut\u00e1ria: C\u00e2mara aprova texto base em 1\u00ba turno\" width=\"800\" height=\"400\" \/>       <\/p>\n<p> Reforma tribut\u00e1ria: C\u00e2mara aprova texto-base em 1\u00ba turno <\/p>\n<p> O relator, deputado <a class href=\"https:\/\/g1.globo.com\/tudo-sobre\/aguinaldo-ribeiro\/\">Aguinaldo Ribeiro<\/a> (PP-PB), disse que parte dos entes federados pediu a exclus\u00e3o do trecho por temer \u201cforte press\u00e3o dos sal\u00e1rios dos fiscos estaduais e municipais\u201d. Aguinaldo alertou que os funcion\u00e1rios poder\u00e3o receber mais que os pr\u00f3prios governadores e prefeitos. <\/p>\n<p> As altera\u00e7\u00f5es, no entanto, n\u00e3o s\u00e3o autom\u00e1ticas e dependem de aprova\u00e7\u00e3o de leis locais. <\/p>\n<p> O deputado Luiz Carlos Hauly (Pode-PR), que orientou favoravelmente \u00e0 medida, disse que a aprova\u00e7\u00e3o de um teto para os auditores locais \u201cd\u00e1 dignidade e est\u00edmulo\u201d a quem trabalha para arrecadar para o estado. <\/p>\n<p> \u201cOs ju\u00edzes federais t\u00eam suas carreiras e tetos, os promotores de justi\u00e7a tamb\u00e9m, o AGU tamb\u00e9m, mas o que arrecadam n\u00e3o t\u00eam. N\u00e3o adianta ter a melhor estrutura de IVA para combater sonega\u00e7\u00e3o se n\u00e3o tiver a remunera\u00e7\u00e3o\u201d, afirmou. <\/p>\n<p> Orientaram favoravelmente \u00e0 aprova\u00e7\u00e3o da regra a federa\u00e7\u00e3o PT, PcdoB e PV. Os demais blocos e partidos liberaram os filiados para votarem da forma como quisessem, com exce\u00e7\u00e3o do Novo, que foi contr\u00e1rio ao destaque. <\/p>\n<ul>\n<li> <a href=\"https:\/\/g1.globo.com\/tudo-sobre\/aguinaldo-ribeiro\/\" class=\"entities__list-itemLink\" data-track-click=\"Aguinaldo Ribeiro\"> Aguinaldo Ribeiro <\/a> <\/li>\n<li> <a href=\"https:\/\/g1.globo.com\/tudo-sobre\/camara-dos-deputados\/\" class=\"entities__list-itemLink\" data-track-click=\"C\u00e2mara dos Deputados\"> C\u00e2mara dos Deputados <\/a> <\/li>\n<li> <a href=\"https:\/\/g1.globo.com\/tudo-sobre\/supremo-tribunal-federal\/\" class=\"entities__list-itemLink\" data-track-click=\"STF - Supremo Tribunal Federal\"> STF &#8211; Supremo Tribunal Federal <\/a> <\/li>\n<li> <a href=\"https:\/\/g1.globo.com\/tudo-sobre\/senado-federal\/\" class=\"entities__list-itemLink\" data-track-click=\"Senado\"> Senado <\/a> <\/li>\n<\/ul>\n","protected":false},"excerpt":{"rendered":"<p>Reforma tribut\u00e1ria: deputados aprovam regra que permite a auditores municipais e estaduais ganharem igual a ministro do STF Relator alertou que trecho abre espa\u00e7o para funcion\u00e1rios receberem mais do que os pr\u00f3prios governadores e prefeitos. Ministros da Suprema Corte ganham atualmente R$ 41.650,92. Por Elisa Clavery, Luiz Felipe Barbi\u00e9ri, Ana Paula Casto, g1 &mdash; Bras\u00edlia [&hellip;]<\/p>\n","protected":false},"author":1,"featured_media":0,"comment_status":"closed","ping_status":"closed","sticky":false,"template":"","format":"standard","meta":{"footnotes":""},"categories":[],"tags":[],"class_list":["post-55118","post","type-post","status-publish","format-standard","hentry"],"_links":{"self":[{"href":"https:\/\/blog.corretoraideal.com.br\/index.php\/wp-json\/wp\/v2\/posts\/55118","targetHints":{"allow":["GET"]}}],"collection":[{"href":"https:\/\/blog.corretoraideal.com.br\/index.php\/wp-json\/wp\/v2\/posts"}],"about":[{"href":"https:\/\/blog.corretoraideal.com.br\/index.php\/wp-json\/wp\/v2\/types\/post"}],"author":[{"embeddable":true,"href":"https:\/\/blog.corretoraideal.com.br\/index.php\/wp-json\/wp\/v2\/users\/1"}],"replies":[{"embeddable":true,"href":"https:\/\/blog.corretoraideal.com.br\/index.php\/wp-json\/wp\/v2\/comments?post=55118"}],"version-history":[{"count":1,"href":"https:\/\/blog.corretoraideal.com.br\/index.php\/wp-json\/wp\/v2\/posts\/55118\/revisions"}],"predecessor-version":[{"id":55121,"href":"https:\/\/blog.corretoraideal.com.br\/index.php\/wp-json\/wp\/v2\/posts\/55118\/revisions\/55121"}],"wp:attachment":[{"href":"https:\/\/blog.corretoraideal.com.br\/index.php\/wp-json\/wp\/v2\/media?parent=55118"}],"wp:term":[{"taxonomy":"category","embeddable":true,"href":"https:\/\/blog.corretoraideal.com.br\/index.php\/wp-json\/wp\/v2\/categories?post=55118"},{"taxonomy":"post_tag","embeddable":true,"href":"https:\/\/blog.corretoraideal.com.br\/index.php\/wp-json\/wp\/v2\/tags?post=55118"}],"curies":[{"name":"wp","href":"https:\/\/api.w.org\/{rel}","templated":true}]}}