{"id":55128,"date":"2023-12-16T06:29:35","date_gmt":"2023-12-16T06:29:35","guid":{"rendered":"https:\/\/blog.corretoraideal.com.br\/?p=55128"},"modified":"2023-12-16T06:29:35","modified_gmt":"2023-12-16T06:29:35","slug":"o-brasil-amadureceu-diz-haddad-sobre-aprovacao-da-reforma-tributaria-pelo-congresso-economia-g1","status":"publish","type":"post","link":"https:\/\/blog.corretoraideal.com.br\/index.php\/2023\/12\/16\/o-brasil-amadureceu-diz-haddad-sobre-aprovacao-da-reforma-tributaria-pelo-congresso-economia-g1\/","title":{"rendered":"&#039;O Brasil amadureceu&#039;, diz Haddad sobre aprova\u00e7\u00e3o da reforma tribut\u00e1ria pelo Congresso | Economia | G1"},"content":{"rendered":"<br \/>\n<h1>&#039;O Brasil amadureceu&#039;, diz Haddad sobre aprova\u00e7\u00e3o da reforma tribut\u00e1ria pelo Congresso<\/h1>\n<h2>Parlamentares aprovaram o texto-base da proposta na C\u00e2mara dos Deputados. Segundo o ministro, projetos de leis que regulamentem a reforma devem ser enviados em 2024.<\/h2>\n<p> Por g1 &mdash; Bras\u00edlia <\/p>\n<p>  15\/12\/2023 18h58    Atualizado  15\/12\/2023    <\/p>\n<p> O ministro da Fazenda, Fernando Haddad, elogiou hoje <a class href=\"https:\/\/g1.globo.com\/politica\/noticia\/2023\/12\/15\/camara-reforma-tributaria.ghtml\">a aprova\u00e7\u00e3o em primeiro turno da reforma tribut\u00e1ria<\/a> pelo <a class href=\"https:\/\/g1.globo.com\/tudo-sobre\/congresso-nacional\/\">Congresso Nacional<\/a> nesta sexta-feira (15). <\/p>\n<ul>\n<li><a class href=\"https:\/\/g1.globo.com\/politica\/noticia\/2023\/12\/15\/reforma-tributaria-veja-como-votaram-os-deputados.ghtml\"><strong>Reforma tribut\u00e1ria: veja como votaram os deputados<\/strong><\/a><\/li>\n<\/ul>\n<p>                   <img loading=\"lazy\" decoding=\"async\" class=\"aligncenter size-full wp-image-55130\" src=\"https:\/\/blog.corretoraideal.com.br\/wp-content\/uploads\/2023\/12\/reforma-tributaria-camara-aprova-texto-base-em-1o-turno-1.jpeg\" alt=\"Reforma tribut\u00e1ria: C\u00e2mara aprova texto base em 1\u00ba turno\" width=\"800\" height=\"400\" \/>       <\/p>\n<p> Reforma tribut\u00e1ria: C\u00e2mara aprova texto-base em 1\u00ba turno <\/p>\n<p>&quot;O Brasil amadureceu, sabe que precisava enfrentar essa agenda que \u00e9 a mais importante das reformas porque organiza o sistema produtivo, coloca o Brasil em compasso com o que tem de mais moderno no mundo&quot;, disse o ministro.<\/p>\n<p> Haddad disse que conversou com os relatores do projeto na C\u00e2mara e no Senado ap\u00f3s a aprova\u00e7\u00e3o do texto-base da emenda constitucional e agradeceu em nome do minist\u00e9rio. Segundo ele, o presidente Lula tamb\u00e9m j\u00e1 conversou com os parlamentares para agradecer a vota\u00e7\u00e3o. <\/p>\n<p> O ministro afirmou que o governo deve enviar ao Congresso em 2024 as propostas para leis que v\u00e3o regulamentar a reforma. <\/p>\n<p> &quot;Eu estou feliz com esse resultado, sei que a nossa jornada n\u00e3o termina com a 1185 [MP das subven\u00e7\u00f5es] e com a reforma tribut\u00e1ria, demos passos importantes nesse ano&quot;, disse o ministro. <\/p>\n<p><h2>Al\u00edquota<\/h2>\n<\/p>\n<p> Questionado sobre uma poss\u00edvel al\u00edquota para o novo imposto, Haddad disse que ainda ser\u00e1 necess\u00e1rio recalcular o valor diante do texto aprovado pelo Congresso. <\/p>\n<p> Ap\u00f3s a primeira vers\u00e3o do texto no Senado,<a class href=\"https:\/\/g1.globo.com\/economia\/noticia\/2023\/11\/02\/reforma-tributaria-haddad-admite-que-novas-excecoes-elevam-aliquota-padrao-do-iva-para-ate-275percent.ghtml\"> o minist\u00e9rio estimou que a al\u00edquota padr\u00e3o poderia ficar entre 25,9% e 27,5%<\/a> <\/p>\n<p>&quot;N\u00f3s vamos recalcular o impacto. (&#8230;) Agora, quanto mais eficaz, eficiente n\u00f3s formos na transi\u00e7\u00e3o, quanto menos litigiosidade, quanto menos sonega\u00e7\u00e3o, quanto mais transpar\u00eancia, tudo isso vai concorrer pra al\u00edquota padr\u00e3o ser cada vez mais adequada&quot;, disse o ministro.<\/p>\n<p> O ministro disse que as exce\u00e7\u00f5es que est\u00e3o sendo inclu\u00eddas na reforma &#8212; e que podem afetar a al\u00edquota &#8212; v\u00e3o passar pelo &quot;teste da realidade&quot;. <\/p>\n<p> &quot;Se elas demonstrarem que n\u00e3o se justificam ao longo do tempo, elas v\u00e3o ser revistas em benef\u00edcio de uma al\u00edquota padr\u00e3o menor, ent\u00e3o at\u00e9 nisso a reforma tribut\u00e1ria foi sensata&quot;, disse o ministro. <\/p>\n<ul>\n<li> <a href=\"https:\/\/g1.globo.com\/tudo-sobre\/congresso-nacional\/\" class=\"entities__list-itemLink\" data-track-click=\"Congresso Nacional\"> Congresso Nacional <\/a> <\/li>\n<li> <a href=\"https:\/\/g1.globo.com\/tudo-sobre\/ministerio-da-fazenda\/\" class=\"entities__list-itemLink\" data-track-click=\"Minist\u00e9rio da Fazenda\"> Minist\u00e9rio da Fazenda <\/a> <\/li>\n<\/ul>\n","protected":false},"excerpt":{"rendered":"<p>&#039;O Brasil amadureceu&#039;, diz Haddad sobre aprova\u00e7\u00e3o da reforma tribut\u00e1ria pelo Congresso Parlamentares aprovaram o texto-base da proposta na C\u00e2mara dos Deputados. Segundo o ministro, projetos de leis que regulamentem a reforma devem ser enviados em 2024. Por g1 &mdash; Bras\u00edlia 15\/12\/2023 18h58 Atualizado 15\/12\/2023 O ministro da Fazenda, Fernando Haddad, elogiou hoje a aprova\u00e7\u00e3o [&hellip;]<\/p>\n","protected":false},"author":1,"featured_media":0,"comment_status":"closed","ping_status":"closed","sticky":false,"template":"","format":"standard","meta":{"footnotes":""},"categories":[],"tags":[],"class_list":["post-55128","post","type-post","status-publish","format-standard","hentry"],"_links":{"self":[{"href":"https:\/\/blog.corretoraideal.com.br\/index.php\/wp-json\/wp\/v2\/posts\/55128","targetHints":{"allow":["GET"]}}],"collection":[{"href":"https:\/\/blog.corretoraideal.com.br\/index.php\/wp-json\/wp\/v2\/posts"}],"about":[{"href":"https:\/\/blog.corretoraideal.com.br\/index.php\/wp-json\/wp\/v2\/types\/post"}],"author":[{"embeddable":true,"href":"https:\/\/blog.corretoraideal.com.br\/index.php\/wp-json\/wp\/v2\/users\/1"}],"replies":[{"embeddable":true,"href":"https:\/\/blog.corretoraideal.com.br\/index.php\/wp-json\/wp\/v2\/comments?post=55128"}],"version-history":[{"count":1,"href":"https:\/\/blog.corretoraideal.com.br\/index.php\/wp-json\/wp\/v2\/posts\/55128\/revisions"}],"predecessor-version":[{"id":55131,"href":"https:\/\/blog.corretoraideal.com.br\/index.php\/wp-json\/wp\/v2\/posts\/55128\/revisions\/55131"}],"wp:attachment":[{"href":"https:\/\/blog.corretoraideal.com.br\/index.php\/wp-json\/wp\/v2\/media?parent=55128"}],"wp:term":[{"taxonomy":"category","embeddable":true,"href":"https:\/\/blog.corretoraideal.com.br\/index.php\/wp-json\/wp\/v2\/categories?post=55128"},{"taxonomy":"post_tag","embeddable":true,"href":"https:\/\/blog.corretoraideal.com.br\/index.php\/wp-json\/wp\/v2\/tags?post=55128"}],"curies":[{"name":"wp","href":"https:\/\/api.w.org\/{rel}","templated":true}]}}