{"id":55140,"date":"2023-12-16T14:29:38","date_gmt":"2023-12-16T14:29:38","guid":{"rendered":"https:\/\/blog.corretoraideal.com.br\/?p=55140"},"modified":"2023-12-16T14:29:38","modified_gmt":"2023-12-16T14:29:38","slug":"operacao-itaperuna-segura-prende-2-suspeitos-de-trafico-houve-apreensao-de-drogas-armas-e-municoes-norte-fluminense-g1","status":"publish","type":"post","link":"https:\/\/blog.corretoraideal.com.br\/index.php\/2023\/12\/16\/operacao-itaperuna-segura-prende-2-suspeitos-de-trafico-houve-apreensao-de-drogas-armas-e-municoes-norte-fluminense-g1\/","title":{"rendered":"Opera\u00e7\u00e3o Itaperuna Segura prende 2 suspeitos de tr\u00e1fico; houve apreens\u00e3o de drogas, armas e muni\u00e7\u00f5es | Norte Fluminense | G1"},"content":{"rendered":"<br \/>\n<h1>Opera\u00e7\u00e3o Itaperuna Segura prende 2 suspeitos de tr\u00e1fico; houve apreens\u00e3o de drogas, armas e muni\u00e7\u00f5es<\/h1>\n<h2>A\u00e7\u00e3o de policiais da 143\u00aa DP (Itaperuna) e do 29\u00ba BPM (Itaperuna) cumpriu mandados de busca e apreens\u00e3o por tentativa de homic\u00eddio e tr\u00e1fico de drogas no bairro Fiteiro.<\/h2>\n<p> Por Lilia Bustilho, g1 &mdash; Campos dos Goytacazes <\/p>\n<p>  15\/12\/2023 13h01    Atualizado  15\/12\/2023    <\/p>\n<p>                   1 de 2&#013;Arma, muni\u00e7\u00e3o, droga e dinheiro apreendidos em opera\u00e7\u00e3o em Itaperuna \u2014 Foto: PM    <\/p>\n<p> Arma, muni\u00e7\u00e3o, droga e dinheiro apreendidos em opera\u00e7\u00e3o em Itaperuna \u2014 Foto: PM <\/p>\n<p> Dois homens, 33 e 21 anos, foram presos em flagrante suspeitos de tr\u00e1fico de drogas, associa\u00e7\u00e3o e porte ilegal de arma de fogo de uso restrito no bairro Fiteiro, em Itaperuna, no Noroeste Fluminense, nesta quinta-feira (14). <\/p>\n<p> A a\u00e7\u00e3o realizada por policiais da 143\u00aa DP (Itaperuna) e do 29\u00ba BPM (Itaperuna) cumpriu dois mandados de busca e apreens\u00e3o, sendo um por tr\u00e1fico e outro por tentativa de homic\u00eddio. <\/p>\n<p> Durante mais uma etapa da Opera\u00e7\u00e3o Itaperuna Segura foi apreendido dois rev\u00f3lveres calibre 38 e 15 muni\u00e7\u00f5es do mesmo calibre, 1.689 pinos de coca\u00edna, al\u00e9m de 511 pedras de crack, dois tabletes de maconha e R$ 1.271,50 em dinheiro. <\/p>\n<p>         2 de 2&#013;Droga apreendida durante opera\u00e7\u00e3o em Itaperuna \u2014 Foto: PM    <\/p>\n<p> Droga apreendida durante opera\u00e7\u00e3o em Itaperuna \u2014 Foto: PM <\/p>\n<p> Ainda segundo a pol\u00edcia, tamb\u00e9m foram encontrados dois cart\u00f5es banc\u00e1rios, um caderno de anota\u00e7\u00f5es do tr\u00e1fico e farto material para embalar as drogas. <\/p>\n<p> O resultado foi obtido sem nenhum disparo de arma de fogo, com cerco policial e com a\u00e7\u00f5es de intelig\u00eancia, segundo a pol\u00edcia. <\/p>\n<p> O caso foi registrado na 143\u00aa DP da cidade. Os suspeitos foram levados ao pres\u00eddio em Campos dos Goytacazes, no Norte Fluminense. <\/p>\n<p> Eles v\u00e3o passar por audi\u00eancia de cust\u00f3dia, momento em que o juiz verifica a legalidade da pris\u00e3o antes de permanecerem \u00e0 disposi\u00e7\u00e3o da Justi\u00e7a. <\/p>\n<ul> <\/ul>\n","protected":false},"excerpt":{"rendered":"<p>Opera\u00e7\u00e3o Itaperuna Segura prende 2 suspeitos de tr\u00e1fico; houve apreens\u00e3o de drogas, armas e muni\u00e7\u00f5es A\u00e7\u00e3o de policiais da 143\u00aa DP (Itaperuna) e do 29\u00ba BPM (Itaperuna) cumpriu mandados de busca e apreens\u00e3o por tentativa de homic\u00eddio e tr\u00e1fico de drogas no bairro Fiteiro. Por Lilia Bustilho, g1 &mdash; Campos dos Goytacazes 15\/12\/2023 13h01 Atualizado [&hellip;]<\/p>\n","protected":false},"author":1,"featured_media":0,"comment_status":"closed","ping_status":"closed","sticky":false,"template":"","format":"standard","meta":{"footnotes":""},"categories":[],"tags":[],"class_list":["post-55140","post","type-post","status-publish","format-standard","hentry"],"_links":{"self":[{"href":"https:\/\/blog.corretoraideal.com.br\/index.php\/wp-json\/wp\/v2\/posts\/55140","targetHints":{"allow":["GET"]}}],"collection":[{"href":"https:\/\/blog.corretoraideal.com.br\/index.php\/wp-json\/wp\/v2\/posts"}],"about":[{"href":"https:\/\/blog.corretoraideal.com.br\/index.php\/wp-json\/wp\/v2\/types\/post"}],"author":[{"embeddable":true,"href":"https:\/\/blog.corretoraideal.com.br\/index.php\/wp-json\/wp\/v2\/users\/1"}],"replies":[{"embeddable":true,"href":"https:\/\/blog.corretoraideal.com.br\/index.php\/wp-json\/wp\/v2\/comments?post=55140"}],"version-history":[{"count":1,"href":"https:\/\/blog.corretoraideal.com.br\/index.php\/wp-json\/wp\/v2\/posts\/55140\/revisions"}],"predecessor-version":[{"id":55142,"href":"https:\/\/blog.corretoraideal.com.br\/index.php\/wp-json\/wp\/v2\/posts\/55140\/revisions\/55142"}],"wp:attachment":[{"href":"https:\/\/blog.corretoraideal.com.br\/index.php\/wp-json\/wp\/v2\/media?parent=55140"}],"wp:term":[{"taxonomy":"category","embeddable":true,"href":"https:\/\/blog.corretoraideal.com.br\/index.php\/wp-json\/wp\/v2\/categories?post=55140"},{"taxonomy":"post_tag","embeddable":true,"href":"https:\/\/blog.corretoraideal.com.br\/index.php\/wp-json\/wp\/v2\/tags?post=55140"}],"curies":[{"name":"wp","href":"https:\/\/api.w.org\/{rel}","templated":true}]}}