{"id":55157,"date":"2023-12-16T21:29:44","date_gmt":"2023-12-16T21:29:44","guid":{"rendered":"https:\/\/blog.corretoraideal.com.br\/?p=55157"},"modified":"2023-12-16T21:29:44","modified_gmt":"2023-12-16T21:29:44","slug":"desemprego-em-queda-alta-do-pib-inflacao-o-que-os-numeros-do-fim-de-2023-dizem-sobre-a-economia-economia-g1","status":"publish","type":"post","link":"https:\/\/blog.corretoraideal.com.br\/index.php\/2023\/12\/16\/desemprego-em-queda-alta-do-pib-inflacao-o-que-os-numeros-do-fim-de-2023-dizem-sobre-a-economia-economia-g1\/","title":{"rendered":"Desemprego em queda, alta do PIB, infla\u00e7\u00e3o: o que os n\u00fameros do fim de 2023 dizem sobre a economia | Economia | G1"},"content":{"rendered":"<br \/>\n<h1>Desemprego em queda, alta do PIB, infla\u00e7\u00e3o: o que os n\u00fameros do fim de 2023 dizem sobre a economia <\/h1>\n<h2>Economistas consultados pelo g1 apontam saldo positivo para a economia brasileira em 2023, mas sinalizam crescimento menor em 2024.<\/h2>\n<p> Por <a class=\"multi_signatures\" href=\"https:\/\/g1.globo.com\/autores\/lais-carregosa\/\">Lais Carregosa<\/a>, g1 &mdash; Bras\u00edlia <\/p>\n<p>  16\/12\/2023 17h46    Atualizado  16\/12\/2023    <\/p>\n<ul>\n<li>\n<p> Com taxa de desemprego em queda, crescimento da atividade econ\u00f4mica e infla\u00e7\u00e3o menor, o ano de 2023 deve terminar com um saldo positivo para a economia brasileira, afirmam especialistas <\/p>\n<\/li>\n<li>\n<p> O Produto Interno Bruto (PIB) deve fechar o ano em 2,9%, enquanto a infla\u00e7\u00e3o deve chegar a 4,2% \u2013menor que os 5,6% de 2022. <\/p>\n<\/li>\n<li>\n<p> Salto explica que o PIB potencial \u2013 ou seja, a capacidade produtiva \u2014 est\u00e1 se recuperando depois de cair durante a pandemia de Covid-19. <\/p>\n<\/li>\n<li>\n<p> Fatores para a redu\u00e7\u00e3o da infla\u00e7\u00e3o passam pelo &#x27;choque de pre\u00e7os&#x27; das commodities &#8212; que aumentaram cerca de 20% em 2022 e ca\u00edram em 2023 &#8211;, pela pol\u00edtica monet\u00e1ria do Banco Central e pela valoriza\u00e7\u00e3o da moeda nacional. <\/p>\n<\/li>\n<li>\n<p> A maior parte da contribui\u00e7\u00e3o com o PIB em 2022 veio da ind\u00fastria e dos servi\u00e7os. J\u00e1 neste ano, o agroneg\u00f3cio e as atividades de extra\u00e7\u00e3o devem responder por mais da metade do PIB. <\/p>\n<\/li>\n<li>\n<p> Taxa de crescimento em 2024 deve ser menor e dever\u00e1 ser puxada peleo consumo e pelo investimento, em raz\u00e3o da redu\u00e7\u00e3o dos juros <\/p>\n<\/li>\n<li>\n<p> Tamb\u00e9m para 2024, a avalia\u00e7\u00e3o \u00e9 de que a infla\u00e7\u00e3o vai desacelerar. <\/p>\n<\/li>\n<\/ul>\n<p> Com taxa de desemprego em queda, crescimento da atividade econ\u00f4mica e infla\u00e7\u00e3o menor, o ano de 2023 deve terminar com um saldo positivo para a economia brasileira, afirmam especialistas <\/p>\n<p> O Produto Interno Bruto (PIB) deve fechar o ano em 2,9%, enquanto a infla\u00e7\u00e3o deve chegar a 4,2% \u2013menor que os 5,6% de 2022. <\/p>\n<p> Salto explica que o PIB potencial \u2013 ou seja, a capacidade produtiva \u2014 est\u00e1 se recuperando depois de cair durante a pandemia de Covid-19. <\/p>\n<p> Fatores para a redu\u00e7\u00e3o da infla\u00e7\u00e3o passam pelo &#x27;choque de pre\u00e7os&#x27; das commodities &#8212; que aumentaram cerca de 20% em 2022 e ca\u00edram em 2023 &#8211;, pela pol\u00edtica monet\u00e1ria do Banco Central e pela valoriza\u00e7\u00e3o da moeda nacional. <\/p>\n<p> A maior parte da contribui\u00e7\u00e3o com o PIB em 2022 veio da ind\u00fastria e dos servi\u00e7os. J\u00e1 neste ano, o agroneg\u00f3cio e as atividades de extra\u00e7\u00e3o devem responder por mais da metade do PIB. <\/p>\n<p> Taxa de crescimento em 2024 deve ser menor e dever\u00e1 ser puxada peleo consumo e pelo investimento, em raz\u00e3o da redu\u00e7\u00e3o dos juros <\/p>\n<p> Tamb\u00e9m para 2024, a avalia\u00e7\u00e3o \u00e9 de que a infla\u00e7\u00e3o vai desacelerar. <\/p>\n<p> Com taxa de desemprego em queda, crescimento da atividade econ\u00f4mica e infla\u00e7\u00e3o menor, o ano de 2023 deve terminar com um saldo positivo para a economia brasileira, afirmam especialistas consultados pelo <strong>g1<\/strong>. <\/p>\n<p> <a class href=\"https:\/\/g1.globo.com\/economia\/noticia\/2023\/11\/30\/desemprego-cai-a-76percent-no-trimestre-terminado-em-outubro-diz-ibge.ghtml\">A taxa de desemprego fechou o trimestre m\u00f3vel terminado em outubro com o menor \u00edndice desde fevereiro de 2015, de 7,6%<\/a>, e deve fechar o ano com m\u00e9dia de 8%. <\/p>\n<p> O Produto Interno Bruto (PIB) deve fechar o ano em 2,9%, enquanto a infla\u00e7\u00e3o deve chegar a 4,2% \u2013menor que os 5,6% de 2022. As estimativas s\u00e3o da Funda\u00e7\u00e3o Get\u00falio Vargas (FGV). <\/p>\n<p>                   <img loading=\"lazy\" decoding=\"async\" class=\"aligncenter size-full wp-image-55159\" src=\"https:\/\/blog.corretoraideal.com.br\/wp-content\/uploads\/2023\/12\/desemprego-cai-a-76-no-trimestre-terminado-em-outubro-diz-ibge.jpeg\" alt=\"Desemprego cai a 7,6% no trimestre terminado em outubro, diz IBGE\" width=\"800\" height=\"400\" \/>       <\/p>\n<p> Desemprego cai a 7,6% no trimestre terminado em outubro, diz IBGE <\/p>\n<p> \u201cQuando se come\u00e7a a pensar no in\u00edcio do ano, esper\u00e1vamos menos crescimento e mais infla\u00e7\u00e3o. Ent\u00e3o, acho que \u00e9 uma boa not\u00edcia\u201d, afirma a coordenadora do Boletim Macro da FGV, Silvia Matos. <\/p>\n<p>&quot;Entendo que os indicadores econ\u00f4micos em geral mostram uma situa\u00e7\u00e3o positiva em 2023, inclusive melhor do que n\u00f3s economistas, em grande maioria, projet\u00e1vamos para este ano\u201d, declarou o economista-chefe da Warren Investimentos e ex-diretor executivo do Instituto Fiscal Independente, Felipe Salto. <\/p>\n<p> Salto explica que <a class href=\"https:\/\/g1.globo.com\/jornal-nacional\/noticia\/2023\/12\/08\/economistas-debatem-qual-e-o-crescimento-potencial-do-brasil.ghtml\">o PIB potencial <\/a>\u2013 ou seja, a capacidade produtiva \u2014 est\u00e1 se recuperando depois de cair durante a pandemia de Covid-19. <\/p>\n<p> \u201cO que permite que voc\u00ea tenha uma coisa que parece contradit\u00f3ria, quando olhamos \u00e0 primeira vista, mas n\u00e3o \u00e9: o desemprego em patamares muito baixos e a infla\u00e7\u00e3o n\u00e3o pressionada, ao contr\u00e1rio, a infla\u00e7\u00e3o em redu\u00e7\u00e3o, at\u00e9 surpreendendo positivamente a cada resultado mensal\u201d, destacou. <\/p>\n<p><h2>Efeito das commodities <\/h2>\n<\/p>\n<p> Segundo Matos, da FGV, os fatores para <a class href=\"https:\/\/g1.globo.com\/economia\/noticia\/2023\/12\/12\/ipca-sobe-028percent-em-novembro.ghtml\">a redu\u00e7\u00e3o da infla\u00e7\u00e3o <\/a>passam pelo \u201cchoque de pre\u00e7os\u201d das commodities &#8212; que aumentaram cerca de 20% em 2022, mas ca\u00edram em 2023 &#8211;, pela pol\u00edtica monet\u00e1ria do Banco Central e pela valoriza\u00e7\u00e3o da moeda nacional. <\/p>\n<p> Matos destaca, contudo, o aumento na oferta de alimentos. A supersafra deste ano teve efeitos tanto na infla\u00e7\u00e3o quanto na atividade econ\u00f4mica. <\/p>\n<p>                   <img loading=\"lazy\" decoding=\"async\" class=\"aligncenter size-full wp-image-55160\" src=\"https:\/\/blog.corretoraideal.com.br\/wp-content\/uploads\/2023\/12\/inflacao-tem-leve-acelerada-em-novembro-mas-fica-abaixo-do-esperado-pelos-economistas.jpeg\" alt=\"Infla\u00e7\u00e3o tem leve acelerada em novembro, mas fica abaixo do esperado pelos economistas\" width=\"800\" height=\"400\" \/>       <\/p>\n<p> Infla\u00e7\u00e3o tem leve acelerada em novembro, mas fica abaixo do esperado pelos economistas <\/p>\n<p> A infla\u00e7\u00e3o domiciliar, que afeta principalmente alimentos e tem impacto direto sobre as contas das fam\u00edlias mais pobres, deve ter uma defla\u00e7\u00e3o de 0,8% este ano, segundo Matos. Em 2022, houve infla\u00e7\u00e3o de 13,2%. <\/p>\n<p>\u201cIsso \u00e9 uma coisa muito boa. Sabemos que alimentos s\u00e3o uma base importante, principalmente para fam\u00edlias de mais baixa renda. [&#8230;] Para fam\u00edlias de baix\u00edssima renda, pensando a\u00ed no Bolsa Fam\u00edlia, um ter\u00e7o da cesta deles \u00e9 esse tipo de alimenta\u00e7\u00e3o. \u00c9 muito alto\u201d, afirmou. <\/p>\n<p> Al\u00e9m disso, Matos destaca a redu\u00e7\u00e3o na infla\u00e7\u00e3o de bens industriais de 9,5% em 2022 para 1% este ano, segundo estimativa da FGV. <\/p>\n<p> \u201cUma parte relevante da infla\u00e7\u00e3o vem com uma desacelera\u00e7\u00e3o e muito mais creditado, n\u00e3o s\u00f3 [porque] teve a pol\u00edtica monet\u00e1ria, mas muito efeito desse choque de pre\u00e7os. N\u00e3o foi s\u00f3 no Brasil, todo mundo foi beneficiado por essa redu\u00e7\u00e3o de pre\u00e7os industriais, commodities, energia\u201d, declarou. <\/p>\n<p><h2>Atividade econ\u00f4mica <\/h2>\n<\/p>\n<p> Para Matos, <a class href=\"https:\/\/g1.globo.com\/economia\/noticia\/2023\/12\/05\/pib-do-brasil-cresce-01percent-no-3-trimestre-de-2023-diz-ibge.ghtml\">a trajet\u00f3ria do PIB<\/a> desse ano conta uma hist\u00f3ria diferente de 2022, apesar de os resultados serem parecidos: 3% em 2022 (valor revisado) e 2,9% este ano. <\/p>\n<p> <a class href=\"https:\/\/g1.globo.com\/economia\/pib-o-que-e\/\">O PIB \u00e9 a soma de todos os bens e servi\u00e7os produzidos no pa\u00eds. O indicador serve para medir a evolu\u00e7\u00e3o da economia.<\/a> <\/p>\n<p>         1 de 1&#013;Varia\u00e7\u00e3o trimestral do PIB brasileiro at\u00e9 o 3\u00b0 tri de 2023 \u2014 Foto: g1    <\/p>\n<p> Varia\u00e7\u00e3o trimestral do PIB brasileiro at\u00e9 o 3\u00b0 tri de 2023 \u2014 Foto: g1 <\/p>\n<p> A diferen\u00e7a entre os dois anos est\u00e1 nos setores que mais contribu\u00edram para a atividade econ\u00f4mica. A maior parte da contribui\u00e7\u00e3o com o PIB em 2022 veio da ind\u00fastria e dos servi\u00e7os. J\u00e1 neste ano, <a class href=\"https:\/\/g1.globo.com\/jornal-nacional\/noticia\/2023\/12\/05\/tamanho-do-agronegocio-na-economia-brasileira-ajuda-a-explicar-desempenho-do-pib.ghtml\">o agroneg\u00f3cio e as atividades de extra\u00e7\u00e3o devem responder por mais da metade do PIB.<\/a> <\/p>\n<p>\u201cFoi um ano muito bom, sem d\u00favida, pelo clima. Apesar do Rio Grande do Sul ter tido seca no in\u00edcio do ano, tivemos uma brutal safra de soja, de milho, isso ajudou a baratear ra\u00e7\u00e3o, ajudou nas carnes\u201d, afirmou. <\/p>\n<p> J\u00e1 a ind\u00fastria e os servi\u00e7os foram afetados pela pol\u00edtica monet\u00e1ria, com a manuten\u00e7\u00e3o dos juros a taxas mais altas. O ano come\u00e7ou a taxa b\u00e1sica de juros da economia, a Selic, a 13,75%. Na quarta-feira (13), <a class href=\"https:\/\/g1.globo.com\/economia\/noticia\/2023\/12\/13\/copom-corta-taxa-selic-de-1225percent-para-1175percent-ao-ano-na-ultima-reuniao-de-2023.ghtml\">o Comit\u00ea de Pol\u00edtica Monet\u00e1ria do Banco Central (Copom) reduziu a taxa de 12,25% para 11,75%<\/a>. <\/p>\n<p><h2>Perspectivas para 2024 <\/h2>\n<\/p>\n<p> Segundo Salto, a taxa de crescimento em 2024 deve ser menor, \u201cmas \u00e9 uma din\u00e2mica que provavelmente vai ser puxada pelo consumo e pelo investimento no ano que vem em raz\u00e3o da redu\u00e7\u00e3o dos juros que j\u00e1 est\u00e1 acontecendo h\u00e1 algum tempo\u201d. <\/p>\n<p> J\u00e1 para a infla\u00e7\u00e3o, a proje\u00e7\u00e3o da Warren \u00e9 de 3,5% no ano que vem, sem o efeito do El Ni\u00f1o. A meta do governo \u00e9 de 3%, mas a avalia\u00e7\u00e3o \u00e9 que h\u00e1 uma desacelera\u00e7\u00e3o ou controle da infla\u00e7\u00e3o. <\/p>\n<p> A FGV projeta uma infla\u00e7\u00e3o de 4,1% para 2024. Para Matos, o cen\u00e1rio para a infla\u00e7\u00e3o de alimentos deve ser menos animador que em 2023, com eleva\u00e7\u00e3o nos pre\u00e7os por causa dos fen\u00f4menos clim\u00e1ticos no final deste ano. <\/p>\n<p>\u201cEstamos vendo j\u00e1 previs\u00f5es de uma safra menor e o risco \u00e9 negativo porque vemos o Centro-Oeste, que produz bastante soja e milho, com chuva irregular, clima bastante quente. Pode ser que tenhamos uma leve queda do agro, depois de crescer (&#8230;) esse ano\u201d, afirmou. <\/p>\n<p> O crescimento menor do agroneg\u00f3cio tamb\u00e9m deve afetar o PIB. A proje\u00e7\u00e3o atual da FGV \u00e9 de um crescimento de 1,4% em 2024 &#8212; quase metade do previsto para 2023. <\/p>\n<p> &quot;Se tiver uma queda maior do agro, temos o risco de termos um PIB muito fraco no in\u00edcio do ano porque ele depende muito de agro&quot;, afirmou Matos. <\/p>\n<ul> <\/ul>\n","protected":false},"excerpt":{"rendered":"<p>Desemprego em queda, alta do PIB, infla\u00e7\u00e3o: o que os n\u00fameros do fim de 2023 dizem sobre a economia Economistas consultados pelo g1 apontam saldo positivo para a economia brasileira em 2023, mas sinalizam crescimento menor em 2024. Por Lais Carregosa, g1 &mdash; Bras\u00edlia 16\/12\/2023 17h46 Atualizado 16\/12\/2023 Com taxa de desemprego em queda, crescimento [&hellip;]<\/p>\n","protected":false},"author":1,"featured_media":0,"comment_status":"closed","ping_status":"closed","sticky":false,"template":"","format":"standard","meta":{"footnotes":""},"categories":[],"tags":[],"class_list":["post-55157","post","type-post","status-publish","format-standard","hentry"],"_links":{"self":[{"href":"https:\/\/blog.corretoraideal.com.br\/index.php\/wp-json\/wp\/v2\/posts\/55157","targetHints":{"allow":["GET"]}}],"collection":[{"href":"https:\/\/blog.corretoraideal.com.br\/index.php\/wp-json\/wp\/v2\/posts"}],"about":[{"href":"https:\/\/blog.corretoraideal.com.br\/index.php\/wp-json\/wp\/v2\/types\/post"}],"author":[{"embeddable":true,"href":"https:\/\/blog.corretoraideal.com.br\/index.php\/wp-json\/wp\/v2\/users\/1"}],"replies":[{"embeddable":true,"href":"https:\/\/blog.corretoraideal.com.br\/index.php\/wp-json\/wp\/v2\/comments?post=55157"}],"version-history":[{"count":1,"href":"https:\/\/blog.corretoraideal.com.br\/index.php\/wp-json\/wp\/v2\/posts\/55157\/revisions"}],"predecessor-version":[{"id":55161,"href":"https:\/\/blog.corretoraideal.com.br\/index.php\/wp-json\/wp\/v2\/posts\/55157\/revisions\/55161"}],"wp:attachment":[{"href":"https:\/\/blog.corretoraideal.com.br\/index.php\/wp-json\/wp\/v2\/media?parent=55157"}],"wp:term":[{"taxonomy":"category","embeddable":true,"href":"https:\/\/blog.corretoraideal.com.br\/index.php\/wp-json\/wp\/v2\/categories?post=55157"},{"taxonomy":"post_tag","embeddable":true,"href":"https:\/\/blog.corretoraideal.com.br\/index.php\/wp-json\/wp\/v2\/tags?post=55157"}],"curies":[{"name":"wp","href":"https:\/\/api.w.org\/{rel}","templated":true}]}}