{"id":55167,"date":"2023-12-17T00:29:39","date_gmt":"2023-12-17T00:29:39","guid":{"rendered":"https:\/\/blog.corretoraideal.com.br\/?p=55167"},"modified":"2023-12-17T00:29:39","modified_gmt":"2023-12-17T00:29:39","slug":"policia-militar-monta-operacao-para-impedir-suposta-invasao-a-propriedade-de-campos-norte-fluminense-g1","status":"publish","type":"post","link":"https:\/\/blog.corretoraideal.com.br\/index.php\/2023\/12\/17\/policia-militar-monta-operacao-para-impedir-suposta-invasao-a-propriedade-de-campos-norte-fluminense-g1\/","title":{"rendered":"Pol\u00edcia Militar monta opera\u00e7\u00e3o para impedir suposta invas\u00e3o a propriedade de Campos | Norte Fluminense | G1"},"content":{"rendered":"<br \/>\n<h1>Pol\u00edcia Militar monta opera\u00e7\u00e3o para impedir suposta invas\u00e3o a propriedade de Campos<\/h1>\n<h2>A\u00e7\u00e3o durou at\u00e9 a tarde deste s\u00e1bado (16) \u00e0s margens da BR-101. At\u00e9 um helic\u00f3ptero foi usado pela PM.<\/h2>\n<p> Por g1 &mdash; Campos dos Goytacazes <\/p>\n<p>  16\/12\/2023 20h53    Atualizado  16\/12\/2023    <\/p>\n<p>                      1 de 2&#013;PM se mobilizou ap\u00f3s obter informa\u00e7\u00f5es de suposta invas\u00e3o de propriedade em Campos por grupo de pessoas \u2014 Foto: PM    <\/p>\n<p> PM se mobilizou ap\u00f3s obter informa\u00e7\u00f5es de suposta invas\u00e3o de propriedade em Campos por grupo de pessoas \u2014 Foto: PM <\/p>\n<p> O 8\u00ba Batalh\u00e3o da Pol\u00edcia Militar em <a class href=\"https:\/\/g1.globo.com\/rj\/norte-fluminense\/cidade\/campos-dos-goytacazes\/\">Campos dos Goytacazes<\/a>, no Norte Fluminense, montou uma opera\u00e7\u00e3o ap\u00f3s identificar, nesta sexta-feira (15), segundo o servi\u00e7o de intelig\u00eancia da corpora\u00e7\u00e3o, que pessoas estariam se organizando para invadir terras. <\/p>\n<p> Os agentes permaneceram no terreno que seria alvo dos supostos invasores at\u00e9 a tarde deste s\u00e1bado (16). Na a\u00e7\u00e3o tamb\u00e9m foi utilizado um helic\u00f3ptero do Grupamento Aerom\u00f3vel (GAM). Houve ainda apoio de policiais do 6\u00ba CPA. <\/p>\n<p>         2 de 2&#013;PM recebeu apoio a\u00e9reo ap\u00f3s se mobilizar contra poss\u00edvel invas\u00e3o de terra em Campos \u2014 Foto: PM    <\/p>\n<p> PM recebeu apoio a\u00e9reo ap\u00f3s se mobilizar contra poss\u00edvel invas\u00e3o de terra em Campos \u2014 Foto: PM <\/p>\n<p> A produ\u00e7\u00e3o da Inter TV apurou que o terreno em quest\u00e3o trata-se de uma fazenda de propriedade privada, que fica \u00e0s margens da BR-101. <\/p>\n<p> Segundo a pol\u00edcia, ap\u00f3s policiamento intenso no local, o grupo desistiu da invas\u00e3o. <\/p>\n<p> O Movimento dos Trabalhadores Rurais Sem Terra do Rio de Janeiro divulgou nota dizendo que n\u00e3o houve a\u00e7\u00e3o do MST no local, esclarecendo ainda que: <\/p>\n<p> &quot;O MST n\u00e3o invade terras, mas ocupa os latif\u00fandios considerados improdutivos pela Legisla\u00e7\u00e3o, de forma leg\u00edtima, para exigir o cumprimento da Constitui\u00e7\u00e3o Federal, que obriga que estes espa\u00e7os sejam destinados \u00e0 reforma agr\u00e1ria&quot;. <\/p>\n<ul>\n<li> <a href=\"https:\/\/g1.globo.com\/rj\/norte-fluminense\/cidade\/campos-dos-goytacazes\/\" class=\"entities__list-itemLink\" data-track-click=\"Campos dos Goytacazes\"> Campos dos Goytacazes <\/a> <\/li>\n<\/ul>\n","protected":false},"excerpt":{"rendered":"<p>Pol\u00edcia Militar monta opera\u00e7\u00e3o para impedir suposta invas\u00e3o a propriedade de Campos A\u00e7\u00e3o durou at\u00e9 a tarde deste s\u00e1bado (16) \u00e0s margens da BR-101. At\u00e9 um helic\u00f3ptero foi usado pela PM. Por g1 &mdash; Campos dos Goytacazes 16\/12\/2023 20h53 Atualizado 16\/12\/2023 1 de 2&#013;PM se mobilizou ap\u00f3s obter informa\u00e7\u00f5es de suposta invas\u00e3o de propriedade em [&hellip;]<\/p>\n","protected":false},"author":1,"featured_media":0,"comment_status":"closed","ping_status":"closed","sticky":false,"template":"","format":"standard","meta":{"footnotes":""},"categories":[],"tags":[],"class_list":["post-55167","post","type-post","status-publish","format-standard","hentry"],"_links":{"self":[{"href":"https:\/\/blog.corretoraideal.com.br\/index.php\/wp-json\/wp\/v2\/posts\/55167","targetHints":{"allow":["GET"]}}],"collection":[{"href":"https:\/\/blog.corretoraideal.com.br\/index.php\/wp-json\/wp\/v2\/posts"}],"about":[{"href":"https:\/\/blog.corretoraideal.com.br\/index.php\/wp-json\/wp\/v2\/types\/post"}],"author":[{"embeddable":true,"href":"https:\/\/blog.corretoraideal.com.br\/index.php\/wp-json\/wp\/v2\/users\/1"}],"replies":[{"embeddable":true,"href":"https:\/\/blog.corretoraideal.com.br\/index.php\/wp-json\/wp\/v2\/comments?post=55167"}],"version-history":[{"count":1,"href":"https:\/\/blog.corretoraideal.com.br\/index.php\/wp-json\/wp\/v2\/posts\/55167\/revisions"}],"predecessor-version":[{"id":55169,"href":"https:\/\/blog.corretoraideal.com.br\/index.php\/wp-json\/wp\/v2\/posts\/55167\/revisions\/55169"}],"wp:attachment":[{"href":"https:\/\/blog.corretoraideal.com.br\/index.php\/wp-json\/wp\/v2\/media?parent=55167"}],"wp:term":[{"taxonomy":"category","embeddable":true,"href":"https:\/\/blog.corretoraideal.com.br\/index.php\/wp-json\/wp\/v2\/categories?post=55167"},{"taxonomy":"post_tag","embeddable":true,"href":"https:\/\/blog.corretoraideal.com.br\/index.php\/wp-json\/wp\/v2\/tags?post=55167"}],"curies":[{"name":"wp","href":"https:\/\/api.w.org\/{rel}","templated":true}]}}