{"id":55170,"date":"2023-12-17T02:32:26","date_gmt":"2023-12-17T02:32:26","guid":{"rendered":"https:\/\/blog.corretoraideal.com.br\/?p=55170"},"modified":"2023-12-17T02:32:26","modified_gmt":"2023-12-17T02:32:26","slug":"tributaria-lula-diz-que-aprovacao-demonstra-maturidade-da-classe-politica-para-lidar-com-divergencias-politica-g1","status":"publish","type":"post","link":"https:\/\/blog.corretoraideal.com.br\/index.php\/2023\/12\/17\/tributaria-lula-diz-que-aprovacao-demonstra-maturidade-da-classe-politica-para-lidar-com-divergencias-politica-g1\/","title":{"rendered":"Tribut\u00e1ria: Lula diz que aprova\u00e7\u00e3o demonstra &#039;maturidade&#039; da classe pol\u00edtica para lidar com diverg\u00eancias | Pol\u00edtica | G1"},"content":{"rendered":"<br \/>\n<h1>Tribut\u00e1ria: Lula diz que aprova\u00e7\u00e3o demonstra &#039;maturidade&#039; da classe pol\u00edtica para lidar com diverg\u00eancias<\/h1>\n<h2>Presidente comentou aprova\u00e7\u00e3o pela C\u00e2mara da reforma do sistema de impostos. Para Lula, medida \u00e9 &#039;fato hist\u00f3rico&#039; e facilitar\u00e1 investimentos. Proposta ser\u00e1 promulgada na pr\u00f3xima semana. <\/h2>\n<p> Por <a class=\"multi_signatures\" href=\"https:\/\/g1.globo.com\/autores\/luiz-felipe-barbieri\/\">Luiz Felipe Barbi\u00e9ri<\/a>, <a class=\"multi_signatures\" href=\"https:\/\/g1.globo.com\/autores\/gustavo-garcia\/\">Gustavo Garcia<\/a>, Graziela Azevedo, g1 e TV Globo &mdash; Bras\u00edlia e S\u00e3o Paulo <\/p>\n<p>  16\/12\/2023 11h37    Atualizado  16\/12\/2023    <\/p>\n<ul>\n<li>\n<p> O presidente Lula comemorou a aprova\u00e7\u00e3o da reforma tribut\u00e1ria pela C\u00e2mara, destacando a atua\u00e7\u00e3o de Haddad nas negocia\u00e7\u00f5es sobre o texto <\/p>\n<\/li>\n<li>\n<p> Para Lula, a aprova\u00e7\u00e3o \u00e9 um &#x27;fato hist\u00f3rico&#x27; para o pa\u00eds e a reforma facilitar\u00e1 investimentos no pa\u00eds <\/p>\n<\/li>\n<li>\n<p> Ele tamb\u00e9m elogiou a atua\u00e7\u00e3o do ministro Alexandre Padilha (Rela\u00e7\u00f5es Institucionais), que vinha sendo criticado pelo Centr\u00e3o <\/p>\n<\/li>\n<li>\n<p> Em entrevista \u00e0 TV Globo, ele disse ainda que a aprova\u00e7\u00e3o da reforma &#x27;maturidade&#x27; da classe pol\u00edtica para lidar com as diverg\u00eancias ideol\u00f3gicas no Congresso <\/p>\n<\/li>\n<li>\n<p> A reforma tribut\u00e1ria ser\u00e1 promulgada na pr\u00f3xima semana. Com o ato, ser\u00e1 incorporada \u00e0 Constitui\u00e7\u00e3o <\/p>\n<\/li>\n<li>\n<p> Tamb\u00e9m neste s\u00e1bado, Arthur Lira afirmou que, com a medida, o pa\u00eds passar\u00e1 a ter um sistema &#x27;moderno, enxuto e eficiente&#x27;, capaz de mudar a economia <\/p>\n<\/li>\n<\/ul>\n<p> O presidente Lula comemorou a aprova\u00e7\u00e3o da reforma tribut\u00e1ria pela C\u00e2mara, destacando a atua\u00e7\u00e3o de Haddad nas negocia\u00e7\u00f5es sobre o texto <\/p>\n<p> Para Lula, a aprova\u00e7\u00e3o \u00e9 um &#x27;fato hist\u00f3rico&#x27; para o pa\u00eds e a reforma facilitar\u00e1 investimentos no pa\u00eds <\/p>\n<p> Ele tamb\u00e9m elogiou a atua\u00e7\u00e3o do ministro Alexandre Padilha (Rela\u00e7\u00f5es Institucionais), que vinha sendo criticado pelo Centr\u00e3o <\/p>\n<p> Em entrevista \u00e0 TV Globo, ele disse ainda que a aprova\u00e7\u00e3o da reforma &#x27;maturidade&#x27; da classe pol\u00edtica para lidar com as diverg\u00eancias ideol\u00f3gicas no Congresso <\/p>\n<p> A reforma tribut\u00e1ria ser\u00e1 promulgada na pr\u00f3xima semana. Com o ato, ser\u00e1 incorporada \u00e0 Constitui\u00e7\u00e3o <\/p>\n<p> Tamb\u00e9m neste s\u00e1bado, Arthur Lira afirmou que, com a medida, o pa\u00eds passar\u00e1 a ter um sistema &#x27;moderno, enxuto e eficiente&#x27;, capaz de mudar a economia <\/p>\n<p>                   <img loading=\"lazy\" decoding=\"async\" class=\"aligncenter size-full wp-image-55172\" src=\"https:\/\/blog.corretoraideal.com.br\/wp-content\/uploads\/2023\/12\/tributaria-aprovacao-e.jpeg\" alt=\"Tribut\u00e1ria: aprova\u00e7\u00e3o \u00e9 \" width=\"800\" height=\"400\" \/>       <\/p>\n<p> Tribut\u00e1ria: aprova\u00e7\u00e3o \u00e9 &#8216;maturidade&#8217; da pol\u00edtica para lidar com diverg\u00eancias, diz Lula <\/p>\n<p> O presidente Luiz In\u00e1cio <a class href=\"https:\/\/g1.globo.com\/politica\/politico\/lula\/\">Lula<\/a> da Silva (<a class href=\"https:\/\/g1.globo.com\/politica\/partido\/pt\/\">PT<\/a>) afirmou em entrevista \u00e0 <strong>TV Globo<\/strong> neste s\u00e1bado (16) que a<a class href=\"https:\/\/g1.globo.com\/politica\/noticia\/2023\/12\/15\/camara-reforma-tributaria.ghtml\"> aprova\u00e7\u00e3o da reforma tribut\u00e1ria pela C\u00e2mara<\/a> nesta sexta-feira (15) demonstra &quot;maturidade&quot; da classe pol\u00edtica para lidar com as diverg\u00eancias ideol\u00f3gicas no Congresso. <\/p>\n<p> Lula deu a declara\u00e7\u00e3o depois de participar da cerim\u00f4nia de assinatura de contrato para a constru\u00e7\u00e3o de habita\u00e7\u00f5es populares em Itaquera, Zona Leste de S\u00e3o Paulo. <\/p>\n<p> Conclu\u00edda a vota\u00e7\u00e3o no <a class href=\"https:\/\/g1.globo.com\/tudo-sobre\/congresso-nacional\/\">Congresso Nacional<\/a>, a reforma tribut\u00e1ria vai para promulga\u00e7\u00e3o, e ser\u00e1 incorporada \u00e0 Constitui\u00e7\u00e3o. Entre os principais pontos, est\u00e3o a cria\u00e7\u00e3o do Imposto Sobre Valor Agregado (IVA); a defini\u00e7\u00e3o de uma cesta b\u00e1sica nacional isenta de impostos; e a institui\u00e7\u00e3o do Imposto Seletivo, chamado de &quot;imposto do pecado&quot; (<a class href=\"https:\/\/g1.globo.com\/politica\/noticia\/2023\/12\/16\/lula-elogia-haddad-e-diz-que-aprovacao-da-reforma-tributaria-foi-um-fato-historico.ghtml#1\">veja mais detalhes aqui<\/a>). <\/p>\n<ul>\n<li><a class href=\"https:\/\/g1.globo.com\/politica\/noticia\/2023\/12\/15\/entenda-em-7-pontos-a-reforma-tributaria.ghtml\">Entenda em 7 pontos a reforma tribut\u00e1ria<\/a><\/li>\n<li><a class href=\"https:\/\/g1.globo.com\/politica\/noticia\/2023\/12\/15\/no-ultimo-minuto-bancada-da-bala-derrota-governo-e-retira-imposto-do-pecado-sobre-armas-e-municao.ghtml\">&#x27;Bancada da bala&#x27; derrota governo e tira &#x27;imposto do pecado&#x27; sobre armas<\/a><\/li>\n<li><a class href=\"https:\/\/g1.globo.com\/politica\/noticia\/2023\/12\/16\/nao-e-o-sistema-perfeito-mas-o-possivel-diz-lira-apos-aprovacao-da-reforma-tributaria.ghtml\">&#x27;N\u00e3o \u00e9 o sistema perfeito, mas o poss\u00edvel&#x27;, diz Lira<\/a><\/li>\n<\/ul>\n<p> &quot;Essa semana foi uma demonstra\u00e7\u00e3o de que \u00e9 poss\u00edvel a gente fazer pol\u00edtica com a diversidade, conseguindo aprovar as coisas de interesse do pa\u00eds. O fato de ter aprovado a reforma tribut\u00e1ria ontem [sexta-feira] \u00e9 um fato hist\u00f3rico nesse pa\u00eds, porque \u00e9 a primeira vez que se aprova a reforma tribut\u00e1ria num regime democr\u00e1tico. E foi aprovada com todas as diverg\u00eancias, todas as tend\u00eancias poss\u00edveis dentro do Congresso&quot;, disse Lula \u00e0 <strong>TV Globo<\/strong>. <\/p>\n<p>&quot;Eu acho que \u00e9 uma demonstra\u00e7\u00e3o de maturidade . Eu acho que apesar das diverg\u00eancias , de sermos de direita, de esquerda, do centro, do meio, tem uma hora que as pessoas t\u00eam que refletir sobre o Brasil&quot;, completou o presidente<\/p>\n<p> Antes disso, durante discurso no evento, Lula afirmou que a aprova\u00e7\u00e3o da reforma foi um &quot;fato hist\u00f3rico&quot; para o Brasil (veja no v\u00eddeo abaixo). E elogiou a atua\u00e7\u00e3o do ministro da Fazenda, <a class href=\"https:\/\/g1.globo.com\/politica\/politico\/fernando-haddad\/\">Fernando Haddad<\/a>, na coordena\u00e7\u00e3o das negocia\u00e7\u00f5es em torno da proposta. <\/p>\n<p>                   <img loading=\"lazy\" decoding=\"async\" class=\"aligncenter size-full wp-image-55173\" src=\"https:\/\/blog.corretoraideal.com.br\/wp-content\/uploads\/2023\/12\/lula-aprovacao-da-reforma-tributaria-foi-fato-historico.jpeg\" alt=\"Lula: aprova\u00e7\u00e3o da reforma tribut\u00e1ria foi &#034;fato hist\u00f3rico&#034;\" width=\"800\" height=\"400\" \/>       <\/p>\n<p> Lula: aprova\u00e7\u00e3o da reforma tribut\u00e1ria foi &#8220;fato hist\u00f3rico&#8221; <\/p>\n<p><h2>Apoio a Padilha<\/h2>\n<\/p>\n<p> No discurso na cerim\u00f4nia em Iatquera, Lula, al\u00e9m de elogiar Haddad, deu apoio ao ministro da Secretaria de Rela\u00e7\u00f5es Institucionais, <a class href=\"https:\/\/g1.globo.com\/politica\/politico\/alexandre-padilha\/\">Alexandre Padilha<\/a>. <\/p>\n<p> Respons\u00e1vel pela articula\u00e7\u00e3o pol\u00edtica do governo junto ao Congresso Nacional, Padilha tem sido alvo de cr\u00edticas de caciques do Centr\u00e3o, que cobram libera\u00e7\u00e3o de emendas e o cumprimento de acordos fechados com os parlamentares. <\/p>\n<p>\u201cQuero agradecer ao Padilha. O Padilha tem uma fun\u00e7\u00e3o especial, ele \u00e9 coordenador do governo junto ao Congresso. \u00c9 o cara que mais apanha, o cara que \u00e9 mais cobrado, porque ele vai fazer acordo, ele fica prometendo coisa, depois a gente n\u00e3o pode entregar a coisa que ele promete\u201d, disse Lula. <\/p>\n<p> \u201cA\u00ed as pessoas querem dificultar a vota\u00e7\u00e3o, a\u00ed tem que entrar o Haddad, tem que entrar o Wagner. A\u00ed, por \u00faltimo, quando n\u00e3o tem mais jeito, tem que entrar eu, para atender a demanda que ele prometeu e que a gente tem que cumprir. Sou de uma gera\u00e7\u00e3o que, quando a gente promete, a gente cumpre\u201d. <\/p>\n<p> Mais cedo neste s\u00e1bado, em uma rede social, o presidente da C\u00e2mara, <a class href=\"https:\/\/g1.globo.com\/politica\/politico\/arthur-lira\/\">Arthur Lira<\/a> (PP-AL), tamb\u00e9m falou sobre a aprova\u00e7\u00e3o da reforma tribut\u00e1ria. Lira afirmou que <a class href=\"https:\/\/g1.globo.com\/politica\/noticia\/2023\/12\/16\/nao-e-o-sistema-perfeito-mas-o-possivel-diz-lira-apos-aprovacao-da-reforma-tributaria.ghtml\">o texto aprovado n\u00e3o \u00e9 &quot;perfeito&quot;, mas o &quot;poss\u00edvel&quot; neste momento<\/a>. <\/p>\n<p> O deputado disse ainda que, com a medida, o pa\u00eds ter\u00e1 sistema &quot;moderno, enxuto e eficiente&quot;. <\/p>\n<p><h2>Triplex do Guaruj\u00e1<\/h2>\n<\/p>\n<p> No discurso deste s\u00e1bado, Lula tamb\u00e9m falou sobre as caracter\u00edsticas do conjunto Copa do Povo, que ser\u00e1 constru\u00eddo em Itaquera com recursos federais, estaduais e municipais. O presidente disse que o empreendimento contar\u00e1 com apartamentos de 68 metros quadrados e varanda. <\/p>\n<p> Nesse momento, o petista lembrou <a class href=\"https:\/\/g1.globo.com\/politica\/noticia\/entenda-a-condenacao-de-lula-no-caso-do-triplex.ghtml\">o caso do triplex no Guaruj\u00e1 (SP)<\/a>, pelo qual foi condenado na Lava Jato pelo ex-juiz <a class href=\"https:\/\/g1.globo.com\/politica\/politico\/sergio-moro\/\">Sergio Moro<\/a> \u2013 que atualmente \u00e9 senador pelo Uni\u00e3o Brasil do Paran\u00e1. A <a class href=\"https:\/\/g1.globo.com\/politica\/noticia\/2021\/03\/08\/entenda-a-decisao-de-fachin-que-anulou-as-condenacoes-de-lula-e-o-que-acontece-agora.ghtml\">condena\u00e7\u00e3o acabou anulada pelo Supremo Tribunal Federal<\/a> (<a class href=\"https:\/\/g1.globo.com\/tudo-sobre\/supremo-tribunal-federal\/\">STF<\/a>). <\/p>\n<p>&quot;O custo estimado de cada apartamento [que ser\u00e1 constru\u00eddo no Copa do Povo] \u00e9 de R$ 216 mil. At\u00e9 eu posso comprar um desses. Eu nunca tive apartamento com varanda, nem o triplex que eles disseram que era meu era meu. E eu nunca pude ir naquele maldito triplex&quot;, disse.<\/p>\n<p> Fotos divulgadas em 2016, no entanto, <a class href=\"https:\/\/g1.globo.com\/sao-paulo\/noticia\/2016\/03\/fotos-mostram-visita-de-lula-triplex-em-guaruja.html\">mostram que Lula visitou o local<\/a> em 2014. <\/p>\n<p>                   <img loading=\"lazy\" decoding=\"async\" class=\"aligncenter size-full wp-image-55174\" src=\"https:\/\/blog.corretoraideal.com.br\/wp-content\/uploads\/2023\/12\/camara-aprova-a-reforma-tributaria.jpeg\" alt=\"C\u00e2mara aprova a reforma tribut\u00e1ria\" width=\"800\" height=\"400\" \/>       <\/p>\n<p> C\u00e2mara aprova a reforma tribut\u00e1ria <\/p>\n<p><h2>Marco temporal e desonera\u00e7\u00e3o<\/h2>\n<\/p>\n<p> Em entrevista \u00e0 <strong>TV Globo<\/strong>, Lula tamb\u00e9m comentou sobre a derrubada de vetos que fez a propostas aprovadas pelo Legislativo, como a que trata do marco temporal para demarca\u00e7\u00e3o de terras ind\u00edgenas e o texto que prorrogou a desonera\u00e7\u00e3o da folha de pagamentos at\u00e9 2027. <\/p>\n<p> O petista afirmou que a derrubada dos vetos j\u00e1 era esperada pelo governo. Sobre a retomada do marco temporal para demarca\u00e7\u00e3o de terras ind\u00edgenas, Lula disse acreditar que prevalecer\u00e1 a decis\u00e3o do Supremo Tribunal Federal (STF) contra a tese que impede o reconhecimento de \u00e1reas que n\u00e3o eram ocupadas por grupos ind\u00edgenas na data da promulga\u00e7\u00e3o da Constitui\u00e7\u00e3o, em outubro de 1988. <\/p>\n<p> &quot;No marco temporal, na minha opini\u00e3o acabou, j\u00e1 tinha decis\u00e3o da Suprema Corte. O Congresso Nacional derrubou o veto com uma outra hist\u00f3ria, eu vetei. Na hora que derruba o veto, vai permanecer aquilo que foi aprovado na Suprema Corte&quot;, declarou Lula. <\/p>\n<p> Em rela\u00e7\u00e3o \u00e0 desonera\u00e7\u00e3o, Lula disse que o governo vai recorrer ao STF contra a decis\u00e3o do Congresso. <\/p>\n<p><h2>Simplifica\u00e7\u00e3o dos impostos<\/h2>\n<\/p>\n<p> O texto aprovado pela C\u00e2mara nesta sexta \u00e9 a primeira etapa da reforma tribut\u00e1ria e<a class href=\"https:\/\/g1.globo.com\/politica\/noticia\/2023\/12\/15\/entenda-em-7-pontos-a-reforma-tributaria.ghtml\"> trata de impostos cobrados sobre o consumo<\/a>, ou seja, aqueles pagos no ato da compra. O governo ainda quer, no futuro, modificar o modelo de cobran\u00e7a de impostos sobre a renda. <\/p>\n<p> Em linhas gerais, a reforma unifica impostos sobre o consumo em um Imposto sobre Valor Agregado (IVA). O IVA ser\u00e1 dual: um para os impostos estaduais, outro para os federais. <\/p>\n<p> A al\u00edquota do IVA ainda n\u00e3o est\u00e1 definida, mas deve girar em torno de 25%, uma das maiores do mundo. <\/p>\n<p> Com a reforma, o governo n\u00e3o busca diminuir nem aumentar a carga tribut\u00e1ria vigente no pa\u00eds. Vai se manter a mesma. <\/p>\n<p> A diferen\u00e7a, segundo os defensores do texto, \u00e9 que o modelo vai ficar mais simples, <a class href=\"https:\/\/g1.globo.com\/economia\/noticia\/2023\/12\/15\/simplificacao-de-impostos-fim-de-distorcoes-eficiencia-os-objetivos-da-reforma-tributaria.ghtml\">a cobran\u00e7a ser\u00e1 mais eficiente e o desperd\u00edcio das empresas ser\u00e1 menor<\/a>. Isso porque, hoje, o modelo tribut\u00e1rio brasileiro \u00e9 considerado ca\u00f3tico e gerador de distor\u00e7\u00f5es. <\/p>\n<ul>\n<li> <a href=\"https:\/\/g1.globo.com\/politica\/politico\/alexandre-padilha\/\" class=\"entities__list-itemLink\" data-track-click=\"Alexandre Padilha\"> Alexandre Padilha <\/a> <\/li>\n<li> <a href=\"https:\/\/g1.globo.com\/politica\/politico\/arthur-lira\/\" class=\"entities__list-itemLink\" data-track-click=\"Arthur Lira\"> Arthur Lira <\/a> <\/li>\n<li> <a href=\"https:\/\/g1.globo.com\/tudo-sobre\/congresso-nacional\/\" class=\"entities__list-itemLink\" data-track-click=\"Congresso Nacional\"> Congresso Nacional <\/a> <\/li>\n<li> <a href=\"https:\/\/g1.globo.com\/tudo-sobre\/camara-dos-deputados\/\" class=\"entities__list-itemLink\" data-track-click=\"C\u00e2mara dos Deputados\"> C\u00e2mara dos Deputados <\/a> <\/li>\n<li> <a href=\"https:\/\/g1.globo.com\/politica\/politico\/fernando-haddad\/\" class=\"entities__list-itemLink\" data-track-click=\"Fernando Haddad\"> Fernando Haddad <\/a> <\/li>\n<li> <a href=\"https:\/\/g1.globo.com\/politica\/politico\/lula\/\" class=\"entities__list-itemLink\" data-track-click=\"Lula\"> Lula <\/a> <\/li>\n<li> <a href=\"https:\/\/g1.globo.com\/tudo-sobre\/ministerio-da-fazenda\/\" class=\"entities__list-itemLink\" data-track-click=\"Minist\u00e9rio da Fazenda\"> Minist\u00e9rio da Fazenda <\/a> <\/li>\n<li> <a href=\"https:\/\/g1.globo.com\/politica\/partido\/pt\/\" class=\"entities__list-itemLink\" data-track-click=\"PT\"> PT <\/a> <\/li>\n<li> <a href=\"https:\/\/g1.globo.com\/tudo-sobre\/supremo-tribunal-federal\/\" class=\"entities__list-itemLink\" data-track-click=\"STF - Supremo Tribunal Federal\"> STF &#8211; Supremo Tribunal Federal <\/a> <\/li>\n<li> <a href=\"https:\/\/g1.globo.com\/tudo-sobre\/senado-federal\/\" class=\"entities__list-itemLink\" data-track-click=\"Senado\"> Senado <\/a> <\/li>\n<li> <a href=\"https:\/\/g1.globo.com\/politica\/politico\/sergio-moro\/\" class=\"entities__list-itemLink\" data-track-click=\"Sergio Moro\"> Sergio Moro <\/a> <\/li>\n<\/ul>\n","protected":false},"excerpt":{"rendered":"<p>Tribut\u00e1ria: Lula diz que aprova\u00e7\u00e3o demonstra &#039;maturidade&#039; da classe pol\u00edtica para lidar com diverg\u00eancias Presidente comentou aprova\u00e7\u00e3o pela C\u00e2mara da reforma do sistema de impostos. Para Lula, medida \u00e9 &#039;fato hist\u00f3rico&#039; e facilitar\u00e1 investimentos. Proposta ser\u00e1 promulgada na pr\u00f3xima semana. Por Luiz Felipe Barbi\u00e9ri, Gustavo Garcia, Graziela Azevedo, g1 e TV Globo &mdash; Bras\u00edlia e [&hellip;]<\/p>\n","protected":false},"author":1,"featured_media":0,"comment_status":"closed","ping_status":"closed","sticky":false,"template":"","format":"standard","meta":{"footnotes":""},"categories":[],"tags":[],"class_list":["post-55170","post","type-post","status-publish","format-standard","hentry"],"_links":{"self":[{"href":"https:\/\/blog.corretoraideal.com.br\/index.php\/wp-json\/wp\/v2\/posts\/55170","targetHints":{"allow":["GET"]}}],"collection":[{"href":"https:\/\/blog.corretoraideal.com.br\/index.php\/wp-json\/wp\/v2\/posts"}],"about":[{"href":"https:\/\/blog.corretoraideal.com.br\/index.php\/wp-json\/wp\/v2\/types\/post"}],"author":[{"embeddable":true,"href":"https:\/\/blog.corretoraideal.com.br\/index.php\/wp-json\/wp\/v2\/users\/1"}],"replies":[{"embeddable":true,"href":"https:\/\/blog.corretoraideal.com.br\/index.php\/wp-json\/wp\/v2\/comments?post=55170"}],"version-history":[{"count":1,"href":"https:\/\/blog.corretoraideal.com.br\/index.php\/wp-json\/wp\/v2\/posts\/55170\/revisions"}],"predecessor-version":[{"id":55175,"href":"https:\/\/blog.corretoraideal.com.br\/index.php\/wp-json\/wp\/v2\/posts\/55170\/revisions\/55175"}],"wp:attachment":[{"href":"https:\/\/blog.corretoraideal.com.br\/index.php\/wp-json\/wp\/v2\/media?parent=55170"}],"wp:term":[{"taxonomy":"category","embeddable":true,"href":"https:\/\/blog.corretoraideal.com.br\/index.php\/wp-json\/wp\/v2\/categories?post=55170"},{"taxonomy":"post_tag","embeddable":true,"href":"https:\/\/blog.corretoraideal.com.br\/index.php\/wp-json\/wp\/v2\/tags?post=55170"}],"curies":[{"name":"wp","href":"https:\/\/api.w.org\/{rel}","templated":true}]}}