{"id":55176,"date":"2023-12-17T03:34:53","date_gmt":"2023-12-17T03:34:53","guid":{"rendered":"https:\/\/blog.corretoraideal.com.br\/?p=55176"},"modified":"2023-12-17T03:34:53","modified_gmt":"2023-12-17T03:34:53","slug":"como-se-fabrica-leite-em-po-como-a-musica-sai-do-disco-jovem-viraliza-fazendo-perguntas-e-o-g1-foi-atras-das-respostas-tecnologia-g1","status":"publish","type":"post","link":"https:\/\/blog.corretoraideal.com.br\/index.php\/2023\/12\/17\/como-se-fabrica-leite-em-po-como-a-musica-sai-do-disco-jovem-viraliza-fazendo-perguntas-e-o-g1-foi-atras-das-respostas-tecnologia-g1\/","title":{"rendered":"Como se fabrica leite em p\u00f3? Como a m\u00fasica sai do disco? Jovem viraliza fazendo perguntas (e o g1 foi atr\u00e1s das respostas) | Tecnologia | G1"},"content":{"rendered":"<br \/>\n<h1>Como se fabrica leite em p\u00f3? Como a m\u00fasica sai do disco? Jovem viraliza fazendo perguntas (e o g1 foi atr\u00e1s das respostas)<\/h1>\n<h2>Julia Iorio, de 23 anos, est\u00e1 fazendo sucesso nas redes sociais de um jeito inusitado: gerando d\u00favidas. O g1 conversou com especialistas para responder algumas das quest\u00f5es mais pol\u00eamicas feitas pela atriz a seus seguidores. <\/h2>\n<p> Por Daniela Scalabrini, g1 <\/p>\n<p>  28\/11\/2023 06h01    Atualizado  28\/11\/2023    <\/p>\n<p>                             <img loading=\"lazy\" decoding=\"async\" class=\"aligncenter size-full wp-image-55178\" src=\"https:\/\/blog.corretoraideal.com.br\/wp-content\/uploads\/2023\/12\/bluetooth-disco-de-vinil-e-crescimento-de-cabelo-jovem-viraliza-com-questionamentos-2.jpeg\" alt=\"Bluetooth, disco de vinil e crescimento de cabelo: jovem viraliza com questionamentos\" width=\"800\" height=\"400\" \/>      <\/p>\n<p> Bluetooth, disco de vinil e crescimento de cabelo: jovem viraliza com questionamentos <\/p>\n<p> Como funciona o bluetooth? Como se fabrica o leite em p\u00f3? Como sai m\u00fasica de um disco de vinil? E o cabelo &#8211; como ele cresce na nossa cabe\u00e7a ?? <\/p>\n<p> &quot;Coisas que eu n\u00e3o entendo e tenho pregui\u00e7a de pesquisar&quot;. \u00c9 assim que a carioca Julia Iorio, de 23 anos, come\u00e7a os v\u00eddeos que est\u00e3o fazendo sucesso nas redes sociais. Ela questiona o funcionamento de coisas b\u00e1sicas do nosso dia a dia e deixa os seguidores roendo as unhas sem respostas. <\/p>\n<p> O <a class href=\"https:\/\/g1.globo.com\/\"><strong>g1 <\/strong><\/a>conversou com a atriz, que contou que come\u00e7ou a gravar v\u00eddeos durante a pandemia e se animou vendo que o p\u00fablico estava curtindo. <\/p>\n<p> \u201cEu sou uma pessoa naturalmente curiosa. E quando eu conversava com as minhas amigas via que tem coisas na vida que a gente s\u00f3 aceita. A gente n\u00e3o sabe o porqu\u00ea, o como. Por exemplo, o leite em p\u00f3. N\u00f3s, meros mortais, a gente n\u00e3o sabe como isso funciona. Ent\u00e3o pra gente \u00e9 m\u00e1gica. Aparece na nossa mesa, a gente fala \u2018uau, leite em p\u00f3, que del\u00edcia\u2019. E a\u00ed eu resolvi compartilhar a minha ignor\u00e2ncia no TikTok pra ver se tinha mais pessoas que concordavam comigo. E tem. E o mais legal disso tudo \u00e9 que tem pessoas que respondem as minhas quest\u00f5es no pr\u00f3prio v\u00eddeo, comentando\u201d, conta Julia. <\/p>\n<p> Nos pr\u00f3prios coment\u00e1rios os seguidores tamb\u00e9m revelam suas d\u00favidas, dando ideias de perguntas. Julia conta que tem uma lista de quest\u00f5es pra gravar. \u201cQuanto mais eu pergunto, mais pergunta surge\u201d. <\/p>\n<p> E ela conta tamb\u00e9m que a fama j\u00e1 saiu das telas e que j\u00e1 foi at\u00e9 tietada na rua. \u201cNunca pensei. Eu gravava como divers\u00e3o. Os poucos seguidores que tinha no in\u00edcio gostavam muito, mas nunca imaginei que ia virar a febre que virou\u201d. <\/p>\n<p> Alguns v\u00eddeos da Julia t\u00eam mais de 1,5 milh\u00e3o de visualiza\u00e7\u00f5es. \u201cEu acho uma loucura, mas fico muito feliz. Fico bob\u00edssima. Mas eu acho uma grande de uma loucura\u201d, brinca. A d\u00favida que mais causou entre os seguidores da Julia foi sobre o funcionamento do disco de vinil (veja a resposta abaixo). Ela conta que as d\u00favidas sobre carros tamb\u00e9m engajam muito. <\/p>\n<p><h2>Agora, as respostas&#8230; <\/h2>\n<\/p>\n<p> <strong>? Como funciona o Bluetooth?<\/strong> <\/p>\n<p> O t\u00e9cnico telecomunica\u00e7\u00f5es William Ferreira explica que a tecnologia Bluetooth \u00e9 um tipo de comunica\u00e7\u00e3o sem fio, que permite a troca de informa\u00e7\u00f5es, como \u00e1udio, dados e comandos, entre dispositivos eletr\u00f4nicos pr\u00f3ximos, como smartphones, fones de ouvido, alto-falantes e teclados, entre outros. A tecnologia elimina a necessidade de cabos e simplifica a intera\u00e7\u00e3o entre dispositivos eletr\u00f4nicos. <\/p>\n<p> Assim como em outras tecnologias do tipo, a comunica\u00e7\u00e3o \u00e9 feita enviando pacotes de dados de um dispositivo para outro. No caso do Bluetooth, o transporte \u00e9 feito por um dos 79 canais da banda 2,4 GHz ISM, a mesma usada por micro-ondas, telefones sem fio e walkie-talkie. Para evitar interfer\u00eancias, os canais podem ser trocados aleatoriamente. <\/p>\n<p> <strong>?\u200d\u2640Como funciona o crescimento do nosso cabelo? <\/strong> <\/p>\n<p> O crescimento capilar ocorre em tr\u00eas fases: an\u00e1gena, cat\u00e1gena e tel\u00f3gena. O dermatologista C\u00e1ssio Battisti Serafini conta que, aos seus pacientes, costuma comparar o processo com a nossa vida. Existe uma fase em que somos produtivos, experimentamos nosso crescimento profissional e pessoal, que comparamos com a fase do crescimento capilar que dura de dois a oito anos (an\u00e1gena). Depois de muito contribuirmos chega a hora da aposentadoria, \u00e9 o repouso capilar que dura tr\u00eas semanas (cat\u00e1gena). E a tel\u00f3gena \u00e9 a etapa de finaliza\u00e7\u00e3o do ciclo. <\/p>\n<p> O ciclo de vida do cabelo dura em m\u00e9dia de 2 a 7 anos, caracter\u00edstica que herdamos geneticamente. O bulbo capilar, presente nos fol\u00edculos capilares funciona como se fosse uma pequena f\u00e1brica, onde as c\u00e9lulas se dividem, se diferenciam e come\u00e7am a ser empurradas para cima atrav\u00e9s do fol\u00edculo a medida que novas c\u00e9lulas s\u00e3o formadas, dando origem \u00e0 haste capilar. Ap\u00f3s a fase de crescimento, um novo fio \u00e9 formado, empurrando o antigo para fora do fol\u00edculo, dando in\u00edcio a um novo ciclo. <\/p>\n<p> <strong>?Como se fabrica o leite em p\u00f3?<\/strong> <\/p>\n<p> A Dra. Ana Carolina Sampaio Doria Chaves, pesquisadora da Embrapa Agroind\u00fastria de Alimentos traz as informa\u00e7\u00f5es sobre o processo de fabrica\u00e7\u00e3o do leite em p\u00f3. S\u00e3o v\u00e1rias etapas, come\u00e7ando pelo leite cru resfriado, at\u00e9 o resultado final. <\/p>\n<p> O produto passa por uma filtra\u00e7\u00e3o, padroniza\u00e7\u00e3o ou desnate parcial ou total, clarifica\u00e7\u00e3o, homogeneiza\u00e7\u00e3o, tratamento t\u00e9rmico e concentra\u00e7\u00e3o para elimina\u00e7\u00e3o de cerca de 50% do teor de \u00e1gua do leite in natura. <\/p>\n<p> Ap\u00f3s a retirada parcial da \u00e1gua do leite por evapora\u00e7\u00e3o, ocorre a etapa de desidrata\u00e7\u00e3o. Ne processo, o l\u00edquido \u00e9 transformado em um produto seco. Ap\u00f3s a evapora\u00e7\u00e3o da \u00e1gua, as part\u00edculas do leite em p\u00f3 caem no fundo da c\u00e2mara e seguem para etapa de resfriamento e de embalagem. <\/p>\n<p> <strong>?Como sai m\u00fasica de um disco de vinil? <\/strong> <\/p>\n<p> O co-fundador e engenheiro de \u00e1udio do Selo Graxasom, Paulo Maganinho, explica que o som \u00e9 transmitido a partir de um processo de transdu\u00e7\u00e3o, isto \u00e9, transforma\u00e7\u00e3o de energias, no caso energia mec\u00e2nica em el\u00e9trica. A agulha percorre os grooves, uma esp\u00e9cie de corredor sonoro popularmente chamado de sulcos no Brasil. <\/p>\n<p> Lado a lado, vibra conforme o espectro de frequ\u00eancias da m\u00fasica e traduz eletricamente aquele sinal, que passa por um sistema de amplifica\u00e7\u00e3o at\u00e9 chegar em outro transdutor: o autofalante, que por sua vez transforma energia el\u00e9trica em mec\u00e2nica provocando varia\u00e7\u00f5es na atmosfera que conhecemos\u00a0como\u00a0som. A partir disso, pessoas dan\u00e7am, se amam e se divertem. <\/p>\n<p> <strong>?Quem \u00e9 \/ o que \u00e9 o Duda do Detran?<\/strong> <\/p>\n<p> O DUDA \u00e9 nada mais nada menos do que a abrevia\u00e7\u00e3o para Documento \u00danico do Detran de Arrecada\u00e7\u00e3o. Ele \u00e9 o documento para o pagamento de taxas cobradas para a realiza\u00e7\u00e3o de servi\u00e7os junto ao Detran e \u00e9 emitido para a quita\u00e7\u00e3o de diversas taxas relacionadas \u00e0 carteira de motorista, e tamb\u00e9m a licen\u00e7as relacionadas ao ve\u00edculo, como vistoria, transfer\u00eancia, inser\u00e7\u00e3o de nova categoria, dentre outros (Fonte: Detran-RJ). <\/p>\n<p> <strong>LEIA TAMB\u00c9M:<\/strong> <\/p>\n<ul>\n<li><strong>Pneu, cart\u00e3o do SUS, alian\u00e7as e mais:<\/strong><a class href=\"https:\/\/g1.globo.com\/go\/goias\/noticia\/2022\/10\/18\/pneu-cartao-do-sus-aliancas-e-mais-jovem-mostra-itens-esquecidos-em-motel-da-familia-em-goiania.ghtml\"><strong> jovem viraliza ao mostrar itens esquecidos em motel da fam\u00edlia em Goi\u00e2nia<\/strong><\/a><\/li>\n<li><a class href=\"https:\/\/g1.globo.com\/go\/goias\/noticia\/2022\/10\/18\/loja-faz-sucesso-apos-mulher-viralizar-ao-contar-que-marido-achou-que-o-cartao-de-credito-havia-sido-clonado-apos-ela-usa-lo.ghtml\"><strong>Loja faz sucesso ap\u00f3s mulher viralizar ao contar que marido achou que o cart\u00e3o de cr\u00e9dito havia sido clonado ap\u00f3s ela us\u00e1-lo<\/strong><\/a><\/li>\n<li><strong>V\u00cdDEO:<\/strong><a class href=\"https:\/\/g1.globo.com\/go\/goias\/noticia\/2022\/09\/15\/bebe-viraliza-na-web-apos-reconhecer-que-pedaco-de-papel-dado-pelo-pai-nao-era-dinheiro-em-goiania-video.ghtml\"><strong> Beb\u00ea viraliza na web ap\u00f3s reconhecer que peda\u00e7o de papel dado pelo pai n\u00e3o era dinheiro<\/strong><\/a><\/li>\n<li><strong>\u2018N\u00e3o arranque a porta do meu freezer\u2019: <\/strong><a class href=\"https:\/\/g1.globo.com\/go\/goias\/noticia\/2022\/07\/26\/jovem-faz-convite-de-aniversario-com-manual-de-instrucoes-e-post-viraliza-na-internet-nao-arranque-a-porta-do-meu-freezer.ghtml\"><strong>Jovem faz convite de anivers\u00e1rio com manual de instru\u00e7\u00f5es e viraliza na internet<\/strong><\/a><\/li>\n<\/ul>\n<ul> <\/ul>\n","protected":false},"excerpt":{"rendered":"<p>Como se fabrica leite em p\u00f3? Como a m\u00fasica sai do disco? Jovem viraliza fazendo perguntas (e o g1 foi atr\u00e1s das respostas) Julia Iorio, de 23 anos, est\u00e1 fazendo sucesso nas redes sociais de um jeito inusitado: gerando d\u00favidas. O g1 conversou com especialistas para responder algumas das quest\u00f5es mais pol\u00eamicas feitas pela atriz [&hellip;]<\/p>\n","protected":false},"author":1,"featured_media":0,"comment_status":"closed","ping_status":"closed","sticky":false,"template":"","format":"standard","meta":{"footnotes":""},"categories":[],"tags":[],"class_list":["post-55176","post","type-post","status-publish","format-standard","hentry"],"_links":{"self":[{"href":"https:\/\/blog.corretoraideal.com.br\/index.php\/wp-json\/wp\/v2\/posts\/55176","targetHints":{"allow":["GET"]}}],"collection":[{"href":"https:\/\/blog.corretoraideal.com.br\/index.php\/wp-json\/wp\/v2\/posts"}],"about":[{"href":"https:\/\/blog.corretoraideal.com.br\/index.php\/wp-json\/wp\/v2\/types\/post"}],"author":[{"embeddable":true,"href":"https:\/\/blog.corretoraideal.com.br\/index.php\/wp-json\/wp\/v2\/users\/1"}],"replies":[{"embeddable":true,"href":"https:\/\/blog.corretoraideal.com.br\/index.php\/wp-json\/wp\/v2\/comments?post=55176"}],"version-history":[{"count":1,"href":"https:\/\/blog.corretoraideal.com.br\/index.php\/wp-json\/wp\/v2\/posts\/55176\/revisions"}],"predecessor-version":[{"id":55179,"href":"https:\/\/blog.corretoraideal.com.br\/index.php\/wp-json\/wp\/v2\/posts\/55176\/revisions\/55179"}],"wp:attachment":[{"href":"https:\/\/blog.corretoraideal.com.br\/index.php\/wp-json\/wp\/v2\/media?parent=55176"}],"wp:term":[{"taxonomy":"category","embeddable":true,"href":"https:\/\/blog.corretoraideal.com.br\/index.php\/wp-json\/wp\/v2\/categories?post=55176"},{"taxonomy":"post_tag","embeddable":true,"href":"https:\/\/blog.corretoraideal.com.br\/index.php\/wp-json\/wp\/v2\/tags?post=55176"}],"curies":[{"name":"wp","href":"https:\/\/api.w.org\/{rel}","templated":true}]}}