{"id":55191,"date":"2023-12-17T12:29:37","date_gmt":"2023-12-17T12:29:37","guid":{"rendered":"https:\/\/blog.corretoraideal.com.br\/?p=55191"},"modified":"2023-12-17T12:29:37","modified_gmt":"2023-12-17T12:29:37","slug":"produtores-do-es-vestem-abacaxis-com-papel-para-proteger-as-frutas-do-calorao-e-garantir-colheita-agronegocios-no-espirito-santo-g1","status":"publish","type":"post","link":"https:\/\/blog.corretoraideal.com.br\/index.php\/2023\/12\/17\/produtores-do-es-vestem-abacaxis-com-papel-para-proteger-as-frutas-do-calorao-e-garantir-colheita-agronegocios-no-espirito-santo-g1\/","title":{"rendered":"Produtores do ES &#039;vestem&#039; abacaxis com papel para proteger as frutas do calor\u00e3o e garantir colheita | Agroneg\u00f3cios no Esp\u00edrito Santo | G1"},"content":{"rendered":"<br \/>\n<h1>Produtores do ES &#039;vestem&#039; abacaxis com papel para proteger as frutas do calor\u00e3o e garantir colheita<\/h1>\n<h2>Segundo a Prefeitura de Marata\u00edzes, pelo menos duas mil fam\u00edlias vivem do plantio da fruta e a produ\u00e7\u00e3o chega a mais de 40 mil toneladas de abacaxis por ano.<\/h2>\n<p> Por Bruna Hemerly, g1 ES e TV Gazeta <\/p>\n<p>  17\/12\/2023 07h30    Atualizado  17\/12\/2023    <\/p>\n<p>                   1 de 4&#013;Produtores do ES &#039;vestem&#039; abacaxis com papel para proteger as frutas do calor\u00e3o e garantir colheita \u2014 Foto: Reprodu\u00e7\u00e3o TV Gazeta    <\/p>\n<p> Produtores do ES &#039;vestem&#039; abacaxis com papel para proteger as frutas do calor\u00e3o e garantir colheita \u2014 Foto: Reprodu\u00e7\u00e3o TV Gazeta <\/p>\n<p> Os produtores rurais de <a class href=\"https:\/\/g1.globo.com\/es\/espirito-santo\/cidade\/marataizes\/\">Marata\u00edzes<\/a>, no Sul do Esp\u00edrito Santo, est\u00e3o recorrendo a uma t\u00e9cnica antiga para proteger os abacaxis do calor\u00e3o os \u00faltimos dias: vestir as frutas com papel. De acordo com a prefeitura do munic\u00edpio, pelo menos duas mil fam\u00edlias vivem do plantio da fruta e a produ\u00e7\u00e3o chega a mais de 40 mil toneladas de abacaxi por ano. <\/p>\n<ul>\n<li><a class href=\"https:\/\/api.whatsapp.com\/send?text=?utm_source%3Dwhatsapp%26utm_medium%3Dshare-engagement%26utm_campaign%3Dte-materias\" target=\"_blank\" rel=\"noopener noreferrer\"><strong>Compartilhe no WhatsApp<\/strong><\/a><\/li>\n<li><a class href=\"https:\/\/telegram.me\/share\/url?url=?utm_source%3Dtelegram%26utm_medium%3Dshare-engagement%26utm_campaign%3Dte-materias\" target=\"_blank\" rel=\"noopener noreferrer\"><strong>Compartilhe no Telegram <\/strong><\/a><\/li>\n<\/ul>\n<p>&quot;Se n\u00e3o fosse o papel que a gente usa para cobrir a fruta, uma ro\u00e7a dessa j\u00e1 teria perdido cerca de 90% [da produ\u00e7\u00e3o]. Mas como a gente cobre com papel, como a gente v\u00ea que o p\u00e9 t\u00e1 tombando um pouquinho e a gente levanta, temos todos um cuidado, est\u00e1 dando certo, gra\u00e7as a Deus&quot;, disse o produtor rural Jos\u00e9 Brand\u00e3o. <\/p>\n<p>         2 de 4&#013;Produtores do ES &#039;vestem&#039; abacaxis com papel para proteger as frutas do calor\u00e3o \u2014 Foto: Reprodu\u00e7\u00e3o\/TV Gazeta    <\/p>\n<p> Produtores do ES &#039;vestem&#039; abacaxis com papel para proteger as frutas do calor\u00e3o \u2014 Foto: Reprodu\u00e7\u00e3o\/TV Gazeta <\/p>\n<p> A pr\u00e1tica de cobrir o fruto com o papel \u00e9 comum entre os produtores, mas precisou ser antecipada por causa da onda de calor que atingiu o Brasil no m\u00eas de novembro de 2023. <\/p>\n<p> De acordo com a t\u00e9cnica do Servi\u00e7o Nacional de Aprendizagem Rural do Esp\u00edrito Santo (Senar) Maria Maitan, a cuidado nos dias quentes tamb\u00e9m deixa o abacaxi mais caro. <\/p>\n<p>&quot;O fruto recoberto recebe uma menor incid\u00eancia solar, assim ele \u00e9 protegido e n\u00e3o queima, n\u00e3o cozinha a poupa dele. Se o produtor tem que cuidar da fruta desde a colheita, isso tamb\u00e9m encarece o produto&quot;, explicou a t\u00e9cnica. <\/p>\n<p>         3 de 4&#013;Produ\u00e7\u00e3o de abacaxi \u00e9 recoberta com papel em lavoura do ES \u2014 Foto: Reprodu\u00e7\u00e3o\/TV Gazeta    <\/p>\n<p> Produ\u00e7\u00e3o de abacaxi \u00e9 recoberta com papel em lavoura do ES \u2014 Foto: Reprodu\u00e7\u00e3o\/TV Gazeta <\/p>\n<p> Para o produtor rural Jos\u00e9 Brand\u00e3o, o lucro diminui devido ao aumento de custo, mas o resultado final \u00e9 gratificante. <\/p>\n<p>&quot;A gente faz isso porque a gente n\u00e3o pensa s\u00f3 no lucro. A gente pensa em levar para os nossos clientes um abacaxi de qualidade&quot;, disse o produtor. <\/p>\n<p>         4 de 4&#013;Abacaxis podem queimar, caso fiquem no sol. Produtores do ES passaram a vestir os frutos com papel \u2014 Foto: Reprodu\u00e7\u00e3o\/TV Gazeta    <\/p>\n<p> Abacaxis podem queimar, caso fiquem no sol. Produtores do ES passaram a vestir os frutos com papel \u2014 Foto: Reprodu\u00e7\u00e3o\/TV Gazeta <\/p>\n<p><h2>V\u00eddeos: tudo sobre o Esp\u00edrito Santo<\/h2>\n<\/p>\n<p>   <a href=\"https:\/\/g1.globo.com\/es\/espirito-santo\/edicao\/2021\/01\/29\/videos-tudo-sobre-o-es.ghtml\">    50 v\u00eddeos      <\/a>       <\/p>\n<ul>\n<li><a class href=\"http:\/\/g1.globo.com\/espirito-santo\/ultimas-noticias.html\"><strong>Veja o plant\u00e3o de \u00faltimas not\u00edcias do g1 Esp\u00edrito Santo<\/strong><\/a><\/li>\n<\/ul>\n<ul>\n<li> <a href=\"https:\/\/g1.globo.com\/topico\/espirito-santo\" class=\"entities__list-itemLink\" data-track-click=\"Esp\u00edrito Santo\"> Esp\u00edrito Santo <\/a> <\/li>\n<li> <a href=\"https:\/\/g1.globo.com\/es\/espirito-santo\/cidade\/marataizes\/\" class=\"entities__list-itemLink\" data-track-click=\"Marata\u00edzes\"> Marata\u00edzes <\/a> <\/li>\n<\/ul>\n","protected":false},"excerpt":{"rendered":"<p>Produtores do ES &#039;vestem&#039; abacaxis com papel para proteger as frutas do calor\u00e3o e garantir colheita Segundo a Prefeitura de Marata\u00edzes, pelo menos duas mil fam\u00edlias vivem do plantio da fruta e a produ\u00e7\u00e3o chega a mais de 40 mil toneladas de abacaxis por ano. Por Bruna Hemerly, g1 ES e TV Gazeta 17\/12\/2023 07h30 [&hellip;]<\/p>\n","protected":false},"author":1,"featured_media":0,"comment_status":"closed","ping_status":"closed","sticky":false,"template":"","format":"standard","meta":{"footnotes":""},"categories":[],"tags":[],"class_list":["post-55191","post","type-post","status-publish","format-standard","hentry"],"_links":{"self":[{"href":"https:\/\/blog.corretoraideal.com.br\/index.php\/wp-json\/wp\/v2\/posts\/55191","targetHints":{"allow":["GET"]}}],"collection":[{"href":"https:\/\/blog.corretoraideal.com.br\/index.php\/wp-json\/wp\/v2\/posts"}],"about":[{"href":"https:\/\/blog.corretoraideal.com.br\/index.php\/wp-json\/wp\/v2\/types\/post"}],"author":[{"embeddable":true,"href":"https:\/\/blog.corretoraideal.com.br\/index.php\/wp-json\/wp\/v2\/users\/1"}],"replies":[{"embeddable":true,"href":"https:\/\/blog.corretoraideal.com.br\/index.php\/wp-json\/wp\/v2\/comments?post=55191"}],"version-history":[{"count":1,"href":"https:\/\/blog.corretoraideal.com.br\/index.php\/wp-json\/wp\/v2\/posts\/55191\/revisions"}],"predecessor-version":[{"id":55193,"href":"https:\/\/blog.corretoraideal.com.br\/index.php\/wp-json\/wp\/v2\/posts\/55191\/revisions\/55193"}],"wp:attachment":[{"href":"https:\/\/blog.corretoraideal.com.br\/index.php\/wp-json\/wp\/v2\/media?parent=55191"}],"wp:term":[{"taxonomy":"category","embeddable":true,"href":"https:\/\/blog.corretoraideal.com.br\/index.php\/wp-json\/wp\/v2\/categories?post=55191"},{"taxonomy":"post_tag","embeddable":true,"href":"https:\/\/blog.corretoraideal.com.br\/index.php\/wp-json\/wp\/v2\/tags?post=55191"}],"curies":[{"name":"wp","href":"https:\/\/api.w.org\/{rel}","templated":true}]}}