{"id":55229,"date":"2023-12-18T04:31:05","date_gmt":"2023-12-18T04:31:05","guid":{"rendered":"https:\/\/blog.corretoraideal.com.br\/?p=55229"},"modified":"2023-12-18T04:31:05","modified_gmt":"2023-12-18T04:31:05","slug":"blue-origin-tenta-nesta-segunda-o-1o-lancamento-apos-acidente-com-nave-pausa-dura-15-meses-inovacao-g1","status":"publish","type":"post","link":"https:\/\/blog.corretoraideal.com.br\/index.php\/2023\/12\/18\/blue-origin-tenta-nesta-segunda-o-1o-lancamento-apos-acidente-com-nave-pausa-dura-15-meses-inovacao-g1\/","title":{"rendered":"Blue Origin tenta nesta segunda o 1\u00ba lan\u00e7amento ap\u00f3s acidente com nave; pausa dura 15 meses | Inova\u00e7\u00e3o | G1"},"content":{"rendered":"<br \/>\n<h1>Blue Origin tenta nesta segunda o 1\u00ba lan\u00e7amento ap\u00f3s acidente com nave; pausa dura 15 meses<\/h1>\n<h2>\u00daltimo voo da empresa do bilion\u00e1rio Jeff Bezos aconteceu em setembro de 2022 e terminou com queda da nave por conta de um problema no motor. Sem tripulantes, nova miss\u00e3o est\u00e1 marcada para as 11h30 (hor\u00e1rio de Bras\u00edlia).<\/h2>\n<p> Por g1 <\/p>\n<p>  18\/12\/2023 00h00    Atualizado  18\/12\/2023    <\/p>\n<ul>\n<li>\n<p> A Blue Origin marcou a miss\u00e3o NS-24 para esta segunda-feira (18), \u00e0s 11h30 (hor\u00e1rio de Bras\u00edlia). <\/p>\n<\/li>\n<li>\n<p> Miss\u00e3o n\u00e3o ter\u00e1 tripulantes e ser\u00e1 a primeira desde acidente com a nave da empresa em setembro de 2022. <\/p>\n<\/li>\n<li>\n<p> Nova miss\u00e3o tem o objetivo de superar a chamada Linha de K\u00e1rman, ponto a 100 quil\u00f4metros de altitude usado para definir in\u00edcio do espa\u00e7o. <\/p>\n<\/li>\n<\/ul>\n<p> A Blue Origin marcou a miss\u00e3o NS-24 para esta segunda-feira (18), \u00e0s 11h30 (hor\u00e1rio de Bras\u00edlia). <\/p>\n<p> Miss\u00e3o n\u00e3o ter\u00e1 tripulantes e ser\u00e1 a primeira desde acidente com a nave da empresa em setembro de 2022. <\/p>\n<p> Nova miss\u00e3o tem o objetivo de superar a chamada Linha de K\u00e1rman, ponto a 100 quil\u00f4metros de altitude usado para definir in\u00edcio do espa\u00e7o. <\/p>\n<p>         1 de 2&#013;Blue Origin planeja fazer primeiro lan\u00e7amento da New Shepard desde acidente em setembro de 2022 \u2014 Foto: Divulga\u00e7\u00e3o\/Blue Origin    <\/p>\n<p> Blue Origin planeja fazer primeiro lan\u00e7amento da New Shepard desde acidente em setembro de 2022 \u2014 Foto: Divulga\u00e7\u00e3o\/Blue Origin <\/p>\n<p> A Blue Origin, empresa de transporte espacial do bilion\u00e1rio Jeff Bezos, planeja lan\u00e7ar o foguete New Shepard nesta segunda-feira (18). Esta ser\u00e1 a primeira tentativa desde setembro de 2022, <a class href=\"https:\/\/g1.globo.com\/inovacao\/noticia\/2022\/09\/12\/foguete-nao-tripulado-da-blue-origin-cai-apos-decolagem-sem-deixar-feridos.ghtml\">quando a companhia teve um acidente com uma nave n\u00e3o tripulada<\/a>. <\/p>\n<p> <strong>O lan\u00e7amento est\u00e1 marcado para as 11h30 (hor\u00e1rio de Bras\u00edlia).<\/strong> A miss\u00e3o NS-24 tem como objetivo superar a Linha de K\u00e1rman, ponto a 100 quil\u00f4metros de altitude que \u00e9 usado como conven\u00e7\u00e3o para definir o in\u00edcio do espa\u00e7o. <\/p>\n<p> O voo n\u00e3o ser\u00e1 tripulado, mas transportar\u00e1 33 cargas de ci\u00eancia e pesquisa e 38 mil cart\u00f5es postais criados por estudantes. Os itens ser\u00e3o expostos a alguns minutos de gravidade zero e ent\u00e3o voltar\u00e3o ao solo com a nave. <\/p>\n<p> A Blue Origin n\u00e3o informou quanto tempo o voo vai durar, mas as miss\u00f5es da empresa costumam ter em torno de 20 minutos. <\/p>\n<p><h2>Acidente da Blue Origin <\/h2>\n<\/p>\n<p> Em setembro de 2022, <a class href=\"https:\/\/g1.globo.com\/inovacao\/noticia\/2022\/09\/12\/foguete-nao-tripulado-da-blue-origin-cai-apos-decolagem-sem-deixar-feridos.ghtml\">a New Shepard teve uma falha e caiu cerca de um minuto ap\u00f3s a decolagem<\/a>. O voo n\u00e3o tinha tripulantes, e n\u00e3o houve feridos na regi\u00e3o, segundo a Blue Origin. <\/p>\n<p>Na \u00e9poca, a empresa de Jeff Bezos afirmou que houve uma &quot;falha no mecanismo de impuls\u00e3o&quot; e que o sistema de escape criado para que a c\u00e1psula seja ejetada funcionou da forma esperada.<\/p>\n<p> Um v\u00eddeo da empresa mostrou o momento em que as chamas do foguete aumentaram e o pouso for\u00e7ado da c\u00e1psula <strong>(veja abaixo)<\/strong>. As imagens n\u00e3o exibem os restos do foguete ap\u00f3s a queda. <\/p>\n<p> O incidente aconteceu pr\u00f3ximo ao momento em que o foguete estava sob a quantidade de press\u00e3o m\u00e1xima, tamb\u00e9m conhecido como &quot;Max-Q&quot;. O ve\u00edculo espacial voava a 1.126 km\/h, em altitude de cerca de 8.500 metros. Ap\u00f3s ser ejetada, a c\u00e1psula ainda chegou a 11.300 metros de altitude. <\/p>\n<p>                   <img loading=\"lazy\" decoding=\"async\" class=\"aligncenter size-full wp-image-55231\" src=\"https:\/\/blog.corretoraideal.com.br\/wp-content\/uploads\/2023\/12\/foguete-da-blue-origin-cai-apos-decolagem-sem-deixar-feridos.jpeg\" alt=\"Foguete da Blue Origin cai ap\u00f3s decolagem sem deixar feridos\" width=\"800\" height=\"400\" \/>       <\/p>\n<p> Foguete da Blue Origin cai ap\u00f3s decolagem sem deixar feridos <\/p>\n<p> Ap\u00f3s investiga\u00e7\u00e3o sobre o acidente, a Administra\u00e7\u00e3o Federal de Avia\u00e7\u00e3o dos Estados Unidos (FAA) anunciou em setembro de 2023 que <a class href=\"https:\/\/g1.globo.com\/inovacao\/noticia\/2023\/09\/28\/por-que-lancamentos-de-foguetes-da-blue-origin-estao-suspensos-nos-eua.ghtml\">a Blue Origin deveria concluir 21 corre\u00e7\u00f5es no foguete antes da pr\u00f3xima miss\u00e3o<\/a>. <\/p>\n<p> A ag\u00eancia reguladora de avia\u00e7\u00e3o dos EUA afirmou que houve uma falha no bocal do motor do foguete, causada por temperaturas mais altas do que o esperado no equipamento. <\/p>\n<p> Entre as mudan\u00e7as que a empresa foi ordenada a fazer, est\u00e1 o redesenho de componentes do motor e do bocal para melhorar o desempenho durante as miss\u00f5es, bem como ajustes organizacionais. <\/p>\n<p> Desde julho de 2021, a companhia transportou um total de 31 pessoas, entre clientes que pagaram pela viagem e convidados. <a class href=\"https:\/\/g1.globo.com\/economia\/tecnologia\/inovacao\/noticia\/2021\/07\/20\/jeff-bezos-voo-espaco.ghtml\">O pr\u00f3prio Bezos participou do primeiro voo.<\/a> <\/p>\n<p>         2 de 2&#013;Falha em foguete da Blue Origin em lan\u00e7amento de setembro de 2022 \u2014 Foto: Reprodu\u00e7\u00e3o\/Blue Origin    <\/p>\n<p> Falha em foguete da Blue Origin em lan\u00e7amento de setembro de 2022 \u2014 Foto: Reprodu\u00e7\u00e3o\/Blue Origin <\/p>\n<ul> <\/ul>\n","protected":false},"excerpt":{"rendered":"<p>Blue Origin tenta nesta segunda o 1\u00ba lan\u00e7amento ap\u00f3s acidente com nave; pausa dura 15 meses \u00daltimo voo da empresa do bilion\u00e1rio Jeff Bezos aconteceu em setembro de 2022 e terminou com queda da nave por conta de um problema no motor. Sem tripulantes, nova miss\u00e3o est\u00e1 marcada para as 11h30 (hor\u00e1rio de Bras\u00edlia). Por [&hellip;]<\/p>\n","protected":false},"author":1,"featured_media":0,"comment_status":"closed","ping_status":"closed","sticky":false,"template":"","format":"standard","meta":{"footnotes":""},"categories":[],"tags":[],"class_list":["post-55229","post","type-post","status-publish","format-standard","hentry"],"_links":{"self":[{"href":"https:\/\/blog.corretoraideal.com.br\/index.php\/wp-json\/wp\/v2\/posts\/55229","targetHints":{"allow":["GET"]}}],"collection":[{"href":"https:\/\/blog.corretoraideal.com.br\/index.php\/wp-json\/wp\/v2\/posts"}],"about":[{"href":"https:\/\/blog.corretoraideal.com.br\/index.php\/wp-json\/wp\/v2\/types\/post"}],"author":[{"embeddable":true,"href":"https:\/\/blog.corretoraideal.com.br\/index.php\/wp-json\/wp\/v2\/users\/1"}],"replies":[{"embeddable":true,"href":"https:\/\/blog.corretoraideal.com.br\/index.php\/wp-json\/wp\/v2\/comments?post=55229"}],"version-history":[{"count":1,"href":"https:\/\/blog.corretoraideal.com.br\/index.php\/wp-json\/wp\/v2\/posts\/55229\/revisions"}],"predecessor-version":[{"id":55232,"href":"https:\/\/blog.corretoraideal.com.br\/index.php\/wp-json\/wp\/v2\/posts\/55229\/revisions\/55232"}],"wp:attachment":[{"href":"https:\/\/blog.corretoraideal.com.br\/index.php\/wp-json\/wp\/v2\/media?parent=55229"}],"wp:term":[{"taxonomy":"category","embeddable":true,"href":"https:\/\/blog.corretoraideal.com.br\/index.php\/wp-json\/wp\/v2\/categories?post=55229"},{"taxonomy":"post_tag","embeddable":true,"href":"https:\/\/blog.corretoraideal.com.br\/index.php\/wp-json\/wp\/v2\/tags?post=55229"}],"curies":[{"name":"wp","href":"https:\/\/api.w.org\/{rel}","templated":true}]}}