{"id":55243,"date":"2023-12-18T16:29:46","date_gmt":"2023-12-18T16:29:46","guid":{"rendered":"https:\/\/blog.corretoraideal.com.br\/?p=55243"},"modified":"2023-12-18T16:29:46","modified_gmt":"2023-12-18T16:29:46","slug":"acao-em-macae-alerta-para-o-cancer-de-prostata-e-oferece-testagem-de-psa-para-homens-acima-de-45-anos-norte-fluminense-g1","status":"publish","type":"post","link":"https:\/\/blog.corretoraideal.com.br\/index.php\/2023\/12\/18\/acao-em-macae-alerta-para-o-cancer-de-prostata-e-oferece-testagem-de-psa-para-homens-acima-de-45-anos-norte-fluminense-g1\/","title":{"rendered":"A\u00e7\u00e3o em Maca\u00e9 alerta para o c\u00e2ncer de pr\u00f3stata e oferece testagem de PSA para homens acima de 45 anos | Norte Fluminense | G1"},"content":{"rendered":"<br \/>\n<h1>A\u00e7\u00e3o em Maca\u00e9 alerta para o c\u00e2ncer de pr\u00f3stata e oferece testagem de PSA para homens acima de 45 anos<\/h1>\n<h2>A\u00e7\u00e3o faz parte da campanha Novembro Azul, que conscientiza sobre o tema. Atendimento nesta ter\u00e7a-feira (21) ocorreu na Pra\u00e7a Washington Luiz. E, na quarta (22), ser\u00e1 no estacionamento do Hospital da Serra, de 9h \u00e0s 12h.<\/h2>\n<p> Por g1 &mdash; Maca\u00e9 <\/p>\n<p>  21\/11\/2023 17h09    Atualizado  21\/11\/2023    <\/p>\n<p>                      1 de 1&#013;Testagem de PSA \u00e9 r\u00e1pida e pode ajudar no rastreamento do c\u00e2ncer de pr\u00f3stata \u2014 Foto: Mois\u00e9s Bruno\/Prefeitura de Maca\u00e9    <\/p>\n<p> Testagem de PSA \u00e9 r\u00e1pida e pode ajudar no rastreamento do c\u00e2ncer de pr\u00f3stata \u2014 Foto: Mois\u00e9s Bruno\/Prefeitura de Maca\u00e9 <\/p>\n<p> Como parte da campanha Novembro Azul, <a class href=\"https:\/\/g1.globo.com\/rj\/regiao-dos-lagos\/cidade\/macae\/\">Maca\u00e9<\/a>, no Norte Fluminense, est\u00e1 com a\u00e7\u00f5es voltadas para homens acima de 45 anos com o objetivo de alertar para o diagn\u00f3stico precoce do c\u00e2ncer de pr\u00f3stata e fazer o rastreio da doen\u00e7a nesse p\u00fablico-alvo. <\/p>\n<p> Para isso, nesta ter\u00e7a-feira (21), pela manh\u00e3, as atividades se concentraram na Pra\u00e7a Washington Luiz, com a realiza\u00e7\u00e3o da Testagem de Ant\u00edgeno Prost\u00e1tico Espec\u00edfico (PSA). E na quarta-feira (22), a testagem continua, para o mesmo p\u00fablico, no estacionamento do Hospital da Serra, de 9h \u00e0s 12h. <\/p>\n<p> &quot;Estamos tendo uma boa ades\u00e3o da popula\u00e7\u00e3o, mas \u00e9 fundamental que os homens se conscientizem sobre a import\u00e2ncia da preven\u00e7\u00e3o e do diagn\u00f3stico precoce para um bom resultado no tratamento&quot;, explicou a coordenadora dos laborat\u00f3rios de an\u00e1lises cl\u00ednicas da rede municipal de sa\u00fade, Keity Nocchi. <\/p>\n<p> Vivaldo Oliveira Souza, de 50 anos, aproveitou o atendimento. Ele foi acompanhado da mulher, Renata Oliveira. <\/p>\n<p> &quot;Estou fazendo o teste pela primeira vez, \u00e9 muito r\u00e1pido e simples, apenas uma gota de sangue. O resultado saiu em poucos minutos&quot;, disse Vivaldo. <\/p>\n<p> Renata contou que sempre cobra do marido que cuide da sa\u00fade. &quot;J\u00e1 temos hist\u00f3rico de c\u00e2ncer na fam\u00edlia e a preven\u00e7\u00e3o \u00e9 fundamental&quot;, contou. <\/p>\n<p> No dia 28 de novembro, \u00e0s 10h, haver\u00e1 a \u00faltima a\u00e7\u00e3o do Novembro Azul no Hospital P\u00fablico Municipal (HPM). Uma palestra e caf\u00e9 da manh\u00e3 ser\u00e3o ofeceridos aos servidores. O objetivo \u00e9 disseminar informa\u00e7\u00f5es sobre a preven\u00e7\u00e3o do c\u00e2ncer de pr\u00f3stata, mas tamb\u00e9m criar um espa\u00e7o de di\u00e1logo e conscientiza\u00e7\u00e3o entre os profissionais de sa\u00fade. <\/p>\n<p> A Prefeitura refor\u00e7a que a preven\u00e7\u00e3o \u00e9 a chave para a sa\u00fade masculina. <\/p>\n<p> &quot;Ao participar ativamente das atividades propostas, a comunidade local n\u00e3o apenas se beneficia individualmente, mas contribui para a constru\u00e7\u00e3o de uma cultura de cuidado e preven\u00e7\u00e3o que pode salvar vidas&quot;, informar o munic\u00edpio. <\/p>\n<ul>\n<li> <a href=\"https:\/\/g1.globo.com\/rj\/regiao-dos-lagos\/cidade\/macae\/\" class=\"entities__list-itemLink\" data-track-click=\"Maca\u00e9\"> Maca\u00e9 <\/a> <\/li>\n<\/ul>\n","protected":false},"excerpt":{"rendered":"<p>A\u00e7\u00e3o em Maca\u00e9 alerta para o c\u00e2ncer de pr\u00f3stata e oferece testagem de PSA para homens acima de 45 anos A\u00e7\u00e3o faz parte da campanha Novembro Azul, que conscientiza sobre o tema. Atendimento nesta ter\u00e7a-feira (21) ocorreu na Pra\u00e7a Washington Luiz. E, na quarta (22), ser\u00e1 no estacionamento do Hospital da Serra, de 9h \u00e0s [&hellip;]<\/p>\n","protected":false},"author":1,"featured_media":0,"comment_status":"closed","ping_status":"closed","sticky":false,"template":"","format":"standard","meta":{"footnotes":""},"categories":[],"tags":[],"class_list":["post-55243","post","type-post","status-publish","format-standard","hentry"],"_links":{"self":[{"href":"https:\/\/blog.corretoraideal.com.br\/index.php\/wp-json\/wp\/v2\/posts\/55243","targetHints":{"allow":["GET"]}}],"collection":[{"href":"https:\/\/blog.corretoraideal.com.br\/index.php\/wp-json\/wp\/v2\/posts"}],"about":[{"href":"https:\/\/blog.corretoraideal.com.br\/index.php\/wp-json\/wp\/v2\/types\/post"}],"author":[{"embeddable":true,"href":"https:\/\/blog.corretoraideal.com.br\/index.php\/wp-json\/wp\/v2\/users\/1"}],"replies":[{"embeddable":true,"href":"https:\/\/blog.corretoraideal.com.br\/index.php\/wp-json\/wp\/v2\/comments?post=55243"}],"version-history":[{"count":1,"href":"https:\/\/blog.corretoraideal.com.br\/index.php\/wp-json\/wp\/v2\/posts\/55243\/revisions"}],"predecessor-version":[{"id":55245,"href":"https:\/\/blog.corretoraideal.com.br\/index.php\/wp-json\/wp\/v2\/posts\/55243\/revisions\/55245"}],"wp:attachment":[{"href":"https:\/\/blog.corretoraideal.com.br\/index.php\/wp-json\/wp\/v2\/media?parent=55243"}],"wp:term":[{"taxonomy":"category","embeddable":true,"href":"https:\/\/blog.corretoraideal.com.br\/index.php\/wp-json\/wp\/v2\/categories?post=55243"},{"taxonomy":"post_tag","embeddable":true,"href":"https:\/\/blog.corretoraideal.com.br\/index.php\/wp-json\/wp\/v2\/tags?post=55243"}],"curies":[{"name":"wp","href":"https:\/\/api.w.org\/{rel}","templated":true}]}}