{"id":55246,"date":"2023-12-18T17:29:34","date_gmt":"2023-12-18T17:29:34","guid":{"rendered":"https:\/\/blog.corretoraideal.com.br\/?p=55246"},"modified":"2023-12-18T17:29:34","modified_gmt":"2023-12-18T17:29:34","slug":"prometido-para-este-ano-voa-brasil-so-sera-anunciado-em-2024-diz-ministro-dos-portos-e-aeroportos-politica-g1","status":"publish","type":"post","link":"https:\/\/blog.corretoraideal.com.br\/index.php\/2023\/12\/18\/prometido-para-este-ano-voa-brasil-so-sera-anunciado-em-2024-diz-ministro-dos-portos-e-aeroportos-politica-g1\/","title":{"rendered":"Prometido para este ano, &#039;Voa Brasil&#039; s\u00f3 ser\u00e1 anunciado em 2024, diz ministro dos Portos e Aeroportos | Pol\u00edtica | G1"},"content":{"rendered":"<br \/>\n<h1>Prometido para este ano, &#039;Voa Brasil&#039; s\u00f3 ser\u00e1 anunciado em 2024, diz ministro dos Portos e Aeroportos <\/h1>\n<h2>Silvio Costa Filho fez entrevista coletiva nesta segunda-feira (18) e disse que governo tenta &#039;sensibilizar&#039; empresas para reduzir pre\u00e7os de passagens a\u00e9reas. <\/h2>\n<p> Por <a class=\"multi_signatures\" href=\"https:\/\/g1.globo.com\/autores\/beatriz-borges\/\">Beatriz Borges<\/a>, g1 &mdash; Bras\u00edlia <\/p>\n<p>  18\/12\/2023 13h10    Atualizado  18\/12\/2023    <\/p>\n<p>                   1 de 1&#013;Coletiva do Minist\u00e9rio dos Portos e Aeroportos sobre o mercado de passagens a\u00e9reas \u2014 Foto: Beatriz Borges\/g1    <\/p>\n<p> Coletiva do Minist\u00e9rio dos Portos e Aeroportos sobre o mercado de passagens a\u00e9reas \u2014 Foto: Beatriz Borges\/g1 <\/p>\n<p> O ministro de Portos e Aeroportos, Silvio Costa Filho, disse nesta segunda-feira (18) que o programa &quot;Voa Brasil&quot; vai ficar para o ano de 2024. <\/p>\n<p> A iniciativa, <a class href=\"https:\/\/g1.globo.com\/politica\/noticia\/2023\/04\/19\/programa-de-passagens-a-r-200-deve-comecar-em-agosto-com-limite-de-4-trechos-por-ano-diz-ministro.ghtml\">prometida para este ano<\/a>, visa oferecer passagens a\u00e9reas a R$ 200 para determinados segmentos da sociedade brasileira. <a class href=\"https:\/\/g1.globo.com\/politica\/noticia\/2023\/04\/19\/programa-de-passagens-a-r-200-deve-comecar-em-agosto-com-limite-de-4-trechos-por-ano-diz-ministro.ghtml\">O projeto foi anunciado em mar\u00e7o<\/a> pelo ent\u00e3o ministro de Portos e Aeroportos, M\u00e1rcio Fran\u00e7a (PSB-SP), e j\u00e1 teve o lan\u00e7amento adiado algumas vezes. <\/p>\n<p> &quot;A ideia \u00e9 que a gente apresente o Voa Brasil agora na segunda quinzena de janeiro e vai ter validade a partir de janeiro de 2024, depois da apresenta\u00e7\u00e3o. A gente est\u00e1 fechando esse pacote com o governo, estamos combinando com as companhias a\u00e9reas, a gente est\u00e1 desenhando quais s\u00e3o os p\u00fablicos espec\u00edficos no primeiro momento que far\u00e3o parte desse programa, mas a nossa ideia \u00e9 que o Voa Brasil se inicie no ano de 2024&quot;, afirmou. <\/p>\n<p><h2>Pre\u00e7os mais baratos<\/h2>\n<\/p>\n<p>                   <img loading=\"lazy\" decoding=\"async\" class=\"aligncenter size-full wp-image-55248\" src=\"https:\/\/blog.corretoraideal.com.br\/wp-content\/uploads\/2023\/12\/criminosos-estao-usando-o-nome-do-programa-voa-brasil-que-nem-foi-lancado-para-aplicar-golpes.jpeg\" alt=\"Criminosos est\u00e3o usando o nome do programa Voa Brasil, que nem foi lan\u00e7ado, para aplicar golpes\" width=\"800\" height=\"400\" \/>       <\/p>\n<p> Criminosos est\u00e3o usando o nome do programa Voa Brasil, que nem foi lan\u00e7ado, para aplicar golpes <\/p>\n<p> A declara\u00e7\u00e3o foi dada logo ap\u00f3s uma entrevista coletiva destinada a apresentar a primeira etapa do chamado plano de universaliza\u00e7\u00e3o do transporte a\u00e9reo. O governo afirma que trata-se de um plano de iniciativas para tentar baratear os pre\u00e7os das passagens a\u00e9reas. <\/p>\n<p> Nesta segunda-feira (18), representantes das tr\u00eas companhias a\u00e9reas respons\u00e1veis por 98% do mercado no Brasil participaram da entrevista e fizeram promessas para 2024. Entre elas, afirmam que v\u00e3o oferecer trechos de viagem por at\u00e9 R$ 799 e ampliar o n\u00famero de assentos oferecidos nos voos. <\/p>\n<p> No entanto, as empresas n\u00e3o apresentaram dados atuais, para fins de compara\u00e7\u00e3o e avalia\u00e7\u00e3o das medidas prometidas. <\/p>\n<p> Segundo Costa Filho, no momento a pasta est\u00e1 dialogando institucionalmente com o governo e com as companhias a\u00e9reas. O ministro disse que, como o governo n\u00e3o pode intervir na atua\u00e7\u00e3o das empresas, est\u00e1 tentando &quot;sensibilizar&quot; as companhias para o temas. <\/p>\n<ul> <\/ul>\n","protected":false},"excerpt":{"rendered":"<p>Prometido para este ano, &#039;Voa Brasil&#039; s\u00f3 ser\u00e1 anunciado em 2024, diz ministro dos Portos e Aeroportos Silvio Costa Filho fez entrevista coletiva nesta segunda-feira (18) e disse que governo tenta &#039;sensibilizar&#039; empresas para reduzir pre\u00e7os de passagens a\u00e9reas. Por Beatriz Borges, g1 &mdash; Bras\u00edlia 18\/12\/2023 13h10 Atualizado 18\/12\/2023 1 de 1&#013;Coletiva do Minist\u00e9rio dos [&hellip;]<\/p>\n","protected":false},"author":1,"featured_media":0,"comment_status":"closed","ping_status":"closed","sticky":false,"template":"","format":"standard","meta":{"footnotes":""},"categories":[],"tags":[],"class_list":["post-55246","post","type-post","status-publish","format-standard","hentry"],"_links":{"self":[{"href":"https:\/\/blog.corretoraideal.com.br\/index.php\/wp-json\/wp\/v2\/posts\/55246","targetHints":{"allow":["GET"]}}],"collection":[{"href":"https:\/\/blog.corretoraideal.com.br\/index.php\/wp-json\/wp\/v2\/posts"}],"about":[{"href":"https:\/\/blog.corretoraideal.com.br\/index.php\/wp-json\/wp\/v2\/types\/post"}],"author":[{"embeddable":true,"href":"https:\/\/blog.corretoraideal.com.br\/index.php\/wp-json\/wp\/v2\/users\/1"}],"replies":[{"embeddable":true,"href":"https:\/\/blog.corretoraideal.com.br\/index.php\/wp-json\/wp\/v2\/comments?post=55246"}],"version-history":[{"count":1,"href":"https:\/\/blog.corretoraideal.com.br\/index.php\/wp-json\/wp\/v2\/posts\/55246\/revisions"}],"predecessor-version":[{"id":55249,"href":"https:\/\/blog.corretoraideal.com.br\/index.php\/wp-json\/wp\/v2\/posts\/55246\/revisions\/55249"}],"wp:attachment":[{"href":"https:\/\/blog.corretoraideal.com.br\/index.php\/wp-json\/wp\/v2\/media?parent=55246"}],"wp:term":[{"taxonomy":"category","embeddable":true,"href":"https:\/\/blog.corretoraideal.com.br\/index.php\/wp-json\/wp\/v2\/categories?post=55246"},{"taxonomy":"post_tag","embeddable":true,"href":"https:\/\/blog.corretoraideal.com.br\/index.php\/wp-json\/wp\/v2\/tags?post=55246"}],"curies":[{"name":"wp","href":"https:\/\/api.w.org\/{rel}","templated":true}]}}