{"id":55261,"date":"2023-12-18T21:29:33","date_gmt":"2023-12-18T21:29:33","guid":{"rendered":"https:\/\/blog.corretoraideal.com.br\/?p=55261"},"modified":"2023-12-18T21:29:33","modified_gmt":"2023-12-18T21:29:33","slug":"prefeitura-de-itaperuna-abre-prazo-de-3-dias-uteis-para-entrega-de-documentos-para-habilitacao-na-lei-paulo-gustavo-norte-fluminense-g1","status":"publish","type":"post","link":"https:\/\/blog.corretoraideal.com.br\/index.php\/2023\/12\/18\/prefeitura-de-itaperuna-abre-prazo-de-3-dias-uteis-para-entrega-de-documentos-para-habilitacao-na-lei-paulo-gustavo-norte-fluminense-g1\/","title":{"rendered":"Prefeitura de Itaperuna abre prazo de 3 dias \u00fateis para entrega de documentos para habilita\u00e7\u00e3o na Lei Paulo Gustavo | Norte Fluminense | G1"},"content":{"rendered":"<br \/>\n<h1>Prefeitura de Itaperuna abre prazo de 3 dias \u00fateis para entrega de documentos para habilita\u00e7\u00e3o na Lei Paulo Gustavo<\/h1>\n<h2>A entrega dos documentos deve ser feita pessoalmente, at\u00e9 a pr\u00f3xima quarta-feira (20), na sede da Secretaria de Cultura. <\/h2>\n<p> Por g1 &mdash; Itaperuna <\/p>\n<p>  18\/12\/2023 17h51    Atualizado  18\/12\/2023    <\/p>\n<p> A Secretaria Municipal de Cultura de <a class href=\"https:\/\/g1.globo.com\/rj\/norte-fluminense\/cidade\/itaperuna\/\">Itaperuna<\/a>, no Noroeste Fluminense, abriu, nesta segunda-feira (18), prazo de tr\u00eas dias \u00fateis para a entrega dos documentos necess\u00e1rios da etapa de habilita\u00e7\u00e3o e assinatura do termo de premia\u00e7\u00e3o cultural dos editais da Lei Paulo Gustavo. <\/p>\n<p> As listas com os documentos est\u00e3o dispon\u00edveis no <a class href=\"https:\/\/www.itaperuna.rj.gov.br\/pmi\/secretaria-cultura-2021\" target=\"_blank\" rel=\"noopener noreferrer\">site da Prefeitura<\/a>. <\/p>\n<p> A entrega dos documentos dever\u00e1 ser feita pessoalmente, at\u00e9 a pr\u00f3xima quarta-feira (20), na sede da Secretaria, que fica na avenida Cardoso Moreira, 485, 2\u00b0 andar, no Centro, das 8h \u00e0s 16h. <\/p>\n<p> A an\u00e1lise dos documentos de habilita\u00e7\u00e3o ser\u00e1 realizada no ato da entrega dos documentos, em tempo real, pelo servidor respons\u00e1vel pela coleta. <\/p>\n<p> Os editais s\u00e3o financiados com recursos do Governo Federal, repassados por meio da Lei Complementar n\u00ba 195\/2022, conhecida como Lei Paulo Gustavo. <\/p>\n<p> Segundo informa\u00e7\u00f5es do Minist\u00e9rio da Cultura, a Lei Paulo Gustavo representa o maior investimento direto no setor cultural na hist\u00f3ria do Brasil, o que torna essa oportunidade ainda mais especial. <\/p>\n<p> O valor do repasse para os Estados, Distrito Federal e Munic\u00edpios \u00e9 de R$ 3,8 bilh\u00f5es. Itaperuna vai receber R$ 864.201,22. Os valores s\u00e3o para as a\u00e7\u00f5es culturais que t\u00eam o objetivo de combater os efeitos sociais e econ\u00f4micos da pandemia da Covid-19 que prejudicou o setor. <\/p>\n<p> <strong>Para os editais n\u00b0 1 e 2 (Audiovisual e demais \u00e1reas) os documentos s\u00e3o:<\/strong> <\/p>\n<p> <strong>Para pessoa f\u00edsica:<\/strong> <\/p>\n<ul>\n<li>Comprovante de vota\u00e7\u00e3o da \u00faltima elei\u00e7\u00e3o, ou certid\u00e3o de quita\u00e7\u00e3o eleitoral; <\/li>\n<li>Recibo de declara\u00e7\u00e3o de Imposto de Renda Exerc\u00edcio 2022 ou declara\u00e7\u00e3o pr\u00f3pria de isen\u00e7\u00e3o;<\/li>\n<li>Certificado de reservista, caso se aplique; <\/li>\n<li>Comprovante de resid\u00eancia, por meio da apresenta\u00e7\u00e3o de contas relativas \u00e0 resid\u00eancia ou de declara\u00e7\u00e3o assinada pelo agente cultural.<\/li>\n<\/ul>\n<p> A comprova\u00e7\u00e3o de resid\u00eancia poder\u00e1 ser dispensada nas hip\u00f3teses de agentes culturais pertencerem \u00e0s comunidades ind\u00edgena, quilombola, cigana, circense, n\u00f4made, itinerante, ou pessoas que se encontrem em situa\u00e7\u00e3o de rua. <\/p>\n<p> <strong> Para pessoa jur\u00eddica:<\/strong> <\/p>\n<ul>\n<li>CNPJ, emitida no site da Secretaria da Receita Federal do Brasil;<\/li>\n<li>Atos constitutivos, qual seja o contrato social, nos casos de pessoas jur\u00eddicas com fins lucrativos, ou estatuto, nos casos de organiza\u00e7\u00f5es da sociedade civil; <\/li>\n<li>Certid\u00e3o negativa de fal\u00eancia e recupera\u00e7\u00e3o judicial expedida pelo Tribunal de Justi\u00e7a Estadual, nos casos de pessoas jur\u00eddicas com fins lucrativos;<\/li>\n<li>Certid\u00e3o negativa de d\u00e9bitos relativos a Cr\u00e9ditos Tribut\u00e1rios Federais e D\u00edvida Ativa da Uni\u00e3o;<\/li>\n<li>Certid\u00f5es negativas de d\u00e9bitos estaduais e municipais, expedidas pela Secretaria Municipal de Receita de Itaperuna\/RJ e Secretaria de Fazenda do Estado do Rio de Janeiro;<\/li>\n<li>Certificado de regularidade do Fundo de Garantia de Tempo de Servi\u00e7o, CRF\/FGTS;<\/li>\n<li>Certid\u00e3o negativa de d\u00e9bitos trabalhistas &#8211; CNDT, emitida no site do Tribunal Superior do Trabalho.<\/li>\n<\/ul>\n<p> As certid\u00f5es positivas com efeito de negativas servir\u00e3o como certid\u00f5es negativas, desde que n\u00e3o haja refer\u00eancia expressa de improbidade de celebrar instrumentos jur\u00eddicos com a administra\u00e7\u00e3o p\u00fablica. <\/p>\n<p> A an\u00e1lise dos documentos de habilita\u00e7\u00e3o ser\u00e1 realizada no ato da entrega dos documentos, em tempo real, pelo servidor respons\u00e1vel pela coleta. <\/p>\n<p> <strong>Para o edital n\u00b0 3 (Pr\u00eamio), os documentos necess\u00e1rios s\u00e3o:<\/strong> <\/p>\n<p> <strong>Pessoa f\u00edsica: <\/strong> <\/p>\n<ul>\n<li>Comprovante de resid\u00eancia, por meio da apresenta\u00e7\u00e3o de contas relativas \u00e0 resid\u00eancia ou de declara\u00e7\u00e3o assinada pelo agente cultural. <\/li>\n<\/ul>\n<p> A comprova\u00e7\u00e3o de resid\u00eancia poder\u00e1 ser dispensada nas hip\u00f3teses de agentes culturais pertencerem \u00e0s comunidades ind\u00edgena, quilombola, cigana, circense; n\u00f4made, itinerante, ou pessoas que se encontrem em situa\u00e7\u00e3o de rua. <\/p>\n<p> A Prefeitura explica que grupos ou coletivos sem personalidade jur\u00eddica devem juntar a documenta\u00e7\u00e3o do representante do grupo ou coletivo. <\/p>\n<p> <strong>Pessoa jur\u00eddica:<\/strong> <\/p>\n<ul>\n<li>Documentos pessoais do representante legal (RG e CPF); <\/li>\n<li>Atos constitutivos, qual seja o contrato social, nos casos de pessoas jur\u00eddicas com fins lucrativos, ou estatuto, nos casos de organiza\u00e7\u00f5es da sociedade civil;<\/li>\n<li>Certid\u00e3o negativa de fal\u00eancia e recupera\u00e7\u00e3o judicial, expedida pelo Tribunal de Justi\u00e7a Estadual, nos casos de pessoas jur\u00eddicas com fins lucrativos;<\/li>\n<li>Certificado de regularidade do Fundo de Garantia do Tempo de Servi\u00e7o &#8211; CRF\/FGTS.<\/li>\n<\/ul>\n<ul>\n<li> <a href=\"https:\/\/g1.globo.com\/rj\/norte-fluminense\/cidade\/itaperuna\/\" class=\"entities__list-itemLink\" data-track-click=\"Itaperuna\"> Itaperuna <\/a> <\/li>\n<\/ul>\n","protected":false},"excerpt":{"rendered":"<p>Prefeitura de Itaperuna abre prazo de 3 dias \u00fateis para entrega de documentos para habilita\u00e7\u00e3o na Lei Paulo Gustavo A entrega dos documentos deve ser feita pessoalmente, at\u00e9 a pr\u00f3xima quarta-feira (20), na sede da Secretaria de Cultura. Por g1 &mdash; Itaperuna 18\/12\/2023 17h51 Atualizado 18\/12\/2023 A Secretaria Municipal de Cultura de Itaperuna, no Noroeste [&hellip;]<\/p>\n","protected":false},"author":1,"featured_media":0,"comment_status":"closed","ping_status":"closed","sticky":false,"template":"","format":"standard","meta":{"footnotes":""},"categories":[],"tags":[],"class_list":["post-55261","post","type-post","status-publish","format-standard","hentry"],"_links":{"self":[{"href":"https:\/\/blog.corretoraideal.com.br\/index.php\/wp-json\/wp\/v2\/posts\/55261","targetHints":{"allow":["GET"]}}],"collection":[{"href":"https:\/\/blog.corretoraideal.com.br\/index.php\/wp-json\/wp\/v2\/posts"}],"about":[{"href":"https:\/\/blog.corretoraideal.com.br\/index.php\/wp-json\/wp\/v2\/types\/post"}],"author":[{"embeddable":true,"href":"https:\/\/blog.corretoraideal.com.br\/index.php\/wp-json\/wp\/v2\/users\/1"}],"replies":[{"embeddable":true,"href":"https:\/\/blog.corretoraideal.com.br\/index.php\/wp-json\/wp\/v2\/comments?post=55261"}],"version-history":[{"count":1,"href":"https:\/\/blog.corretoraideal.com.br\/index.php\/wp-json\/wp\/v2\/posts\/55261\/revisions"}],"predecessor-version":[{"id":55263,"href":"https:\/\/blog.corretoraideal.com.br\/index.php\/wp-json\/wp\/v2\/posts\/55261\/revisions\/55263"}],"wp:attachment":[{"href":"https:\/\/blog.corretoraideal.com.br\/index.php\/wp-json\/wp\/v2\/media?parent=55261"}],"wp:term":[{"taxonomy":"category","embeddable":true,"href":"https:\/\/blog.corretoraideal.com.br\/index.php\/wp-json\/wp\/v2\/categories?post=55261"},{"taxonomy":"post_tag","embeddable":true,"href":"https:\/\/blog.corretoraideal.com.br\/index.php\/wp-json\/wp\/v2\/tags?post=55261"}],"curies":[{"name":"wp","href":"https:\/\/api.w.org\/{rel}","templated":true}]}}