{"id":55264,"date":"2023-12-18T23:29:34","date_gmt":"2023-12-18T23:29:34","guid":{"rendered":"https:\/\/blog.corretoraideal.com.br\/?p=55264"},"modified":"2023-12-18T23:29:34","modified_gmt":"2023-12-18T23:29:34","slug":"governo-propoe-alta-de-52-no-auxilio-alimentacao-de-servidores-federais-e-tiquete-vai-a-r-1-mil-economia-g1","status":"publish","type":"post","link":"https:\/\/blog.corretoraideal.com.br\/index.php\/2023\/12\/18\/governo-propoe-alta-de-52-no-auxilio-alimentacao-de-servidores-federais-e-tiquete-vai-a-r-1-mil-economia-g1\/","title":{"rendered":"Governo prop\u00f5e alta de 52% no aux\u00edlio-alimenta\u00e7\u00e3o de servidores federais e t\u00edquete vai a R$ 1 mil | Economia | G1"},"content":{"rendered":"<br \/>\n<h1>Governo prop\u00f5e alta de 52% no aux\u00edlio-alimenta\u00e7\u00e3o de servidores federais e t\u00edquete vai a R$ 1 mil<\/h1>\n<h2>Minist\u00e9rio da Gest\u00e3o tamb\u00e9m indicou aumento no aux\u00edlio-sa\u00fade e aux\u00edlio-creche. Valores foram propostos no Or\u00e7amento de 2024 e entregues em mesa de negocia\u00e7\u00e3o permanente.<\/h2>\n<p> Por <a class=\"multi_signatures\" href=\"https:\/\/g1.globo.com\/autores\/lais-carregosa\/\">Lais Carregosa<\/a>, g1 &mdash; Bras\u00edlia <\/p>\n<p>  18\/12\/2023 17h05    Atualizado  18\/12\/2023    <\/p>\n<p> O governo prop\u00f4s, nesta segunda-feira (18), aumentar o aux\u00edlio-alimenta\u00e7\u00e3o de servidores p\u00fablicos federais para R$ 1 mil a partir de maio de 2024. Isso representa um reajuste de 52% no atual valor. <\/p>\n<p>         1 de 1&#013;Esplanada dos Minist\u00e9rios, em Bras\u00edlia \u2014 Foto: TV Globo\/Reprodu\u00e7\u00e3o    <\/p>\n<p> Esplanada dos Minist\u00e9rios, em Bras\u00edlia \u2014 Foto: TV Globo\/Reprodu\u00e7\u00e3o <\/p>\n<p> Tamb\u00e9m foram defendidos aumentos no aux\u00edlio-sa\u00fade (de R$ 144,38 para cerca de R$ 215) e no aux\u00edlio-creche (de R$ 321 para R$ 484,90). Os valores foram propostos no Or\u00e7amento de 2024, que ainda depende de aprova\u00e7\u00e3o pelo Congresso. <\/p>\n<p> A proposta foi entregue pelo Minist\u00e9rio da Gest\u00e3o e da Inova\u00e7\u00e3o em Servi\u00e7os P\u00fablicos (MGI) \u00e0 Mesa Nacional de Negocia\u00e7\u00e3o Permanente \u2013 formada por representantes de nove minist\u00e9rios e de sindicatos dos servidores. <\/p>\n<p><h2>Equipara\u00e7\u00e3o<\/h2>\n<\/p>\n<p> Segundo a pasta, com a medida, o aux\u00edlio-alimenta\u00e7\u00e3o dos servidores do Executivo ser\u00e1 equiparado aos dos demais Poderes. Os reajustes ser\u00e3o sobre os benef\u00edcios e n\u00e3o sobre os sal\u00e1rios. <\/p>\n<p>\u201cApesar das restri\u00e7\u00f5es or\u00e7ament\u00e1rias existentes, a ministra Esther [Dweck] fez enorme esfor\u00e7o para conseguirmos espa\u00e7o financeiro que permitisse a elabora\u00e7\u00e3o da proposta que est\u00e1 sendo apresentada\u201d, afirmou em nota o secret\u00e1rio de Rela\u00e7\u00f5es de Trabalho, Jos\u00e9 Feij\u00f3o. <\/p>\n<p> <a class href=\"https:\/\/g1.globo.com\/economia\/noticia\/2023\/08\/31\/proposta-de-orcamento-para-2024-nao-preve-reajuste-linear-para-os-servidores-publicos.ghtml\">A proposta de Or\u00e7amento de 2024 foi enviada ao Congresso em setembro, sem prever o reajuste salarial dos servidores p\u00fablicos federais<\/a>. Benefici\u00e1rios do Bolsa Fam\u00edlia tamb\u00e9m n\u00e3o ter\u00e3o reajuste no ano que vem. <\/p>\n<p> Na ocasi\u00e3o, o governo argumentou que o impacto de um eventual reajuste para os servidores p\u00fablicos poderia significar, em um cen\u00e1rio hipot\u00e9tico com aumento de 1% nos sal\u00e1rios, um crescimento na folha de pagamento no valor de R$ 3,46 bilh\u00f5es. <\/p>\n<p> <strong>Leia tamb\u00e9m:<\/strong> <\/p>\n<ul>\n<li><a class href=\"https:\/\/g1.globo.com\/politica\/noticia\/2023\/12\/18\/pl-das-apostas-orcamento-de-2024-e-mp-que-eleva-a-arrecadacao-estao-na-pauta-do-congresso-antes-das-ferias.ghtml\">PL das Apostas, Or\u00e7amento de 2024 e MP que eleva a arrecada\u00e7\u00e3o est\u00e3o na pauta do Congresso antes das f\u00e9rias<\/a><\/li>\n<li><a class href=\"https:\/\/g1.globo.com\/economia\/noticia\/2023\/12\/13\/comissao-aprova-ldo.ghtml\">Comiss\u00e3o aprova LDO 2024 com prazo para pagamento de emendas obrigat\u00f3rias e amarra para bloqueio de despesa<\/a><\/li>\n<\/ul>\n<p> Em 2023, <a class href=\"https:\/\/g1.globo.com\/economia\/noticia\/2022\/08\/31\/projeto-de-orcamento-para-2023-contempla-r-116-bilhoes-para-reajuste-de-servidores-do-executivo.ghtml\">o Or\u00e7amento aprovado pelo Congresso reservou R$ 11,6 bilh\u00f5es para o reajuste dos servidores.<\/a> Com isso, o governo firmou um acordo com os servidores para um reajuste salarial de 9% de maio deste ano em diante. <\/p>\n<p> Al\u00e9m do aumento salarial, o acordo de 2023 tamb\u00e9m contemplou o aumento de R$ 200 no aux\u00edlio-alimenta\u00e7\u00e3o. O t\u00edquete passou de R$ 458 para R$ 658 mensais. <\/p>\n<ul> <\/ul>\n","protected":false},"excerpt":{"rendered":"<p>Governo prop\u00f5e alta de 52% no aux\u00edlio-alimenta\u00e7\u00e3o de servidores federais e t\u00edquete vai a R$ 1 mil Minist\u00e9rio da Gest\u00e3o tamb\u00e9m indicou aumento no aux\u00edlio-sa\u00fade e aux\u00edlio-creche. Valores foram propostos no Or\u00e7amento de 2024 e entregues em mesa de negocia\u00e7\u00e3o permanente. Por Lais Carregosa, g1 &mdash; Bras\u00edlia 18\/12\/2023 17h05 Atualizado 18\/12\/2023 O governo prop\u00f4s, nesta [&hellip;]<\/p>\n","protected":false},"author":1,"featured_media":0,"comment_status":"closed","ping_status":"closed","sticky":false,"template":"","format":"standard","meta":{"footnotes":""},"categories":[],"tags":[],"class_list":["post-55264","post","type-post","status-publish","format-standard","hentry"],"_links":{"self":[{"href":"https:\/\/blog.corretoraideal.com.br\/index.php\/wp-json\/wp\/v2\/posts\/55264","targetHints":{"allow":["GET"]}}],"collection":[{"href":"https:\/\/blog.corretoraideal.com.br\/index.php\/wp-json\/wp\/v2\/posts"}],"about":[{"href":"https:\/\/blog.corretoraideal.com.br\/index.php\/wp-json\/wp\/v2\/types\/post"}],"author":[{"embeddable":true,"href":"https:\/\/blog.corretoraideal.com.br\/index.php\/wp-json\/wp\/v2\/users\/1"}],"replies":[{"embeddable":true,"href":"https:\/\/blog.corretoraideal.com.br\/index.php\/wp-json\/wp\/v2\/comments?post=55264"}],"version-history":[{"count":1,"href":"https:\/\/blog.corretoraideal.com.br\/index.php\/wp-json\/wp\/v2\/posts\/55264\/revisions"}],"predecessor-version":[{"id":55266,"href":"https:\/\/blog.corretoraideal.com.br\/index.php\/wp-json\/wp\/v2\/posts\/55264\/revisions\/55266"}],"wp:attachment":[{"href":"https:\/\/blog.corretoraideal.com.br\/index.php\/wp-json\/wp\/v2\/media?parent=55264"}],"wp:term":[{"taxonomy":"category","embeddable":true,"href":"https:\/\/blog.corretoraideal.com.br\/index.php\/wp-json\/wp\/v2\/categories?post=55264"},{"taxonomy":"post_tag","embeddable":true,"href":"https:\/\/blog.corretoraideal.com.br\/index.php\/wp-json\/wp\/v2\/tags?post=55264"}],"curies":[{"name":"wp","href":"https:\/\/api.w.org\/{rel}","templated":true}]}}