{"id":55298,"date":"2023-12-19T14:30:36","date_gmt":"2023-12-19T14:30:36","guid":{"rendered":"https:\/\/blog.corretoraideal.com.br\/?p=55298"},"modified":"2023-12-19T14:30:36","modified_gmt":"2023-12-19T14:30:36","slug":"lula-critica-previsoes-da-ocde-para-economia-brasileira-e-diz-que-vai-provar-que-erraram-politica-g1","status":"publish","type":"post","link":"https:\/\/blog.corretoraideal.com.br\/index.php\/2023\/12\/19\/lula-critica-previsoes-da-ocde-para-economia-brasileira-e-diz-que-vai-provar-que-erraram-politica-g1\/","title":{"rendered":"Lula critica previs\u00f5es da OCDE para economia brasileira e diz que vai &#039;provar que erraram&#039; | Pol\u00edtica | G1"},"content":{"rendered":"<br \/>\n<h1>Lula critica previs\u00f5es da OCDE para economia brasileira e diz que vai &#039;provar que erraram&#039;<\/h1>\n<h2>Presidente comentou nesta ter\u00e7a-feira (18) relat\u00f3rio da entidade que prev\u00ea aumento da d\u00edvida p\u00fablica, mesmo com reforma tribut\u00e1ria e arcabou\u00e7o fiscal. Lula disse ter ficado &#039;muito irritado&#039; com as previs\u00f5es.<\/h2>\n<p> Por <a class=\"multi_signatures\" href=\"https:\/\/g1.globo.com\/autores\/guilherme-mazui\/\">Guilherme Mazui<\/a>, <a class=\"multi_signatures\" href=\"https:\/\/g1.globo.com\/autores\/pedro-alves-neto\/\">Pedro Alves Neto<\/a>, <a class=\"multi_signatures\" href=\"https:\/\/g1.globo.com\/autores\/mateus-rodrigues\/\">Mateus Rodrigues<\/a>, g1 &mdash; Bras\u00edlia <\/p>\n<p>  19\/12\/2023 09h26    Atualizado  19\/12\/2023    <\/p>\n<p>                   1 de 1&#013;Lula durante o programa &#039;Conversa com o Presidente&#039;, em 19 de dezembro de 2023 \u2014 Foto: EBC\/Reprodu\u00e7\u00e3o    <\/p>\n<p> Lula durante o programa &#039;Conversa com o Presidente&#039;, em 19 de dezembro de 2023 \u2014 Foto: EBC\/Reprodu\u00e7\u00e3o <\/p>\n<p> O presidente Luiz In\u00e1cio <a class href=\"https:\/\/g1.globo.com\/politica\/politico\/lula\/\">Lula<\/a> da Silva (PT) criticou nesta ter\u00e7a-feira (19) <a class href=\"https:\/\/g1.globo.com\/economia\/noticia\/2023\/12\/18\/mesmo-com-arcabouco-e-tributaria-ocde-ve-divida-brasileira-em-alta-e-recomenda-novas-reformas.ghtml\">previs\u00f5es feitas pela Organiza\u00e7\u00e3o para a Coopera\u00e7\u00e3o e Desenvolvimento Econ\u00f4mico (OCDE)<\/a> para a economia brasileira, e disse que, no fim do ano que vem, vai convidar a entidade para &quot;provar que erraram&quot;. <\/p>\n<p> &quot;Eu quero at\u00e9 aproveitar esta grava\u00e7\u00e3o aqui que para dizer pro pessoal da <a class href=\"https:\/\/g1.globo.com\/tudo-sobre\/ocde\/\">OCDE<\/a> que, quando chegar o final no ano que vem, eu vou convidar voc\u00eas para tomar caf\u00e9 para provar que voc\u00eas erraram com rela\u00e7\u00e3o \u00e0 previs\u00e3o que voc\u00eas t\u00eam do Brasil. &#x27;Ah, porque o Brasil vai crescer pouco porque n\u00e3o sei das quantas, vai crescer pouco&#x27;. Sabe, como \u00e9 que voc\u00eas d\u00e3o palpite se voc\u00eas n\u00e3o sabem?&quot;, disse. <\/p>\n<p> A declara\u00e7\u00e3o foi durante o programa &quot;Conversa com o Presidente&quot;, live semanal transmitida pelas redes sociais e pela Empresa Brasil de Comunica\u00e7\u00e3o (EBC). <\/p>\n<p> Lula comentava um relat\u00f3rio da OCDE divulgado na segunda-feira (18). O documento aponta que, mesmo com o <a class href=\"https:\/\/g1.globo.com\/politica\/noticia\/2023\/08\/31\/lula-sanciona-novo-arcabouco-fiscal-com-vetos.ghtml\">novo arcabou\u00e7o fiscal<\/a> e a <a class href=\"https:\/\/g1.globo.com\/politica\/noticia\/2023\/08\/31\/lula-sanciona-novo-arcabouco-fiscal-com-vetos.ghtml\">reforma tribut\u00e1ria<\/a>, a d\u00edvida p\u00fablica brasileira continuar\u00e1 a crescer nos pr\u00f3ximos anos, podendo atingir 90% do Produto Interno Bruto (PIB) em 2047. <\/p>\n<p> O presidente disse ter ficado &quot;muito irritado&quot; com &quot;a OCDE &quot;fazendo julgamento da economia brasileira&quot;. Lula tamb\u00e9m afirmou estar &quot;otimista&quot; com as perspectivas para crescimento econ\u00f4mico em 2024. <\/p>\n<p><h2>Relat\u00f3rio da OCDE<\/h2>\n<\/p>\n<p> A OCDE \u00e9 um grupo formado principalmente por na\u00e7\u00f5es mais desenvolvidas, criado para estimular o progresso econ\u00f4mico e o com\u00e9rcio mundial. <\/p>\n<p> No relat\u00f3rio divulgado na segunda, a entidade recomenda novas reformas para que o Brasil possa enfrentar a situa\u00e7\u00e3o. <\/p>\n<p> <strong>Entre as medidas propostas, est\u00e3o:<\/strong> <\/p>\n<ul>\n<li>Redu\u00e7\u00e3o de barreiras ao empreendedorismo e \u00e0 concorr\u00eancia reduzindo, por exemplo, encargos administrativos e simplificando requisitos de licenciamento<\/li>\n<li>Uma maior abertura comercial, por meio da redu\u00e7\u00e3o de tarifas, que permitiria uma integra\u00e7\u00e3o global mais forte<\/li>\n<li>Medidas para fortalecer a governan\u00e7a das institui\u00e7\u00f5es e reduzir a corrup\u00e7\u00e3o<\/li>\n<li>Aumentar permanentemente o investimento p\u00fablico em 2 pontos percentuais do PIB<\/li>\n<\/ul>\n<p> &quot;Um pacote mais ambicioso de reformas estruturais impulsionaria o crescimento potencial e conduziria a uma diminui\u00e7\u00e3o da rela\u00e7\u00e3o d\u00edvida\/PIB&quot;, diz o relat\u00f3rio da OCDE. <\/p>\n<ul>\n<li> <a href=\"https:\/\/g1.globo.com\/politica\/politico\/lula\/\" class=\"entities__list-itemLink\" data-track-click=\"Lula\"> Lula <\/a> <\/li>\n<li> <a href=\"https:\/\/g1.globo.com\/tudo-sobre\/ocde\/\" class=\"entities__list-itemLink\" data-track-click=\"OCDE\"> OCDE <\/a> <\/li>\n<\/ul>\n","protected":false},"excerpt":{"rendered":"<p>Lula critica previs\u00f5es da OCDE para economia brasileira e diz que vai &#039;provar que erraram&#039; Presidente comentou nesta ter\u00e7a-feira (18) relat\u00f3rio da entidade que prev\u00ea aumento da d\u00edvida p\u00fablica, mesmo com reforma tribut\u00e1ria e arcabou\u00e7o fiscal. Lula disse ter ficado &#039;muito irritado&#039; com as previs\u00f5es. Por Guilherme Mazui, Pedro Alves Neto, Mateus Rodrigues, g1 &mdash; [&hellip;]<\/p>\n","protected":false},"author":1,"featured_media":0,"comment_status":"closed","ping_status":"closed","sticky":false,"template":"","format":"standard","meta":{"footnotes":""},"categories":[],"tags":[],"class_list":["post-55298","post","type-post","status-publish","format-standard","hentry"],"_links":{"self":[{"href":"https:\/\/blog.corretoraideal.com.br\/index.php\/wp-json\/wp\/v2\/posts\/55298","targetHints":{"allow":["GET"]}}],"collection":[{"href":"https:\/\/blog.corretoraideal.com.br\/index.php\/wp-json\/wp\/v2\/posts"}],"about":[{"href":"https:\/\/blog.corretoraideal.com.br\/index.php\/wp-json\/wp\/v2\/types\/post"}],"author":[{"embeddable":true,"href":"https:\/\/blog.corretoraideal.com.br\/index.php\/wp-json\/wp\/v2\/users\/1"}],"replies":[{"embeddable":true,"href":"https:\/\/blog.corretoraideal.com.br\/index.php\/wp-json\/wp\/v2\/comments?post=55298"}],"version-history":[{"count":1,"href":"https:\/\/blog.corretoraideal.com.br\/index.php\/wp-json\/wp\/v2\/posts\/55298\/revisions"}],"predecessor-version":[{"id":55300,"href":"https:\/\/blog.corretoraideal.com.br\/index.php\/wp-json\/wp\/v2\/posts\/55298\/revisions\/55300"}],"wp:attachment":[{"href":"https:\/\/blog.corretoraideal.com.br\/index.php\/wp-json\/wp\/v2\/media?parent=55298"}],"wp:term":[{"taxonomy":"category","embeddable":true,"href":"https:\/\/blog.corretoraideal.com.br\/index.php\/wp-json\/wp\/v2\/categories?post=55298"},{"taxonomy":"post_tag","embeddable":true,"href":"https:\/\/blog.corretoraideal.com.br\/index.php\/wp-json\/wp\/v2\/tags?post=55298"}],"curies":[{"name":"wp","href":"https:\/\/api.w.org\/{rel}","templated":true}]}}