{"id":55301,"date":"2023-12-19T15:29:39","date_gmt":"2023-12-19T15:29:39","guid":{"rendered":"https:\/\/blog.corretoraideal.com.br\/?p=55301"},"modified":"2023-12-19T15:29:39","modified_gmt":"2023-12-19T15:29:39","slug":"viih-tube-virginia-kylie-jenner-chegada-de-filhos-vira-renda-extra-para-influenciadoras-empreendedorismo-g1","status":"publish","type":"post","link":"https:\/\/blog.corretoraideal.com.br\/index.php\/2023\/12\/19\/viih-tube-virginia-kylie-jenner-chegada-de-filhos-vira-renda-extra-para-influenciadoras-empreendedorismo-g1\/","title":{"rendered":"Viih Tube, Virginia, Kylie Jenner: chegada de filhos vira renda extra para influenciadoras | Empreendedorismo | G1"},"content":{"rendered":"<br \/>\n<h1>Viih Tube, Virginia, Kylie Jenner: chegada de filhos vira renda extra para influenciadoras<\/h1>\n<h2>Elas aproveitaram a influ\u00eancia nas redes sociais para lan\u00e7ar marcas de produtos infantis. Apesar do grande n\u00famero de seguidores, especialista explica que nem todos os influenciadores conseguem transformar essas iniciativas em lucros milion\u00e1rios.<\/h2>\n<p> Por <a class=\"multi_signatures\" href=\"https:\/\/g1.globo.com\/autores\/anaisa-catucci\/\">Ana\u00edsa Catucci<\/a>, g1 <\/p>\n<p>  27\/11\/2023 06h21    Atualizado  27\/11\/2023    <\/p>\n<p>                   1 de 4&#013;Marcas criadas pelas m\u00e3es Vera Sidik, Kylie Jenner, Virginia Fonseca e Viih Tube \u2014 Foto: Reprodu\u00e7\u00e3o\/ Instagram    <\/p>\n<p> Marcas criadas pelas m\u00e3es Vera Sidik, Kylie Jenner, Virginia Fonseca e Viih Tube \u2014 Foto: Reprodu\u00e7\u00e3o\/ Instagram <\/p>\n<p> O boom dos influenciadores de comportamento, beleza e moda gerou oportunidade comercial: criadores de conte\u00fado viram uma boa chance para fazer neg\u00f3cios que exploram o potencial de compra de seus seguidores. <\/p>\n<p> E algumas influenciadoras-empreendedoras resolveram envolver os pr\u00f3prios filhos nesse mercado, com vendas de produtos infantis. Muitos deles participam das campanhas de publicidade. <\/p>\n<p> Na lista est\u00e3o <a class href=\"https:\/\/g1.globo.com\/empreendedorismo\/noticia\/2023\/11\/27\/viih-tube-virginia-kylie-jenner-chegada-de-filhos-vira-renda-extra-para-influenciadoras.ghtml#1\"><strong>Kylie Jenner<\/strong><\/a><strong>, <\/strong><a class href=\"https:\/\/g1.globo.com\/empreendedorismo\/noticia\/2023\/11\/27\/viih-tube-virginia-kylie-jenner-chegada-de-filhos-vira-renda-extra-para-influenciadoras.ghtml#2\"><strong>Virginia Fonseca<\/strong><\/a><strong>, <\/strong><a class href=\"https:\/\/g1.globo.com\/tudo-sobre\/viih-tube-bbb21\/\"><strong>Viih Tube<\/strong><\/a><strong> e <\/strong><a class href=\"https:\/\/g1.globo.com\/empreendedorismo\/noticia\/2023\/11\/27\/viih-tube-virginia-kylie-jenner-chegada-de-filhos-vira-renda-extra-para-influenciadoras.ghtml#1\"><strong>Vera Sidika<\/strong><\/a>, que chegou a lan\u00e7ar a filha como &quot;Boss Baby&quot; e espera que a pequena fique milion\u00e1ria com a marca em at\u00e9 3 anos. <\/p>\n<p> &quot;Os filhos tamb\u00e9m s\u00e3o uma extens\u00e3o de marca e, diante das mudan\u00e7as das plataformas de monetiza\u00e7\u00e3o, \u00e9 natural buscar novos caminhos. A melhor publicidade \u00e9 aquela que entra no lifestyle real. As crian\u00e7as j\u00e1 nascem com milh\u00f5es de seguidores nas suas redes sociais e isso favorece a ter, j\u00e1 de largada, um alcance na marca&quot;, explica Jo\u00e3o Finamor, professor de marketing digital da ESPM. <\/p>\n<p> Apesar de alguns mini-influenciadores j\u00e1 terem at\u00e9 linhas de produtos com seu nome, eles ainda n\u00e3o podem ser donos exclusivos da marca por conta da idade <strong>(<\/strong><a class href=\"https:\/\/g1.globo.com\/empreendedorismo\/noticia\/2023\/11\/27\/viih-tube-virginia-kylie-jenner-chegada-de-filhos-vira-renda-extra-para-influenciadoras.ghtml#5\"><strong>veja abaixo o que dizem os especialistas<\/strong><\/a><strong>)<\/strong>. <\/p>\n<p> E para o especialista Arthur Ridolfo, nem todos os influenciadores conseguem transformar essas iniciativas em lucros milion\u00e1rios imediatos. <\/p>\n<p> &quot;Isso \u00e9 semelhante \u00e0s tentativas passadas de artistas e atletas que lan\u00e7aram suas pr\u00f3prias marcas sem sucesso financeiro. Al\u00e9m disso, h\u00e1 preocupa\u00e7\u00f5es sobre a integridade das marcas e conflitos com publicidade&quot;, explica o professor da Escola de Administra\u00e7\u00e3o de Empresas de S\u00e3o Paulo (EAESP) da Funda\u00e7\u00e3o Getulio Vargas (<a class href=\"https:\/\/g1.globo.com\/educacao\/universidade\/fgv\/\">FGV<\/a>). <\/p>\n<p> <strong>? Saiba mais sobre os filhos das influenciadoras e as marcas infantis:<\/strong> <\/p>\n<p><h2>Asia Brown (filha da Vera Sidika)<\/h2>\n<\/p>\n<p>         2 de 4&#013;Lan\u00e7amento do primeiro neg\u00f3cio de Asia Brown ocorreu em junho de 2022 \u2014 Foto: Reprodu\u00e7\u00e3o\/ Instagram    <\/p>\n<p> Lan\u00e7amento do primeiro neg\u00f3cio de Asia Brown ocorreu em junho de 2022 \u2014 Foto: Reprodu\u00e7\u00e3o\/ Instagram <\/p>\n<p> &quot;Ela ser\u00e1 milion\u00e1ria quando tiver 5 anos.&quot; A frase \u00e9 da empres\u00e1ria e influenciadora queniana Vera Sidika sobre a filha Asia, que completou 2 anos em agosto, mas j\u00e1 \u00e9 conhecida como &quot;Boss Baby&quot; ??, por ser dona de uma empresa de produtos de beleza infantis. <\/p>\n<p> A fam\u00edlia mora em Nair\u00f3bi, no Qu\u00eania, e a empresa &quot;Asia Brown Baby Care&quot; foi lan\u00e7ada em junho de 2022 durante uma festa luxuosa de &quot;mesvers\u00e1rio&quot; ?. A administra\u00e7\u00e3o do neg\u00f3cio fica por conta dos pais da menina, principalmente da m\u00e3e. <\/p>\n<p> O empreendimento, que foi um presente dos pais Vera e o m\u00fasico Brown Mauzo, vende produtos org\u00e2nicos para cabelos e cuidados com a pele para beb\u00eas, por meio do <a class href=\"https:\/\/g1.globo.com\/tudo-sobre\/whatsapp\/\">WhatsApp<\/a> e web. <\/p>\n<p> O neg\u00f3cio tem 7 op\u00e7\u00f5es de produtos, incluindo xampus, condicionadores e cremes, que s\u00e3o vendidos a partir de R$ 50, conforme an\u00fancio que consta nas redes sociais em 2022. <\/p>\n<p> Durante os primeiros meses de opera\u00e7\u00e3o, a empresa vendeu mais de 9 mil itens, segundo site do jornal brit\u00e2nico &quot;The Sun&quot;. <\/p>\n<p> \u201cEla \u00e9 uma das CEOs mais jovens do mundo, estou muito orgulhosa&quot;, afirmou Vera ao jornal e tamb\u00e9m projetou um futuro milion\u00e1rio para a crian\u00e7a. <\/p>\n<p> Para alcan\u00e7ar essa cifra, no entanto, os pais v\u00e3o ter que driblar o mercado j\u00e1 consolidado das grandes marcas de cosm\u00e9ticos, afirma o professor da FGV. <\/p>\n<p>&quot;Para ela ficar milion\u00e1ria, ser\u00e1 necess\u00e1rio vender muito ou quem sabe despertar o interesse de investidores para vender a empresa&quot;, avalia Arthur Ridolfo. <\/p>\n<p> Em seu pequeno curr\u00edculo, Asia tamb\u00e9m &quot;trabalha&quot; como modelo da pr\u00f3pria marca. J\u00e1 a m\u00e3e Vera \u00e9 modelo plus size, estrela de um reality show, dona da empresa internacional Veetox e tem mais 2,5 mil seguidores no <a class href=\"https:\/\/g1.globo.com\/tudo-sobre\/instagram\/\">Instagram<\/a>. <\/p>\n<p><h2>Stormi (filha da Kylie Jenner)<\/h2>\n<\/p>\n<p>         3 de 4&#013;Kylie Jenner e a marca infantil &#039;Kylie Baby&#039; \u2014 Foto: Reprodu\u00e7\u00e3o\/ Instagram    <\/p>\n<p> Kylie Jenner e a marca infantil &#039;Kylie Baby&#039; \u2014 Foto: Reprodu\u00e7\u00e3o\/ Instagram <\/p>\n<p> Em setembro de 2021, Kylie Jenner, dona de um imp\u00e9rio bilion\u00e1rio do mundo dos cosm\u00e9ticos e que re\u00fane mais de 398 milh\u00f5es de seguidores no Instagram, registrou a patente da marca &quot;Kylie Baby&quot;. <\/p>\n<p> A linha tem produtos de banho, hidrata\u00e7\u00e3o, toalhas e acess\u00f3rios de beb\u00eas que custam a partir de R$ 85. <\/p>\n<p> \u201cEu estou t\u00e3o animada para apresentar a Kylie Baby para voc\u00eas. Desde quando eu virei m\u00e3e, se tornou um sonho desenvolver produtos de cuidados para os beb\u00eas que fossem limpos, seguros, eficazes e conscientes. Eu sei que todos voc\u00eas querem o melhor para seus filhos, por isso, essa linha \u00e9 completamente vegana e hipoalerg\u00eanica\u201c, escreveu a empres\u00e1ria. <\/p>\n<p> Em fotos de divulga\u00e7\u00e3o dos produtos, a empres\u00e1ria cl\u00e3 Kardashian aparece com a filha Stormi Webster, que tem 422 mil seguidores, e o filho Aire Webster. No lan\u00e7amento, ela estava gr\u00e1vida do segundo filho. <\/p>\n<p><h2>Maria Alice e Maria Flor (filhas da Virginia Fonseca)<\/h2>\n<\/p>\n<p>         4 de 4&#013;Virginia lan\u00e7ou em outubro de 2022 a &#034;Maria\u2019s Baby&#034; \u2014 Foto: Reprodu\u00e7\u00e3o\/ Instagram    <\/p>\n<p> Virginia lan\u00e7ou em outubro de 2022 a &#034;Maria\u2019s Baby&#034; \u2014 Foto: Reprodu\u00e7\u00e3o\/ Instagram <\/p>\n<p> No Brasil, a influenciadora Virginia Fonseca lan\u00e7ou em outubro de 2022 a &quot;Maria\u2019s Baby&quot;, um dia ap\u00f3s o nascimento da sua segunda filha. <\/p>\n<p> A marca vende cerca de 10 produtos, das linhas Maria Alice e Maria Flor. Nos kits est\u00e3o itens de banho, hidrata\u00e7\u00e3o, bichinhos de pel\u00facia e acess\u00f3rios. Os produtos s\u00e3o vendidos a partir de R$ 34,90 at\u00e9 R$ 349. <\/p>\n<p> Na \u00e9poca, ela disse que tinha planejado desde o in\u00edcio do ano o desenvolvimento da marca. <\/p>\n<p> &quot;Parece que tudo que fazemos para nossos filhos t\u00eam um peso muito maior, e essa marca \u00e9 delas e para elas!! L\u00f3gico, com minha administra\u00e7\u00e3o at\u00e9 elas conseguirem e quiserem tomar conta de tudo sozinhas!!&quot;, escreveu nas redes sociais. <\/p>\n<p> Por enquanto, a marca \u00e9 administrada pelos pais, e n\u00e3o consta o nome das filhas como s\u00f3cias. <\/p>\n<p><h2>Lua (filha da Viih Tube)<\/h2>\n<\/p>\n<p> Recentemente, a influenciadora digital e ex-BBB Viih Tube revelou como tem administrado o dinheiro de sua filha de 7 meses. Ela disse que <a class href=\"https:\/\/g1.globo.com\/trabalho-e-carreira\/noticia\/2023\/10\/17\/viih-tube-diz-que-a-filha-lua-ja-faturou-r-1-milhao-com-publicidades-isso-me-preocupa-mas-me-conforta.ghtml\">Lua j\u00e1 faturou R$ 1 milh\u00e3o com publicidades<\/a> (<strong>veja o v\u00eddeo abaixo<\/strong>). <\/p>\n<p>                   <img loading=\"lazy\" decoding=\"async\" class=\"aligncenter size-full wp-image-55303\" src=\"https:\/\/blog.corretoraideal.com.br\/wp-content\/uploads\/2023\/12\/viih-tube-diz-que-a-filha-lua-ja-faturou-r-1-milhao-com-publicidades.jpeg\" alt=\"Viih Tube diz que a filha Lua j\u00e1 faturou R$ 1 milh\u00e3o com publicidades\" width=\"800\" height=\"400\" \/>       <\/p>\n<p> Viih Tube diz que a filha Lua j\u00e1 faturou R$ 1 milh\u00e3o com publicidades <\/p>\n<p> Segundo a artista, o dinheiro da beb\u00ea, que \u00e9 filha da influencer com o tamb\u00e9m ex-BBB Eliezer, est\u00e1 sendo guardado em uma conta banc\u00e1ria em nome da pr\u00f3pria crian\u00e7a. <\/p>\n<p> Al\u00e9m de brilhar em campanhas publicit\u00e1rias, a beb\u00ea \u00e9 garota-propaganda da marca de roupas infantis &quot;Baby Tube&quot;, empresa de Viih Tube criada em maio deste ano, no Dia da M\u00e3es. Os produtos vendidos pela internet custam a partir de R$ 79,90. <\/p>\n<p> Atualmente, Viih acumula mais de 30 milh\u00f5es de seguidores no Instagram. J\u00e1 o perfil da Pequena Lua tem 2 milh\u00f5es. <\/p>\n<p> Apesar do sucesso nas redes sociais, a pequena tamb\u00e9m tem sofrido ataques na internet. Viih Tube e Eliezer contaram, em <a class href=\"https:\/\/g1.globo.com\/fantastico\/noticia\/2023\/11\/19\/viih-tube-e-eliezer-contam-que-pensaram-em-parar-de-postar-fotos-da-filha-de-7-meses-apos-onda-de-xingamentos.ghtml\">entrevista ao Fant\u00e1stico<\/a>, que chegaram a pensar em parar de postar fotos da menina ap\u00f3s a onda de xingamentos. <\/p>\n<p><h2>\u27a1\ufe0f O que diz a lei no Brasil sobre os pequenos &#x27;CEOs&#x27;<\/h2>\n<\/p>\n<p> Segundo a legisla\u00e7\u00e3o brasileira, n\u00e3o h\u00e1 impeditivo legal para que uma crian\u00e7a, at\u00e9 mesmo um beb\u00ea rec\u00e9m-nascido, seja s\u00f3cio de uma empresa. <\/p>\n<p> No entanto, a express\u00e3o <strong>&quot;CEO Baby&quot; ou &quot;beb\u00ea chefe&quot; deve ser compreendida dentro de um contexto l\u00fadico<\/strong>, muito mais associado \u00e0 marca do que \u00e0 efetiva participa\u00e7\u00e3o nas decis\u00f5es da empresa, explica Rachel Ferraz, advogada de fam\u00edlia, s\u00f3cia de Ferraz &amp; Alonso Advogados. <\/p>\n<p> O artigo 1.693 do C\u00f3digo Civil determina que a <strong>administra\u00e7\u00e3o dos bens dos filhos menores de 18 anos \u00e9 de responsabilidade dos pais da crian\u00e7a<\/strong>. <\/p>\n<p> &quot;At\u00e9 os 16 anos de idade, esses pequenos s\u00f3cios dever\u00e3o ser representados por seus pais ou representantes legais (portanto, n\u00e3o ter\u00e3o qualquer poder de administra\u00e7\u00e3o) e, dos 16 aos 18 anos, dever\u00e3o ser assistidos (ou seja, assinar\u00e3o junto, mas n\u00e3o decidir\u00e3o nada sozinhos)&quot;, explica. <\/p>\n<p> Apesar disso, os pequenos \u201cCEOs\u201d ter\u00e3o todos os direitos de um s\u00f3cio, exceto o direito ao pr\u00f3-labore (\u201csal\u00e1rio\u201d). <\/p>\n<p> &quot;J\u00e1 que n\u00e3o exercer\u00e1 nenhuma atividade laboral que a justifique, mas ter\u00e1 direito \u00e0 distribui\u00e7\u00e3o de lucros, competindo aos pais a administra\u00e7\u00e3o destes valores, at\u00e9 que os mesmos completem a maioridade ou sejam emancipados&quot;, afirma. <\/p>\n<p> A advogada recomenda para as m\u00e3es que est\u00e3o construindo um neg\u00f3cio em nome dos filhos ou junto com eles, agir dentro da legalidade e garantir que a gest\u00e3o do patrim\u00f4nio dos pequenos esteja sendo feita no melhor interesse deles. <\/p>\n<p> &quot;Quando chegar \u00e0 maioridade, eles se tornar\u00e3o, de fato e de direito, titulares de suas cotas sociais e do patrim\u00f4nio acumulado ao longo dos anos, sendo plenamente poss\u00edvel que, \u00e0 essa altura, j\u00e1 possam at\u00e9 aposentar, sem que nunca tenham, de fato, trabalhado em todo esse tempo&quot;, completa. <\/p>\n<p> <strong>VEJA TAMB\u00c9M:<\/strong> <\/p>\n<ul>\n<li><strong>Caso Larissa Manoela<\/strong>:<a class href=\"https:\/\/g1.globo.com\/trabalho-e-carreira\/noticia\/2023\/08\/16\/caso-larissa-manoela-entenda-o-que-diz-a-lei-sobre-trabalho-infantil-no-caso-de-artistas-mirins.ghtml\"> entenda o que diz a lei sobre trabalho infantil envolvendo artistas mirins<\/a><\/li>\n<li><a class href=\"https:\/\/g1.globo.com\/economia\/noticia\/2023\/08\/15\/caso-larissa-manoela-os-pais-podem-usar-ou-controlar-o-dinheiro-dos-filhos-menores-de-idade.ghtml\">Os pais podem usar ou controlar o dinheiro dos filhos menores de idade?<\/a><\/li>\n<\/ul>\n<p><h2>O ator que viralizou da noite para o dia no <a class href=\"https:\/\/g1.globo.com\/tudo-sobre\/tiktok\/\">TikTok<\/a> com mapas &#x27;falantes&#x27;<\/h2>\n<\/p>\n<p>                   <img loading=\"lazy\" decoding=\"async\" class=\"aligncenter size-full wp-image-55304\" src=\"https:\/\/blog.corretoraideal.com.br\/wp-content\/uploads\/2023\/12\/conheca-quem-faz-os-mapas-falantes-do-tiktok.jpeg\" alt=\"Conhe\u00e7a quem faz os mapas \u2018falantes\u2019 do TikTok\" width=\"800\" height=\"400\" \/>       <\/p>\n<p> Conhe\u00e7a quem faz os mapas \u2018falantes\u2019 do TikTok <\/p>\n<p><h2>Vanessa Lopes: a tiktoker que tem mais seguidores no app do que Anitta<\/h2>\n<\/p>\n<p>                   <img loading=\"lazy\" decoding=\"async\" class=\"aligncenter size-full wp-image-55305\" src=\"https:\/\/blog.corretoraideal.com.br\/wp-content\/uploads\/2023\/12\/conheca-vanessa-lopes-tiktoker-que-ja-tem-quase-1-bilhao-de-likes.jpeg\" alt=\"Conhe\u00e7a Vanessa Lopes, tiktoker que j\u00e1 tem quase 1 bilh\u00e3o de likes\" width=\"800\" height=\"400\" \/>       <\/p>\n<p> Conhe\u00e7a Vanessa Lopes, tiktoker que j\u00e1 tem quase 1 bilh\u00e3o de likes <\/p>\n<ul>\n<li> <a href=\"https:\/\/g1.globo.com\/educacao\/universidade\/fgv\/\" class=\"entities__list-itemLink\" data-track-click=\"FGV\"> FGV <\/a> <\/li>\n<li> <a href=\"https:\/\/g1.globo.com\/tudo-sobre\/instagram\/\" class=\"entities__list-itemLink\" data-track-click=\"Instagram\"> Instagram <\/a> <\/li>\n<li> <a href=\"https:\/\/g1.globo.com\/tudo-sobre\/tiktok\/\" class=\"entities__list-itemLink\" data-track-click=\"TikTok\"> TikTok <\/a> <\/li>\n<li> <a href=\"https:\/\/g1.globo.com\/educacao\/universidade\/usp\/\" class=\"entities__list-itemLink\" data-track-click=\"USP\"> USP <\/a> <\/li>\n<li> <a href=\"https:\/\/g1.globo.com\/tudo-sobre\/viih-tube-bbb21\/\" class=\"entities__list-itemLink\" data-track-click=\"Viih Tube\"> Viih Tube <\/a> <\/li>\n<li> <a href=\"https:\/\/g1.globo.com\/tudo-sobre\/whatsapp\/\" class=\"entities__list-itemLink\" data-track-click=\"WhatsApp\"> WhatsApp <\/a> <\/li>\n<\/ul>\n","protected":false},"excerpt":{"rendered":"<p>Viih Tube, Virginia, Kylie Jenner: chegada de filhos vira renda extra para influenciadoras Elas aproveitaram a influ\u00eancia nas redes sociais para lan\u00e7ar marcas de produtos infantis. Apesar do grande n\u00famero de seguidores, especialista explica que nem todos os influenciadores conseguem transformar essas iniciativas em lucros milion\u00e1rios. Por Ana\u00edsa Catucci, g1 27\/11\/2023 06h21 Atualizado 27\/11\/2023 1 [&hellip;]<\/p>\n","protected":false},"author":1,"featured_media":0,"comment_status":"closed","ping_status":"closed","sticky":false,"template":"","format":"standard","meta":{"footnotes":""},"categories":[],"tags":[],"class_list":["post-55301","post","type-post","status-publish","format-standard","hentry"],"_links":{"self":[{"href":"https:\/\/blog.corretoraideal.com.br\/index.php\/wp-json\/wp\/v2\/posts\/55301","targetHints":{"allow":["GET"]}}],"collection":[{"href":"https:\/\/blog.corretoraideal.com.br\/index.php\/wp-json\/wp\/v2\/posts"}],"about":[{"href":"https:\/\/blog.corretoraideal.com.br\/index.php\/wp-json\/wp\/v2\/types\/post"}],"author":[{"embeddable":true,"href":"https:\/\/blog.corretoraideal.com.br\/index.php\/wp-json\/wp\/v2\/users\/1"}],"replies":[{"embeddable":true,"href":"https:\/\/blog.corretoraideal.com.br\/index.php\/wp-json\/wp\/v2\/comments?post=55301"}],"version-history":[{"count":1,"href":"https:\/\/blog.corretoraideal.com.br\/index.php\/wp-json\/wp\/v2\/posts\/55301\/revisions"}],"predecessor-version":[{"id":55306,"href":"https:\/\/blog.corretoraideal.com.br\/index.php\/wp-json\/wp\/v2\/posts\/55301\/revisions\/55306"}],"wp:attachment":[{"href":"https:\/\/blog.corretoraideal.com.br\/index.php\/wp-json\/wp\/v2\/media?parent=55301"}],"wp:term":[{"taxonomy":"category","embeddable":true,"href":"https:\/\/blog.corretoraideal.com.br\/index.php\/wp-json\/wp\/v2\/categories?post=55301"},{"taxonomy":"post_tag","embeddable":true,"href":"https:\/\/blog.corretoraideal.com.br\/index.php\/wp-json\/wp\/v2\/tags?post=55301"}],"curies":[{"name":"wp","href":"https:\/\/api.w.org\/{rel}","templated":true}]}}