{"id":55307,"date":"2023-12-19T17:29:37","date_gmt":"2023-12-19T17:29:37","guid":{"rendered":"https:\/\/blog.corretoraideal.com.br\/?p=55307"},"modified":"2023-12-19T17:29:37","modified_gmt":"2023-12-19T17:29:37","slug":"simposio-em-italva-rj-aborda-diversidade-e-desconstrucao-de-preconceitos-na-educacao-norte-fluminense-g1","status":"publish","type":"post","link":"https:\/\/blog.corretoraideal.com.br\/index.php\/2023\/12\/19\/simposio-em-italva-rj-aborda-diversidade-e-desconstrucao-de-preconceitos-na-educacao-norte-fluminense-g1\/","title":{"rendered":"Simp\u00f3sio em Italva, RJ, aborda diversidade e desconstru\u00e7\u00e3o de preconceitos na Educa\u00e7\u00e3o | Norte Fluminense | G1"},"content":{"rendered":"<br \/>\n<h1>Simp\u00f3sio em Italva, RJ, aborda diversidade e desconstru\u00e7\u00e3o de preconceitos na Educa\u00e7\u00e3o<\/h1>\n<h2>Evento ser\u00e1 nesta quinta-feira (23), \u00e0s 14h, na C\u00e2mara dos Vereadores, e conta com palestras com especialistas em temas sobre diversidade, diferen\u00e7a e direitos humanos, al\u00e9m de apresenta\u00e7\u00e3o cultural.<\/h2>\n<p> Por g1 &mdash; Norte Fluminense <\/p>\n<p>  21\/11\/2023 14h59    Atualizado  21\/11\/2023    <\/p>\n<p> <a class href=\"https:\/\/g1.globo.com\/rj\/norte-fluminense\/cidade\/italva\/\">Italva<\/a>, no Noroeste Fluminense, ter\u00e1 o I Simp\u00f3sio &quot;Por uma Pedagogia da Diversidade: Desconstruindo Preconceitos de Ra\u00e7a na Educa\u00e7\u00e3o&quot;. <\/p>\n<p> O evento ser\u00e1 realizado nesta quinta-feira (23), a partir das 14h, na C\u00e2mara Municipal de Vereadores. A Secretaria Municipal de Educa\u00e7\u00e3o publicou postagem nas redes sociais convidando a popula\u00e7\u00e3o para encontro. <\/p>\n<p> O simp\u00f3sio contar\u00e1 com palestras. Uma delas ser\u00e1 com Jorge Santos, que \u00e9 doutor em mem\u00f3ria social, mestre em educa\u00e7\u00e3o e especialista em temas da Diversidade, Diferen\u00e7a e Direitos Humanos. Ele vai abordar o tema &quot;Por uma Pedagogia da Diversidade: Desconstruindo Preconceitos de Ra\u00e7a na Educa\u00e7\u00e3o&quot;. <\/p>\n<p> Tamb\u00e9m vai participar do evento a soci\u00f3loga \u00c2ngela Souza, que \u00e9 a secret\u00e1ria de Assist\u00eancia Social, Trabalho e Habita\u00e7\u00e3o. Ela vai falar sobre o Sistema Nacional de Promo\u00e7\u00e3o da Igualdade Racial (SINAPIR ). <\/p>\n<p> De acordo com o Minist\u00e9rio dos Direitos Humanos e da Cidadania, o SINAPIR foi institu\u00eddo pela Lei n\u00ba 12.288\/2010 (Estatuto da Igualdade Racial) e regulamentado pelo decreto n\u00ba 8.136\/2013. O sistema que possibilita, de forma organizada e articulada, a implementa\u00e7\u00e3o de pol\u00edticas e servi\u00e7os destinados a superar as desigualdades raciais no Brasil, &quot;com o prop\u00f3sito de garantir \u00e0 popula\u00e7\u00e3o negra, cigana e ind\u00edgena a efetiva\u00e7\u00e3o da igualdade de oportunidades, a defesa de direitos e o combate \u00e0 discrimina\u00e7\u00e3o e as demais formas de intoler\u00e2ncia&quot;, explica o Minist\u00e9rio. <\/p>\n<p> &quot;A ades\u00e3o dos estados, Distrito Federal e munic\u00edpios ao sistema contribui nos processos de cria\u00e7\u00e3o e fortalecimento de \u00f3rg\u00e3os e conselhos de promo\u00e7\u00e3o da igualdade racial no \u00e2mbito regional e local, desenvolvendo esta pol\u00edtica p\u00fablica nacionalmente&quot;, finaliza o \u00f3rg\u00e3o. <\/p>\n<p> O simp\u00f3sio em Italva conta ainda com a participa\u00e7\u00e3o da cantora italvense Danuza, que vai dar seu depoimento, al\u00e9m dos alunos da E.E.M. Usina S\u00e3o Pedro, que v\u00e3o fazer uma apresenta\u00e7\u00e3o cultural. <\/p>\n<ul>\n<li> <a href=\"https:\/\/g1.globo.com\/rj\/norte-fluminense\/cidade\/italva\/\" class=\"entities__list-itemLink\" data-track-click=\"Italva\"> Italva <\/a> <\/li>\n<\/ul>\n","protected":false},"excerpt":{"rendered":"<p>Simp\u00f3sio em Italva, RJ, aborda diversidade e desconstru\u00e7\u00e3o de preconceitos na Educa\u00e7\u00e3o Evento ser\u00e1 nesta quinta-feira (23), \u00e0s 14h, na C\u00e2mara dos Vereadores, e conta com palestras com especialistas em temas sobre diversidade, diferen\u00e7a e direitos humanos, al\u00e9m de apresenta\u00e7\u00e3o cultural. Por g1 &mdash; Norte Fluminense 21\/11\/2023 14h59 Atualizado 21\/11\/2023 Italva, no Noroeste Fluminense, ter\u00e1 [&hellip;]<\/p>\n","protected":false},"author":1,"featured_media":0,"comment_status":"closed","ping_status":"closed","sticky":false,"template":"","format":"standard","meta":{"footnotes":""},"categories":[],"tags":[],"class_list":["post-55307","post","type-post","status-publish","format-standard","hentry"],"_links":{"self":[{"href":"https:\/\/blog.corretoraideal.com.br\/index.php\/wp-json\/wp\/v2\/posts\/55307","targetHints":{"allow":["GET"]}}],"collection":[{"href":"https:\/\/blog.corretoraideal.com.br\/index.php\/wp-json\/wp\/v2\/posts"}],"about":[{"href":"https:\/\/blog.corretoraideal.com.br\/index.php\/wp-json\/wp\/v2\/types\/post"}],"author":[{"embeddable":true,"href":"https:\/\/blog.corretoraideal.com.br\/index.php\/wp-json\/wp\/v2\/users\/1"}],"replies":[{"embeddable":true,"href":"https:\/\/blog.corretoraideal.com.br\/index.php\/wp-json\/wp\/v2\/comments?post=55307"}],"version-history":[{"count":1,"href":"https:\/\/blog.corretoraideal.com.br\/index.php\/wp-json\/wp\/v2\/posts\/55307\/revisions"}],"predecessor-version":[{"id":55309,"href":"https:\/\/blog.corretoraideal.com.br\/index.php\/wp-json\/wp\/v2\/posts\/55307\/revisions\/55309"}],"wp:attachment":[{"href":"https:\/\/blog.corretoraideal.com.br\/index.php\/wp-json\/wp\/v2\/media?parent=55307"}],"wp:term":[{"taxonomy":"category","embeddable":true,"href":"https:\/\/blog.corretoraideal.com.br\/index.php\/wp-json\/wp\/v2\/categories?post=55307"},{"taxonomy":"post_tag","embeddable":true,"href":"https:\/\/blog.corretoraideal.com.br\/index.php\/wp-json\/wp\/v2\/tags?post=55307"}],"curies":[{"name":"wp","href":"https:\/\/api.w.org\/{rel}","templated":true}]}}