{"id":55310,"date":"2023-12-19T19:29:35","date_gmt":"2023-12-19T19:29:35","guid":{"rendered":"https:\/\/blog.corretoraideal.com.br\/?p=55310"},"modified":"2023-12-19T19:29:35","modified_gmt":"2023-12-19T19:29:35","slug":"aneel-aprova-preco-provisorio-para-energia-de-itaipu-com-reducao-de-12-em-2024-economia-g1","status":"publish","type":"post","link":"https:\/\/blog.corretoraideal.com.br\/index.php\/2023\/12\/19\/aneel-aprova-preco-provisorio-para-energia-de-itaipu-com-reducao-de-12-em-2024-economia-g1\/","title":{"rendered":"Aneel aprova pre\u00e7o provis\u00f3rio para energia de Itaipu, com redu\u00e7\u00e3o de 12% em 2024 | Economia | G1"},"content":{"rendered":"<br \/>\n<h1>Aneel aprova pre\u00e7o provis\u00f3rio para energia de Itaipu, com redu\u00e7\u00e3o de 12% em 2024<\/h1>\n<h2>Pre\u00e7o tempor\u00e1rio foi definido porque brasileiros e paraguaios ainda n\u00e3o chegaram a um acordo para a tarifa de servi\u00e7os da usina.<\/h2>\n<p> Por <a class=\"multi_signatures\" href=\"https:\/\/g1.globo.com\/autores\/lais-carregosa\/\">Lais Carregosa<\/a>, g1 &mdash; Bras\u00edlia <\/p>\n<p>  19\/12\/2023 16h10    Atualizado  19\/12\/2023    <\/p>\n<p> A Ag\u00eancia Nacional de Energia El\u00e9trica (Aneel) aprovou nesta ter\u00e7a-feira (19) a tarifa provis\u00f3ria para a energia da usina hidrel\u00e9trica de Itaipu, que ser\u00e1 de US$ 17,66 por quilowatt ao m\u00eas a partir de 1\u00ba de janeiro. <\/p>\n<p> &quot;H\u00e1 uma sinaliza\u00e7\u00e3o de redu\u00e7\u00e3o, ainda que provis\u00f3ria, em torno de 12% que se refletir\u00e1 nas concession\u00e1rias de distribui\u00e7\u00e3o das regi\u00f5es Sul, Sudeste e Centro-Oeste&quot;, declarou o diretor-geral da Aneel, Sandoval Feitosa. <\/p>\n<p> Em 2023, o pre\u00e7o cobrado foi de US$ 20,23. O valor definido para 2024 \u00e9 menor principalmente porque a d\u00edvida de constru\u00e7\u00e3o da usina foi quitada em fevereiro, ou seja, o valor n\u00e3o ser\u00e1 inclu\u00eddo na tarifa. <\/p>\n<p> Al\u00e9m disso, o saldo da conta de comercializa\u00e7\u00e3o da energia de Itaipu est\u00e1 positivo, com R$ 129 milh\u00f5es. O saldo tamb\u00e9m \u00e9 considerado, sendo cobrado no caso de estar negativo. Como h\u00e1 dinheiro na conta, esse componente da tarifa foi zerado. <\/p>\n<p> O pre\u00e7o foi definido de forma tempor\u00e1ria porque o conselho de administra\u00e7\u00e3o da usina ainda n\u00e3o chegou a um acordo sobre o valor da tarifa de servi\u00e7os de Itaipu, que serve de base para a Aneel definir o pre\u00e7o pago pelas distribuidoras. <\/p>\n<p> Em outubro, o diretor-geral brasileiro de Itaipu, Enio Verri, disse que o Paraguai buscava aumentar a tarifa de servi\u00e7os em cerca de 24% em rela\u00e7\u00e3o ao pre\u00e7o atual, de US$ 16,71 por kW por m\u00eas. Os paraguaios querem que a tarifa volte a US$ 20,75, valor cobrado em 2022. <\/p>\n<p> &quot;De alguns anos para c\u00e1, considerando o cen\u00e1rio do fim do pagamento do empr\u00e9stimo de constru\u00e7\u00e3o da usina e a necessidade de definir outros valores para o custo da energia de Itaipu, frequentemente, h\u00e1 nos \u00faltimos dois anos, a discuss\u00e3o tem ficado em bases provis\u00f3rias&quot;, afirmou o diretor-geral da Aneel. <\/p>\n<p> A tarifa de servi\u00e7os de Itaipu \u00e9 chamada de Custo Unit\u00e1rio de Servi\u00e7os de Eletricidade (Cuse). \u00c9 um encargo pago por brasileiros e paraguaios para cobrir os custos de Itaipu com: <\/p>\n<ul>\n<li>administra\u00e7\u00e3o, opera\u00e7\u00e3o e manuten\u00e7\u00e3o da usina;<\/li>\n<li>repasses em royalties e participa\u00e7\u00f5es governamentais pelo uso da \u00e1gua;<\/li>\n<li>d\u00edvida de constru\u00e7\u00e3o da usina.<\/li>\n<\/ul>\n<p> Esses custos s\u00e3o uma parcela da tarifa de repasse paga pelas distribuidoras que compram a energia produzida na usina. O valor \u00e9 considerado pela Aneel ao permitir reajustes aplicados pelas empresas aos consumidores na conta de energia. <\/p>\n<p> &quot;Os interesses s\u00e3o opostos. Segundo o tratado, aquela energia que o Paraguai tem direito e n\u00e3o consome, ele tem que vender para o Brasil. Ent\u00e3o, na hora de negociar a tarifa, a margem esquerda [Brasil] quer a tarifa mais baixa poss\u00edvel. [&#8230;] O Paraguai quer a tarifa mais alta poss\u00edvel, porque o excedente \u00e9 que faz com que o Paraguai fa\u00e7a seus investimentos em seu pa\u00eds&quot;, explicou Verri na ocasi\u00e3o. <\/p>\n<ul> <\/ul>\n","protected":false},"excerpt":{"rendered":"<p>Aneel aprova pre\u00e7o provis\u00f3rio para energia de Itaipu, com redu\u00e7\u00e3o de 12% em 2024 Pre\u00e7o tempor\u00e1rio foi definido porque brasileiros e paraguaios ainda n\u00e3o chegaram a um acordo para a tarifa de servi\u00e7os da usina. Por Lais Carregosa, g1 &mdash; Bras\u00edlia 19\/12\/2023 16h10 Atualizado 19\/12\/2023 A Ag\u00eancia Nacional de Energia El\u00e9trica (Aneel) aprovou nesta ter\u00e7a-feira [&hellip;]<\/p>\n","protected":false},"author":1,"featured_media":0,"comment_status":"closed","ping_status":"closed","sticky":false,"template":"","format":"standard","meta":{"footnotes":""},"categories":[],"tags":[],"class_list":["post-55310","post","type-post","status-publish","format-standard","hentry"],"_links":{"self":[{"href":"https:\/\/blog.corretoraideal.com.br\/index.php\/wp-json\/wp\/v2\/posts\/55310","targetHints":{"allow":["GET"]}}],"collection":[{"href":"https:\/\/blog.corretoraideal.com.br\/index.php\/wp-json\/wp\/v2\/posts"}],"about":[{"href":"https:\/\/blog.corretoraideal.com.br\/index.php\/wp-json\/wp\/v2\/types\/post"}],"author":[{"embeddable":true,"href":"https:\/\/blog.corretoraideal.com.br\/index.php\/wp-json\/wp\/v2\/users\/1"}],"replies":[{"embeddable":true,"href":"https:\/\/blog.corretoraideal.com.br\/index.php\/wp-json\/wp\/v2\/comments?post=55310"}],"version-history":[{"count":1,"href":"https:\/\/blog.corretoraideal.com.br\/index.php\/wp-json\/wp\/v2\/posts\/55310\/revisions"}],"predecessor-version":[{"id":55312,"href":"https:\/\/blog.corretoraideal.com.br\/index.php\/wp-json\/wp\/v2\/posts\/55310\/revisions\/55312"}],"wp:attachment":[{"href":"https:\/\/blog.corretoraideal.com.br\/index.php\/wp-json\/wp\/v2\/media?parent=55310"}],"wp:term":[{"taxonomy":"category","embeddable":true,"href":"https:\/\/blog.corretoraideal.com.br\/index.php\/wp-json\/wp\/v2\/categories?post=55310"},{"taxonomy":"post_tag","embeddable":true,"href":"https:\/\/blog.corretoraideal.com.br\/index.php\/wp-json\/wp\/v2\/tags?post=55310"}],"curies":[{"name":"wp","href":"https:\/\/api.w.org\/{rel}","templated":true}]}}