{"id":55325,"date":"2023-12-20T06:29:40","date_gmt":"2023-12-20T06:29:40","guid":{"rendered":"https:\/\/blog.corretoraideal.com.br\/?p=55325"},"modified":"2023-12-20T06:29:40","modified_gmt":"2023-12-20T06:29:40","slug":"apos-acidente-em-2022-blue-origin-de-jeff-bezos-lanca-com-sucesso-foguete-new-shepard-inovacao-g1","status":"publish","type":"post","link":"https:\/\/blog.corretoraideal.com.br\/index.php\/2023\/12\/20\/apos-acidente-em-2022-blue-origin-de-jeff-bezos-lanca-com-sucesso-foguete-new-shepard-inovacao-g1\/","title":{"rendered":"Ap\u00f3s acidente em 2022, Blue Origin, de Jeff Bezos, lan\u00e7a com sucesso foguete New Shepard | Inova\u00e7\u00e3o | G1"},"content":{"rendered":"<br \/>\n<h1>Ap\u00f3s acidente em 2022, Blue Origin, de Jeff Bezos, lan\u00e7a com sucesso foguete New Shepard<\/h1>\n<h2>Sem tripulantes, voo transportou 33 cargas de ci\u00eancia e pesquisa e 38 mil cart\u00f5es postais criados por estudantes. Miss\u00e3o estava marcada para segunda-feira, mas foi cancelada ap\u00f3s &#039;problema no sistema terrestre&#039;.<\/h2>\n<p> Por g1 <\/p>\n<p>  19\/12\/2023 14h58    Atualizado  19\/12\/2023    <\/p>\n<p>                                <img loading=\"lazy\" decoding=\"async\" class=\"aligncenter size-full wp-image-55327\" src=\"https:\/\/blog.corretoraideal.com.br\/wp-content\/uploads\/2023\/12\/blue-origin-volta-a-lancar-new-shepard-15-meses-apos-acidente-com-foguete.jpeg\" alt=\"Blue Origin volta a lan\u00e7ar New Shepard, 15 meses ap\u00f3s acidente com foguete\" width=\"800\" height=\"400\" \/>       <\/p>\n<p> Blue Origin volta a lan\u00e7ar New Shepard, 15 meses ap\u00f3s acidente com foguete <\/p>\n<p> Nesta ter\u00e7a-feira (19), a Blue Origin, empresa de transporte espacial do bilion\u00e1rio <a class href=\"https:\/\/g1.globo.com\/tudo-sobre\/jeff-bezos\/\">Jeff Bezos<\/a>, lan\u00e7ou com sucesso o foguete New Shepard. O \u00faltimo voo deles aconteceu em setembro de 2022 e terminou com queda da nave por conta de um problema no motor (entenda abaixo). <\/p>\n<p> &quot;Aterrissagem da c\u00e1psula [conclu\u00edda]! Parab\u00e9ns \u00e0 Equipe Azul pela miss\u00e3o bem-sucedida de hoje&quot;, comemorou a empresa em uma publica\u00e7\u00e3o no X (antigo Twitter). <\/p>\n<p> O lan\u00e7amento estava marcado para segunda-feira (18). Mas teve de ser <a class href=\"https:\/\/g1.globo.com\/inovacao\/noticia\/2023\/12\/18\/blue-origin-tenta-nesta-segunda-o-1o-lancamento-apos-acidente-com-nave-pausa-dura-15-meses.ghtml\">cancelada depois de identificarem &quot;um problema no sistema terrestre&quot;<\/a>. Horas antes, a empresa j\u00e1 havia anunciado um atraso de 1 hora &quot;devido \u00e0s baixas temperaturas no local de lan\u00e7amento&quot;. <\/p>\n<p> O voo n\u00e3o foi tripulado e estava transportando 33 cargas de ci\u00eancia e pesquisa e 38 mil cart\u00f5es postais criados por estudantes. <\/p>\n<p>         1 de 2&#013;Ap\u00f3s acidente em 2022, Blue Origin, de Jeff Bezos, lan\u00e7a com sucesso foguete New Shepard \u2014 Foto: Reprodu\u00e7\u00e3o\/Blue Origin    <\/p>\n<p> Ap\u00f3s acidente em 2022, Blue Origin, de Jeff Bezos, lan\u00e7a com sucesso foguete New Shepard \u2014 Foto: Reprodu\u00e7\u00e3o\/Blue Origin <\/p>\n<p><h2>Acidente da Blue Origin em 2022<\/h2>\n<\/p>\n<p> Em setembro de 2022, <a class href=\"https:\/\/g1.globo.com\/inovacao\/noticia\/2022\/09\/12\/foguete-nao-tripulado-da-blue-origin-cai-apos-decolagem-sem-deixar-feridos.ghtml\">a New Shepard teve uma falha e caiu cerca de um minuto ap\u00f3s a decolagem<\/a>. O voo n\u00e3o tinha tripulantes, e n\u00e3o houve feridos na regi\u00e3o, segundo a Blue Origin. <\/p>\n<p>Na \u00e9poca, a empresa de <a class href=\"https:\/\/g1.globo.com\/tudo-sobre\/jeff-bezos\/\">Jeff Bezos<\/a> afirmou que houve uma &quot;falha no mecanismo de impuls\u00e3o&quot; e que o sistema de escape criado para que a c\u00e1psula seja ejetada funcionou da forma esperada.<\/p>\n<p> Um v\u00eddeo da empresa mostrou o momento em que as chamas do foguete aumentaram e o pouso for\u00e7ado da c\u00e1psula (veja abaixo). As imagens n\u00e3o exibem os restos do foguete ap\u00f3s a queda. <\/p>\n<p> O incidente aconteceu pr\u00f3ximo ao momento em que o foguete estava sob a quantidade de press\u00e3o m\u00e1xima, tamb\u00e9m conhecido como &quot;Max-Q&quot;. O ve\u00edculo espacial voava a 1.126 km\/h, em altitude de cerca de 8.500 metros. Ap\u00f3s ser ejetada, a c\u00e1psula ainda chegou a 11.300 metros de altitude. <\/p>\n<p>         2 de 2&#013;Foguete New Shepard, da Blue Origin \u2014 Foto: Reprodu\u00e7\u00e3o\/Blue Origin    <\/p>\n<p> Foguete New Shepard, da Blue Origin \u2014 Foto: Reprodu\u00e7\u00e3o\/Blue Origin <\/p>\n<p> Ap\u00f3s investiga\u00e7\u00e3o sobre o acidente, a Administra\u00e7\u00e3o Federal de Avia\u00e7\u00e3o dos Estados Unidos (FAA) anunciou em setembro de 2023 que a Blue Origin deveria concluir 21 corre\u00e7\u00f5es no foguete antes da pr\u00f3xima miss\u00e3o. <\/p>\n<p> A ag\u00eancia reguladora de avia\u00e7\u00e3o dos EUA afirmou que houve uma falha no bocal do motor do foguete, causada por temperaturas mais altas do que o esperado no equipamento. <\/p>\n<p> Entre as mudan\u00e7as que a empresa foi ordenada a fazer, est\u00e1 o redesenho de componentes do motor e do bocal para melhorar o desempenho durante as miss\u00f5es, bem como ajustes organizacionais. <\/p>\n<p> Desde julho de 2021, a companhia transportou um total de 31 pessoas, entre clientes que pagaram pela viagem e convidados. O pr\u00f3prio Bezos participou do primeiro voo. <\/p>\n<p> <strong>LEIA TAMB\u00c9M:<\/strong> <\/p>\n<ul>\n<li><a class href=\"https:\/\/g1.globo.com\/tecnologia\/noticia\/2023\/12\/19\/celular-seguro-app-do-governo-que-visa-inibir-roubos-tera-desafios-para-cumprir-finalidade-veja-como-vai-funcionar.ghtml#G1-TECNOLOGIA-FEED-user,rec-top,0ef24fcb-ddee-4831-a4d5-6b61c35b2f72\">Celular Seguro, app do governo que visa inibir roubos, ter\u00e1 desafios para cumprir finalidade; veja como vai funcionar<\/a><\/li>\n<li><a class href=\"https:\/\/g1.globo.com\/inovacao\/noticia\/2023\/12\/17\/carro-voador-veja-projetos-de-evtols-que-podem-ganhar-os-ceus-nos-proximos-anos.ghtml#G1-TECNOLOGIA-FEED-user,rec-top,0ef24fcb-ddee-4831-a4d5-6b61c35b2f72\">&#x27;Carro voador&#x27;: veja projetos de eVTOLs que podem ganhar os c\u00e9us nos pr\u00f3ximos anos<\/a><\/li>\n<li><a class href=\"https:\/\/g1.globo.com\/tecnologia\/noticia\/2023\/12\/16\/muitos-pensam-que-o-cara-da-quebrada-nao-pode-ser-passivo-no-sexo-diz-bruno-zl-um-dos-maiores-criadores-de-conteudo-18-do-brasil.ghtml#G1-TECNOLOGIA-FEED-user,rec-top,0ef24fcb-ddee-4831-a4d5-6b61c35b2f72\">&#x27;Muitos pensam que o cara da quebrada n\u00e3o pode ser passivo no sexo&#x27;, diz Bruno ZL, um dos maiores criadores de conte\u00fado +18 do Brasil<\/a><\/li>\n<\/ul>\n<p><h2>Veja lan\u00e7amento: SpaceX lan\u00e7a Starship, nave mais poderosa do mundo<\/h2>\n<\/p>\n<p>                   <img loading=\"lazy\" decoding=\"async\" class=\"aligncenter size-full wp-image-55328\" src=\"https:\/\/blog.corretoraideal.com.br\/wp-content\/uploads\/2023\/12\/veja-lancamento-spacex-lanca-starship-nave-mais-poderosa-do-mundo.jpeg\" alt=\"Veja lan\u00e7amento: SpaceX lan\u00e7a Starship, nave mais poderosa do mundo\" width=\"800\" height=\"400\" \/>       <\/p>\n<p> Veja lan\u00e7amento: SpaceX lan\u00e7a Starship, nave mais poderosa do mundo <\/p>\n<p><h2>Como \u00e9 a Cybertruck, picape &#x27;inquebr\u00e1vel&#x27; da Tesla<\/h2>\n<\/p>\n<p>                   <img loading=\"lazy\" decoding=\"async\" class=\"aligncenter size-full wp-image-55329\" src=\"https:\/\/blog.corretoraideal.com.br\/wp-content\/uploads\/2023\/12\/como-e-a-cybertruck-picape-1.jpeg\" alt=\"Como \u00e9 a Cybertruck, picape \" width=\"800\" height=\"400\" \/>       <\/p>\n<p> Como \u00e9 a Cybertruck, picape &#8216;inquebr\u00e1vel&#8217; da Tesla <\/p>\n<p><h2>Virgin Galactic completa 2\u00ba voo comercial ao espa\u00e7o; veja como foi<\/h2>\n<\/p>\n<p>                   <img loading=\"lazy\" decoding=\"async\" class=\"aligncenter size-full wp-image-55330\" src=\"https:\/\/blog.corretoraideal.com.br\/wp-content\/uploads\/2023\/12\/virgin-galactic-completa-2o-voo-comercial-ao-espaco-veja-como-foi.jpeg\" alt=\"Virgin Galactic completa 2\u00ba voo comercial ao espa\u00e7o; veja como foi\" width=\"800\" height=\"400\" \/>       <\/p>\n<p> Virgin Galactic completa 2\u00ba voo comercial ao espa\u00e7o; veja como foi <\/p>\n<ul>\n<li> <a href=\"https:\/\/g1.globo.com\/tudo-sobre\/jeff-bezos\/\" class=\"entities__list-itemLink\" data-track-click=\"Jeff Bezos\"> Jeff Bezos <\/a> <\/li>\n<\/ul>\n","protected":false},"excerpt":{"rendered":"<p>Ap\u00f3s acidente em 2022, Blue Origin, de Jeff Bezos, lan\u00e7a com sucesso foguete New Shepard Sem tripulantes, voo transportou 33 cargas de ci\u00eancia e pesquisa e 38 mil cart\u00f5es postais criados por estudantes. Miss\u00e3o estava marcada para segunda-feira, mas foi cancelada ap\u00f3s &#039;problema no sistema terrestre&#039;. Por g1 19\/12\/2023 14h58 Atualizado 19\/12\/2023 Blue Origin volta [&hellip;]<\/p>\n","protected":false},"author":1,"featured_media":0,"comment_status":"closed","ping_status":"closed","sticky":false,"template":"","format":"standard","meta":{"footnotes":""},"categories":[],"tags":[],"class_list":["post-55325","post","type-post","status-publish","format-standard","hentry"],"_links":{"self":[{"href":"https:\/\/blog.corretoraideal.com.br\/index.php\/wp-json\/wp\/v2\/posts\/55325","targetHints":{"allow":["GET"]}}],"collection":[{"href":"https:\/\/blog.corretoraideal.com.br\/index.php\/wp-json\/wp\/v2\/posts"}],"about":[{"href":"https:\/\/blog.corretoraideal.com.br\/index.php\/wp-json\/wp\/v2\/types\/post"}],"author":[{"embeddable":true,"href":"https:\/\/blog.corretoraideal.com.br\/index.php\/wp-json\/wp\/v2\/users\/1"}],"replies":[{"embeddable":true,"href":"https:\/\/blog.corretoraideal.com.br\/index.php\/wp-json\/wp\/v2\/comments?post=55325"}],"version-history":[{"count":1,"href":"https:\/\/blog.corretoraideal.com.br\/index.php\/wp-json\/wp\/v2\/posts\/55325\/revisions"}],"predecessor-version":[{"id":55331,"href":"https:\/\/blog.corretoraideal.com.br\/index.php\/wp-json\/wp\/v2\/posts\/55325\/revisions\/55331"}],"wp:attachment":[{"href":"https:\/\/blog.corretoraideal.com.br\/index.php\/wp-json\/wp\/v2\/media?parent=55325"}],"wp:term":[{"taxonomy":"category","embeddable":true,"href":"https:\/\/blog.corretoraideal.com.br\/index.php\/wp-json\/wp\/v2\/categories?post=55325"},{"taxonomy":"post_tag","embeddable":true,"href":"https:\/\/blog.corretoraideal.com.br\/index.php\/wp-json\/wp\/v2\/tags?post=55325"}],"curies":[{"name":"wp","href":"https:\/\/api.w.org\/{rel}","templated":true}]}}