{"id":55332,"date":"2023-12-20T08:29:36","date_gmt":"2023-12-20T08:29:36","guid":{"rendered":"https:\/\/blog.corretoraideal.com.br\/?p=55332"},"modified":"2023-12-20T08:29:36","modified_gmt":"2023-12-20T08:29:36","slug":"cantatas-de-natal-sao-atracao-ate-sexta-em-diversos-locais-de-campos-como-as-janelas-do-museu-historico-norte-fluminense-g1","status":"publish","type":"post","link":"https:\/\/blog.corretoraideal.com.br\/index.php\/2023\/12\/20\/cantatas-de-natal-sao-atracao-ate-sexta-em-diversos-locais-de-campos-como-as-janelas-do-museu-historico-norte-fluminense-g1\/","title":{"rendered":"Cantatas de Natal s\u00e3o atra\u00e7\u00e3o at\u00e9 sexta em diversos locais de Campos, como as janelas do Museu Hist\u00f3rico | Norte Fluminense | G1"},"content":{"rendered":"<br \/>\n<h1>Cantatas de Natal s\u00e3o atra\u00e7\u00e3o at\u00e9 sexta em diversos locais de Campos, como as janelas do Museu Hist\u00f3rico<\/h1>\n<h2>Os espet\u00e1culos come\u00e7am sempre \u00e0s 19h e fazem parte do projeto &#039;Natal de Luz 2023&#039;, da Funda\u00e7\u00e3o Cultural Jornalista Oswaldo Lima.<\/h2>\n<p> Por g1 &mdash; Campos dos Goytacazes <\/p>\n<p>  19\/12\/2023 16h12    Atualizado  19\/12\/2023    <\/p>\n<p>                      1 de 1&#013;Cantata de Natal no Museu Hist\u00f3rico de Campos \u2014 Foto: Ant\u00f4nio Filho\/Prefeitura de Campos    <\/p>\n<p> Cantata de Natal no Museu Hist\u00f3rico de Campos \u2014 Foto: Ant\u00f4nio Filho\/Prefeitura de Campos <\/p>\n<p> As janelas do Museu Hist\u00f3rico de <a class href=\"https:\/\/g1.globo.com\/rj\/norte-fluminense\/cidade\/campos-dos-goytacazes\/\">Campos dos Goytacazes<\/a>, no Norte Fluminense, est\u00e3o chamando a aten\u00e7\u00e3o de quem passa pela Pra\u00e7a do Sant\u00edssimo Salvador. <\/p>\n<p> Do local, est\u00e3o sendo apresentadas as Cantatas de Natal, desde segunda-feira (18), que re\u00fanem vozes de diferentes corais. Outros pontos da cidade tamb\u00e9m recebem as apresenta\u00e7\u00f5es, como a Rodovi\u00e1ria Roberto Silveira, e Pal\u00e1cio da Cultura (Pelinca)<strong> (veja programa\u00e7\u00e3o completa no final do texto)<\/strong>. <\/p>\n<p> O espet\u00e1culo das vozes segue at\u00e9 sexta-feira (22), no caso do Museu Hist\u00f3rico de Campos, sempre \u00e0s 19h. <\/p>\n<p> O evento faz parte do projeto \u201cNatal de Luz 2023\u201d, da Funda\u00e7\u00e3o Cultural Jornalista Oswaldo Lima (FCJOL). <\/p>\n<p> A pra\u00e7a tamb\u00e9m recebe atra\u00e7\u00f5es, como o \u201cDesfile Natal M\u00e1gico\u201d, que vai abrir a programa\u00e7\u00e3o de sexta (22), \u00e0s 17h. O desfile ser\u00e1 apresentado pela Caravana da Alegria, animado por Tia Lel\u00ea. <\/p>\n<p> No primeiro dia de espet\u00e1culo nas janelas do Museu, se apresentou o Coro Arautos do Evangelho, seguido da encena\u00e7\u00e3o do Pres\u00e9pio Vivo. <\/p>\n<p> Nesta ter\u00e7a (19), a programa\u00e7\u00e3o conta com Cantata de Natal com a Lira Guarany, na Rodovi\u00e1ria Roberto Silveira, \u00e0s 16h; al\u00e9m do Pres\u00e9pio Vivo e Coral Jovem da Igreja Batista do Parque Guarus no Museu, \u00e0s 19h. <\/p>\n<p> \u201cAl\u00e9m das apresenta\u00e7\u00f5es dos coros na Pra\u00e7a do Sant\u00edssimo Salvador, levaremos nossas sociedades musicais at\u00e9 a comunidade, com dois belos concertos. Nesta ter\u00e7a-feira (19), \u00e0s 16h, a Rodovi\u00e1ria Roberto Silveira receber\u00e1 a Lira Guarany. E, no dia 21, tamb\u00e9m \u00e0s 16h, teremos, no p\u00e1tio do Pal\u00e1cio da Cultura, a Lira de Apolo\u201d, anuncia a presidente da FCJOL, Auxiliadora Freitas. <\/p>\n<p><h2>Confira a programa\u00e7\u00e3o do Natal de Luz 2023<\/h2>\n<\/p>\n<p> <strong>19\/12 \u2013 ter\u00e7a<\/strong> <\/p>\n<ul>\n<li>Cantata de Natal na Rodovi\u00e1ria Roberto Silveira, \u00e0s 16h \u2014 Lira Guarany<\/li>\n<li>Cantata de Natal no Museu Hist\u00f3rico, \u00e0s 19h \u2014 Pres\u00e9pio Vivo e Coral Jovem da Igreja Batista do Parque Guarus<\/li>\n<\/ul>\n<p> <strong>20\/12 \u2013 quarta<\/strong> <\/p>\n<p> <strong>Cantata de Natal no Museu Hist\u00f3rico, \u00e0s 19h \u2014 Minist\u00e9rio Blessed e Pres\u00e9pio Vivo<\/strong> <\/p>\n<p> <strong>21\/12 \u2013 quinta<\/strong> <\/p>\n<ul>\n<li>Cantata de Natal na Pelinca\/Pal\u00e1cio da Cultura, \u00e0s 16h \u2014 Lira de Apolo<\/li>\n<li>Cantata de Natal no Museu Hist\u00f3rico, \u00e0s 19h \u2014 Coro da Igreja Batista do Flamboyant e Pres\u00e9pio Vivo<\/li>\n<\/ul>\n<p> <strong>22\/12 \u2013 sexta<\/strong> <\/p>\n<ul>\n<li>Desfile Natal M\u00e1gico, na Pra\u00e7a do Sant\u00edssimo Salvador, \u00e0s 17h \u2014 Tia Lel\u00ea e Caravana da Alegria<\/li>\n<li>Cantata de Natal no Museu Hist\u00f3rico, \u00e0s 19h \u2014 Pres\u00e9pio Vivo e Coral Alvorecer, da Igreja Batista do Parque Lebret.<\/li>\n<\/ul>\n<ul>\n<li> <a href=\"https:\/\/g1.globo.com\/rj\/norte-fluminense\/cidade\/campos-dos-goytacazes\/\" class=\"entities__list-itemLink\" data-track-click=\"Campos dos Goytacazes\"> Campos dos Goytacazes <\/a> <\/li>\n<\/ul>\n","protected":false},"excerpt":{"rendered":"<p>Cantatas de Natal s\u00e3o atra\u00e7\u00e3o at\u00e9 sexta em diversos locais de Campos, como as janelas do Museu Hist\u00f3rico Os espet\u00e1culos come\u00e7am sempre \u00e0s 19h e fazem parte do projeto &#039;Natal de Luz 2023&#039;, da Funda\u00e7\u00e3o Cultural Jornalista Oswaldo Lima. Por g1 &mdash; Campos dos Goytacazes 19\/12\/2023 16h12 Atualizado 19\/12\/2023 1 de 1&#013;Cantata de Natal no [&hellip;]<\/p>\n","protected":false},"author":1,"featured_media":0,"comment_status":"closed","ping_status":"closed","sticky":false,"template":"","format":"standard","meta":{"footnotes":""},"categories":[],"tags":[],"class_list":["post-55332","post","type-post","status-publish","format-standard","hentry"],"_links":{"self":[{"href":"https:\/\/blog.corretoraideal.com.br\/index.php\/wp-json\/wp\/v2\/posts\/55332","targetHints":{"allow":["GET"]}}],"collection":[{"href":"https:\/\/blog.corretoraideal.com.br\/index.php\/wp-json\/wp\/v2\/posts"}],"about":[{"href":"https:\/\/blog.corretoraideal.com.br\/index.php\/wp-json\/wp\/v2\/types\/post"}],"author":[{"embeddable":true,"href":"https:\/\/blog.corretoraideal.com.br\/index.php\/wp-json\/wp\/v2\/users\/1"}],"replies":[{"embeddable":true,"href":"https:\/\/blog.corretoraideal.com.br\/index.php\/wp-json\/wp\/v2\/comments?post=55332"}],"version-history":[{"count":1,"href":"https:\/\/blog.corretoraideal.com.br\/index.php\/wp-json\/wp\/v2\/posts\/55332\/revisions"}],"predecessor-version":[{"id":55334,"href":"https:\/\/blog.corretoraideal.com.br\/index.php\/wp-json\/wp\/v2\/posts\/55332\/revisions\/55334"}],"wp:attachment":[{"href":"https:\/\/blog.corretoraideal.com.br\/index.php\/wp-json\/wp\/v2\/media?parent=55332"}],"wp:term":[{"taxonomy":"category","embeddable":true,"href":"https:\/\/blog.corretoraideal.com.br\/index.php\/wp-json\/wp\/v2\/categories?post=55332"},{"taxonomy":"post_tag","embeddable":true,"href":"https:\/\/blog.corretoraideal.com.br\/index.php\/wp-json\/wp\/v2\/tags?post=55332"}],"curies":[{"name":"wp","href":"https:\/\/api.w.org\/{rel}","templated":true}]}}