{"id":55335,"date":"2023-12-20T10:29:39","date_gmt":"2023-12-20T10:29:39","guid":{"rendered":"https:\/\/blog.corretoraideal.com.br\/?p=55335"},"modified":"2023-12-20T10:29:39","modified_gmt":"2023-12-20T10:29:39","slug":"como-a-uva-fruta-do-frio-virou-uma-das-riquezas-do-sertao-nordestino-agro-de-gente-pra-gente-g1","status":"publish","type":"post","link":"https:\/\/blog.corretoraideal.com.br\/index.php\/2023\/12\/20\/como-a-uva-fruta-do-frio-virou-uma-das-riquezas-do-sertao-nordestino-agro-de-gente-pra-gente-g1\/","title":{"rendered":"Como a uva, fruta do frio, virou uma das riquezas do sert\u00e3o nordestino | Agro de gente pra gente | G1"},"content":{"rendered":"<br \/>\n<h1>Como a uva, fruta do frio, virou uma das riquezas do sert\u00e3o nordestino<\/h1>\n<h2>g1 foi at\u00e9 o Vale do S\u00e3o Francisco, em Petrolina (PE), para explicar como o fruto se tornou uma das bases de economia da regi\u00e3o. Provavelmente, a uva da sua casa foi colhida l\u00e1.<\/h2>\n<p> Por <a class=\"multi_signatures\" href=\"https:\/\/g1.globo.com\/autores\/paula-salati\/\">Paula Salati<\/a>, Gustavo Wanderley, g1 <\/p>\n<p>  20\/12\/2023 05h30    Atualizado  20\/12\/2023    <\/p>\n<p>                             <img loading=\"lazy\" decoding=\"async\" class=\"aligncenter size-full wp-image-55337\" src=\"https:\/\/blog.corretoraideal.com.br\/wp-content\/uploads\/2023\/12\/de-onde-vem-a-uva-de-mesa.jpeg\" alt=\"De onde vem a uva de mesa\" width=\"800\" height=\"400\" \/>       <\/p>\n<p> De onde vem a uva de mesa <\/p>\n<p> As parreiras n\u00e3o fazem morada s\u00f3 no Sul do Brasil. Apesar de os ga\u00fachos serem os grandes produtores de uva para vinho e suco, quando o assunto \u00e9<strong> uva de mesa <\/strong>\u2013 aquela que a gente compra fresca no mercado \u2013 quem sai na frente \u00e9 o <strong>Nordeste<\/strong>. <\/p>\n<p> A produ\u00e7\u00e3o fica, mais especificamente, nos munic\u00edpios de <a class href=\"https:\/\/g1.globo.com\/pe\/petrolina-regiao\/cidade\/petrolina\/\">Petrolina<\/a>, em Pernambuco, e <a class href=\"https:\/\/g1.globo.com\/ba\/bahia\/cidade\/juazeiro\/\">Juazeiro<\/a>, na Bahia, numa regi\u00e3o conhecida como <strong>subm\u00e9dio do Vale do S\u00e3o Francisco<\/strong>. \u00c9 desses dois estados, inclusive, que sai praticamente toda a uva que o Brasil exporta. <\/p>\n<p> N\u00e3o \u00e9 qualquer coisa. A uva \u00e9 uma fruta de regi\u00f5es com clima temperado, onde a primavera, o ver\u00e3o, outono e inverno s\u00e3o bem definidos. Nesses locais, \u00e9 justamente a passagem das esta\u00e7\u00f5es do ano que determina o desenvolvimento do fruto. <\/p>\n<p> Mas no Nordeste, como \u00e9 calor o ano todo, estudiosos e agricultores tiveram que <strong>desenvolver uma nova forma de cultivo<\/strong>, que conta, por exemplo, com irriga\u00e7\u00e3o e variedades de uva compat\u00edveis com o clima regional. Mas tudo isso n\u00e3o \u00e9 de hoje: os <strong>investimentos come\u00e7aram ainda na <\/strong><a class href=\"https:\/\/g1.globo.com\/pe\/petrolina-regiao\/noticia\/producao-de-uvas-e-vinhos-no-vale-do-sao-francisco-uma-historia-que-comeca-na-decada-de-1960.ghtml\"><strong>d\u00e9cada de 1960<\/strong><\/a>. <\/p>\n<p> Em outubro, o <a class href=\"https:\/\/g1.globo.com\/\"><strong>g1<\/strong><\/a> foi at\u00e9 Petrolina (PE) para conferir como funciona a &quot;m\u00e1gica&quot; dessa fruta no sert\u00e3o. Durante a viagem, viu ainda que as<strong> uvas cultivadas no local n\u00e3o t\u00eam sementes<\/strong>. Mas n\u00e3o tem nada a ver com transgenia. Entenda melhor no <strong>V\u00cdDEO ACIMA.<\/strong> <\/p>\n<p><h2><strong>Mais sobre o agro&#8230;<\/strong><\/h2>\n<\/p>\n<ul>\n<li><strong>DE ONDE VEM:<\/strong><a class href=\"https:\/\/g1.globo.com\/economia\/agronegocios\/agro-de-gente-pra-gente\/noticia\/2022\/08\/09\/de-onde-vem-o-que-eu-como-serie-do-g1-mostra-caminho-da-comida-ate-a-sua-mesa.ghtml\"> caf\u00e9, leite, veja como s\u00e3o produzidos os alimentos<\/a><\/li>\n<li><strong>GENTE DO CAMPO: <\/strong><a class href=\"https:\/\/g1.globo.com\/economia\/agronegocios\/agro-de-gente-pra-gente\/noticia\/2022\/09\/01\/gente-do-campo-serie-do-g1-mostra-quem-faz-o-agro-do-brasil.ghtml\">conhe\u00e7a quem produz os alimentos que chegam at\u00e9 voc\u00ea<\/a><\/li>\n<\/ul>\n<p>         1 de 2&#013;Parreiras de uva em Petrolina, no Vale do S\u00e3o Francisco. \u2014 Foto: Gustavo Wanderley\/g1    <\/p>\n<p> Parreiras de uva em Petrolina, no Vale do S\u00e3o Francisco. \u2014 Foto: Gustavo Wanderley\/g1 <\/p>\n<p>         2 de 2&#013;Parreiras de uva em Petrolina, no Vale do S\u00e3o Francisco. \u2014 Foto: Gustavo Wanderley\/g1    <\/p>\n<p> Parreiras de uva em Petrolina, no Vale do S\u00e3o Francisco. \u2014 Foto: Gustavo Wanderley\/g1 <\/p>\n<p><h2>Cr\u00e9ditos &#x27;De onde vem o que eu como&#x27;:<\/h2>\n<\/p>\n<ul>\n<li><strong>Coordena\u00e7\u00e3o editorial:<\/strong> Luciana de Oliveira<\/li>\n<li><strong>Edi\u00e7\u00e3o e finaliza\u00e7\u00e3o:<\/strong> Marih Oliveira<\/li>\n<li><strong>Narra\u00e7\u00e3o:<\/strong> Marih Oliveira<\/li>\n<li><strong>Reportagem: <\/strong>Paula Salati e Gustavo Wanderley<\/li>\n<li><strong>Produ\u00e7\u00e3o: <\/strong>Paula Salati <\/li>\n<li><strong>Roteiro: <\/strong>Paula Salati <\/li>\n<li><strong>Coordena\u00e7\u00e3o de v\u00eddeo: <\/strong>Tatiana Caldas e Mariana Mendicelli<\/li>\n<li><strong>Coordena\u00e7\u00e3o de arte:<\/strong> Guilherme Gomes<\/li>\n<li><strong>Dire\u00e7\u00e3o de arte e ilustra\u00e7\u00f5es: <\/strong>Vitoria Coelho e Veronica Medeiros<\/li>\n<li><strong>Fotografia:<\/strong> Gustavo Wanderley<\/li>\n<li><strong>Motion:<\/strong> Vit\u00f3ria Coelho e Veronica Medeiros<\/li>\n<li><strong>Motorista:<\/strong> Fernando dos Santos Mendes<strong> <\/strong><\/li>\n<\/ul>\n<p><h2>Saiba mais sobre a produ\u00e7\u00e3o de alimentos no Brasil:<\/h2>\n<\/p>\n<p>                   <img loading=\"lazy\" decoding=\"async\" class=\"aligncenter size-full wp-image-55338\" src=\"https:\/\/blog.corretoraideal.com.br\/wp-content\/uploads\/2023\/12\/de-onde-vem-a-manga.jpeg\" alt=\"De onde vem a manga\" width=\"800\" height=\"400\" \/>       <\/p>\n<p> De onde vem a manga <\/p>\n<p>                    <img loading=\"lazy\" decoding=\"async\" class=\"aligncenter size-full wp-image-55339\" src=\"https:\/\/blog.corretoraideal.com.br\/wp-content\/uploads\/2023\/12\/trigo-espera-ate-um-ano-e-passa-por-mais-de-30-processos-antes-de-virar-pao-2.jpeg\" alt=\"Trigo espera at\u00e9 um ano e passa por mais de 30 processos antes de virar p\u00e3o\" width=\"800\" height=\"400\" \/>       <\/p>\n<p> Trigo espera at\u00e9 um ano e passa por mais de 30 processos antes de virar p\u00e3o <\/p>\n<p>                    <img loading=\"lazy\" decoding=\"async\" class=\"aligncenter size-full wp-image-55340\" src=\"https:\/\/blog.corretoraideal.com.br\/wp-content\/uploads\/2023\/12\/de-onde-vem-a-abobora-do-halloween.jpeg\" alt=\"De onde vem a ab\u00f3bora do Halloween\" width=\"800\" height=\"400\" \/>       <\/p>\n<p> De onde vem a ab\u00f3bora do Halloween <\/p>\n<p>                    <img loading=\"lazy\" decoding=\"async\" class=\"aligncenter size-full wp-image-55341\" src=\"https:\/\/blog.corretoraideal.com.br\/wp-content\/uploads\/2023\/12\/de-onde-vem-o-que-eu-como-flores-comestiveis.jpeg\" alt=\"De onde vem o que eu como: flores comest\u00edveis\" width=\"800\" height=\"400\" \/>       <\/p>\n<p> De onde vem o que eu como: flores comest\u00edveis <\/p>\n<p>                    <img loading=\"lazy\" decoding=\"async\" class=\"aligncenter size-full wp-image-55342\" src=\"https:\/\/blog.corretoraideal.com.br\/wp-content\/uploads\/2023\/12\/de-onde-vem-a-tangerina.jpeg\" alt=\"De onde vem a tangerina\" width=\"800\" height=\"400\" \/>       <\/p>\n<p> De onde vem a tangerina <\/p>\n<ul>\n<li> <a href=\"https:\/\/g1.globo.com\/ba\/bahia\/cidade\/juazeiro\/\" class=\"entities__list-itemLink\" data-track-click=\"Juazeiro\"> Juazeiro <\/a> <\/li>\n<li> <a href=\"https:\/\/g1.globo.com\/pe\/petrolina-regiao\/cidade\/petrolina\/\" class=\"entities__list-itemLink\" data-track-click=\"Petrolina\"> Petrolina <\/a> <\/li>\n<\/ul>\n","protected":false},"excerpt":{"rendered":"<p>Como a uva, fruta do frio, virou uma das riquezas do sert\u00e3o nordestino g1 foi at\u00e9 o Vale do S\u00e3o Francisco, em Petrolina (PE), para explicar como o fruto se tornou uma das bases de economia da regi\u00e3o. Provavelmente, a uva da sua casa foi colhida l\u00e1. Por Paula Salati, Gustavo Wanderley, g1 20\/12\/2023 05h30 [&hellip;]<\/p>\n","protected":false},"author":1,"featured_media":0,"comment_status":"closed","ping_status":"closed","sticky":false,"template":"","format":"standard","meta":{"footnotes":""},"categories":[],"tags":[],"class_list":["post-55335","post","type-post","status-publish","format-standard","hentry"],"_links":{"self":[{"href":"https:\/\/blog.corretoraideal.com.br\/index.php\/wp-json\/wp\/v2\/posts\/55335","targetHints":{"allow":["GET"]}}],"collection":[{"href":"https:\/\/blog.corretoraideal.com.br\/index.php\/wp-json\/wp\/v2\/posts"}],"about":[{"href":"https:\/\/blog.corretoraideal.com.br\/index.php\/wp-json\/wp\/v2\/types\/post"}],"author":[{"embeddable":true,"href":"https:\/\/blog.corretoraideal.com.br\/index.php\/wp-json\/wp\/v2\/users\/1"}],"replies":[{"embeddable":true,"href":"https:\/\/blog.corretoraideal.com.br\/index.php\/wp-json\/wp\/v2\/comments?post=55335"}],"version-history":[{"count":1,"href":"https:\/\/blog.corretoraideal.com.br\/index.php\/wp-json\/wp\/v2\/posts\/55335\/revisions"}],"predecessor-version":[{"id":55343,"href":"https:\/\/blog.corretoraideal.com.br\/index.php\/wp-json\/wp\/v2\/posts\/55335\/revisions\/55343"}],"wp:attachment":[{"href":"https:\/\/blog.corretoraideal.com.br\/index.php\/wp-json\/wp\/v2\/media?parent=55335"}],"wp:term":[{"taxonomy":"category","embeddable":true,"href":"https:\/\/blog.corretoraideal.com.br\/index.php\/wp-json\/wp\/v2\/categories?post=55335"},{"taxonomy":"post_tag","embeddable":true,"href":"https:\/\/blog.corretoraideal.com.br\/index.php\/wp-json\/wp\/v2\/tags?post=55335"}],"curies":[{"name":"wp","href":"https:\/\/api.w.org\/{rel}","templated":true}]}}