{"id":55367,"date":"2023-12-20T13:29:37","date_gmt":"2023-12-20T13:29:37","guid":{"rendered":"https:\/\/blog.corretoraideal.com.br\/?p=55367"},"modified":"2023-12-20T13:29:37","modified_gmt":"2023-12-20T13:29:37","slug":"pf-mira-contrabando-de-vinhos-no-rj-garrafas-eram-vendidas-pela-metade-do-preco-e-sem-controle-sanitario-rio-de-janeiro-g1","status":"publish","type":"post","link":"https:\/\/blog.corretoraideal.com.br\/index.php\/2023\/12\/20\/pf-mira-contrabando-de-vinhos-no-rj-garrafas-eram-vendidas-pela-metade-do-preco-e-sem-controle-sanitario-rio-de-janeiro-g1\/","title":{"rendered":"PF mira contrabando de vinhos no RJ; garrafas eram vendidas pela metade do pre\u00e7o e sem controle sanit\u00e1rio | Rio de Janeiro | G1"},"content":{"rendered":"<br \/>\n<h1>PF mira contrabando de vinhos no RJ; garrafas eram vendidas pela metade do pre\u00e7o e sem controle sanit\u00e1rio<\/h1>\n<h2>Agentes sa\u00edram para cumprir 5 mandados de busca e apreens\u00e3o em endere\u00e7os residenciais e comerciais em Maca\u00e9, no Norte Fluminense.<\/h2>\n<p> Por g1 Rio <\/p>\n<p>  20\/12\/2023 07h53    Atualizado  20\/12\/2023    <\/p>\n<p> A <a class href=\"https:\/\/g1.globo.com\/tudo-sobre\/policia-federal\/\">Pol\u00edcia Federal<\/a> (PF) e a <a class href=\"https:\/\/g1.globo.com\/tudo-sobre\/receita-federal\/\">Receita Federal<\/a> iniciaram nesta quarta-feira (20) a <strong>Opera\u00e7\u00e3o Est\u00e1filo<\/strong>, contra um esquema de comercializa\u00e7\u00e3o de vinhos contrabandeados no RJ. Os r\u00f3tulos eram vendidos <strong>pela metade do pre\u00e7o de mercado<\/strong> e n\u00e3o tinham controle sanit\u00e1rio. <\/p>\n<p> Agentes sa\u00edram para cumprir 5 mandados de busca e apreens\u00e3o, expedidos pela 2\u00aa Vara Federal de <a class href=\"https:\/\/g1.globo.com\/rj\/norte-fluminense\/cidade\/campos-dos-goytacazes\/\">Campos dos Goytacazes<\/a>, em endere\u00e7os residenciais e comerciais em <a class href=\"https:\/\/g1.globo.com\/rj\/regiao-dos-lagos\/cidade\/macae\/\">Maca\u00e9<\/a>, tamb\u00e9m no Norte Fluminense. <\/p>\n<p> \u2705<a class href=\"https:\/\/whatsapp.com\/channel\/0029Va7Iiks6LwHeUEOqwZ1o\" target=\"_blank\" rel=\"noopener noreferrer\">Siga o canal do g1 Rio no WhatsApp e receba as not\u00edcias do Grande Rio direto no seu celular. <\/a> <\/p>\n<p>         1 de 2&#013;Vinhos apreendidos em opera\u00e7\u00e3o da PF contra contrabando \u2014 Foto: Reprodu\u00e7\u00e3o    <\/p>\n<p> Vinhos apreendidos em opera\u00e7\u00e3o da PF contra contrabando \u2014 Foto: Reprodu\u00e7\u00e3o <\/p>\n<p> De acordo com as investiga\u00e7\u00f5es, conduzidas pela Delegacia de Pol\u00edcia Federal em Maca\u00e9, os vinhos ingressaram irregularmente no Brasil, sem a chancela e controle do <a class href=\"https:\/\/g1.globo.com\/tudo-sobre\/ministerio-da-agricultura\/\">Minist\u00e9rio da Agricultura<\/a>, Pecu\u00e1ria e Abastecimento. <\/p>\n<p> \u201cConstatou-se ainda uma disparidade de pre\u00e7os nos valores de venda dos vinhos ofertados pelas empresas investigadas e aqueles praticados pelo mercado, na despropor\u00e7\u00e3o correspondente, em m\u00e9dia, a <strong>50%<\/strong> do montante normalmente cobrado no mercado vin\u00edcola\u201d, afirmou a PF. <\/p>\n<p> Al\u00e9m do crime de contrabando, os investigados podem responder por associa\u00e7\u00e3o criminosa. <\/p>\n<p> O nome da opera\u00e7\u00e3o faz refer\u00eancia a Est\u00e1filo, filho de Dioniso, o Deus do Vinho na mitologia grega. <\/p>\n<p>         2 de 2&#013;Pol\u00edcia Federal faz opera\u00e7\u00e3o para desarticular esquema de comercializa\u00e7\u00e3o de vinhos contrabandeados em Maca\u00e9. \u2014 Foto: Divulga\u00e7\u00e3o\/ Pol\u00edcia Federal    <\/p>\n<p> Pol\u00edcia Federal faz opera\u00e7\u00e3o para desarticular esquema de comercializa\u00e7\u00e3o de vinhos contrabandeados em Maca\u00e9. \u2014 Foto: Divulga\u00e7\u00e3o\/ Pol\u00edcia Federal <\/p>\n<ul>\n<li> <a href=\"https:\/\/g1.globo.com\/rj\/norte-fluminense\/cidade\/campos-dos-goytacazes\/\" class=\"entities__list-itemLink\" data-track-click=\"Campos dos Goytacazes\"> Campos dos Goytacazes <\/a> <\/li>\n<li> <a href=\"https:\/\/g1.globo.com\/rj\/regiao-dos-lagos\/cidade\/macae\/\" class=\"entities__list-itemLink\" data-track-click=\"Maca\u00e9\"> Maca\u00e9 <\/a> <\/li>\n<li> <a href=\"https:\/\/g1.globo.com\/tudo-sobre\/ministerio-da-agricultura\/\" class=\"entities__list-itemLink\" data-track-click=\"Minist\u00e9rio da Agricultura\"> Minist\u00e9rio da Agricultura <\/a> <\/li>\n<li> <a href=\"https:\/\/g1.globo.com\/tudo-sobre\/policia-federal\/\" class=\"entities__list-itemLink\" data-track-click=\"Pol\u00edcia Federal\"> Pol\u00edcia Federal <\/a> <\/li>\n<li> <a href=\"https:\/\/g1.globo.com\/tudo-sobre\/receita-federal\/\" class=\"entities__list-itemLink\" data-track-click=\"Receita Federal\"> Receita Federal <\/a> <\/li>\n<\/ul>\n","protected":false},"excerpt":{"rendered":"<p>PF mira contrabando de vinhos no RJ; garrafas eram vendidas pela metade do pre\u00e7o e sem controle sanit\u00e1rio Agentes sa\u00edram para cumprir 5 mandados de busca e apreens\u00e3o em endere\u00e7os residenciais e comerciais em Maca\u00e9, no Norte Fluminense. Por g1 Rio 20\/12\/2023 07h53 Atualizado 20\/12\/2023 A Pol\u00edcia Federal (PF) e a Receita Federal iniciaram nesta [&hellip;]<\/p>\n","protected":false},"author":1,"featured_media":0,"comment_status":"closed","ping_status":"closed","sticky":false,"template":"","format":"standard","meta":{"footnotes":""},"categories":[],"tags":[],"class_list":["post-55367","post","type-post","status-publish","format-standard","hentry"],"_links":{"self":[{"href":"https:\/\/blog.corretoraideal.com.br\/index.php\/wp-json\/wp\/v2\/posts\/55367","targetHints":{"allow":["GET"]}}],"collection":[{"href":"https:\/\/blog.corretoraideal.com.br\/index.php\/wp-json\/wp\/v2\/posts"}],"about":[{"href":"https:\/\/blog.corretoraideal.com.br\/index.php\/wp-json\/wp\/v2\/types\/post"}],"author":[{"embeddable":true,"href":"https:\/\/blog.corretoraideal.com.br\/index.php\/wp-json\/wp\/v2\/users\/1"}],"replies":[{"embeddable":true,"href":"https:\/\/blog.corretoraideal.com.br\/index.php\/wp-json\/wp\/v2\/comments?post=55367"}],"version-history":[{"count":1,"href":"https:\/\/blog.corretoraideal.com.br\/index.php\/wp-json\/wp\/v2\/posts\/55367\/revisions"}],"predecessor-version":[{"id":55369,"href":"https:\/\/blog.corretoraideal.com.br\/index.php\/wp-json\/wp\/v2\/posts\/55367\/revisions\/55369"}],"wp:attachment":[{"href":"https:\/\/blog.corretoraideal.com.br\/index.php\/wp-json\/wp\/v2\/media?parent=55367"}],"wp:term":[{"taxonomy":"category","embeddable":true,"href":"https:\/\/blog.corretoraideal.com.br\/index.php\/wp-json\/wp\/v2\/categories?post=55367"},{"taxonomy":"post_tag","embeddable":true,"href":"https:\/\/blog.corretoraideal.com.br\/index.php\/wp-json\/wp\/v2\/tags?post=55367"}],"curies":[{"name":"wp","href":"https:\/\/api.w.org\/{rel}","templated":true}]}}