{"id":55370,"date":"2023-12-20T14:29:35","date_gmt":"2023-12-20T14:29:35","guid":{"rendered":"https:\/\/blog.corretoraideal.com.br\/?p=55370"},"modified":"2023-12-20T14:29:35","modified_gmt":"2023-12-20T14:29:35","slug":"como-e-quanto-custa-assistir-aos-fogos-de-reveillon-em-balneario-camboriu-a-bordo-de-uma-embarcacao-santa-catarina-g1","status":"publish","type":"post","link":"https:\/\/blog.corretoraideal.com.br\/index.php\/2023\/12\/20\/como-e-quanto-custa-assistir-aos-fogos-de-reveillon-em-balneario-camboriu-a-bordo-de-uma-embarcacao-santa-catarina-g1\/","title":{"rendered":"Como e quanto custa assistir aos fogos de R\u00e9veillon em Balne\u00e1rio Cambori\u00fa a bordo de uma embarca\u00e7\u00e3o | Santa Catarina | G1"},"content":{"rendered":"<br \/>\n<h1>Como e quanto custa assistir aos fogos de R\u00e9veillon em Balne\u00e1rio Cambori\u00fa a bordo de uma embarca\u00e7\u00e3o <\/h1>\n<h2>Aluguel de lanchas ou veleiros \u00e9 op\u00e7\u00e3o para quem busca uma alternativa n\u00e3o convencional. Op\u00e7\u00f5es podem custar menos de mil reais por pessoa. <\/h2>\n<p> Por <a class=\"multi_signatures\" href=\"https:\/\/g1.globo.com\/autores\/sofia-mayer\/\">Sofia Mayer<\/a>, g1 SC <\/p>\n<p>  20\/12\/2023 04h01    Atualizado  20\/12\/2023    <\/p>\n<p>                   1 de 3&#013;Armada 40 p\u00e9s com capacidade para 13 passageiros \u2014 Foto: DDB Yachts\/ Divulga\u00e7\u00e3o    <\/p>\n<p> Armada 40 p\u00e9s com capacidade para 13 passageiros \u2014 Foto: DDB Yachts\/ Divulga\u00e7\u00e3o <\/p>\n<p> J\u00e1 pensou em assistir aos fogos de R\u00e9veillon a bordo de lanchas ou veleiros? Em <a class href=\"https:\/\/g1.globo.com\/sc\/santa-catarina\/cidade\/balneario-camboriu\/\">Balne\u00e1rio Cambori\u00fa<\/a>, cidade no Litoral Norte de Santa Catarina conhecida pelos disputados arranha-c\u00e9us de frente para o mar, o aluguel de embarca\u00e7\u00f5es se tornou uma op\u00e7\u00e3o para quem busca uma alternativa n\u00e3o convencional para receber 2024. <\/p>\n<p> Segundo a Marina Itaja\u00ed, de onde saem alguns barcos, as op\u00e7\u00f5es podem custar menos de mil reais por pessoa. Tamb\u00e9m h\u00e1 modelos a partir de R$10 mil para sete horas de passeio <strong>(veja mais abaixo).<\/strong> <\/p>\n<ul>\n<li>\u2705<a class href=\"https:\/\/www.whatsapp.com\/channel\/0029Va58wvgDeON3Hu6Abh3K\" target=\"_blank\" rel=\"noopener noreferrer\">Clique e siga o canal do g1 SC no WhatsApp<\/a><\/li>\n<\/ul>\n<p> &quot;A taxa de ocupa\u00e7\u00e3o na Marina Itaja\u00ed chega a 100% durante a alta temporada&quot;, comenta o diretor, Carlos Gayoso de Oliveira. <\/p>\n<p> A prefeitura afirma que, neste ano, <a class href=\"https:\/\/g1.globo.com\/sc\/santa-catarina\/noticia\/2023\/12\/06\/reveillon-de-balneario-camboriu-promete-maior-relogio-com-contagem-regressiva-do-brasil.ghtml\">ser\u00e3o 15 minutos de fogos de artif\u00edcio<\/a> saindo de oito balsas na Praia Central, <a class href=\"https:\/\/g1.globo.com\/sc\/santa-catarina\/noticia\/2021\/12\/03\/veja-como-ficou-a-praia-de-balneario-camboriu-apos-megaobra-de-alargamento-de-faixa-de-areia.ghtml\">que recebeu uma megaobra de alargamento<\/a> e onde cerca de 1 milh\u00e3o de pessoas devem passar para receber 2024. <\/p>\n<p>&quot;Al\u00e9m da experi\u00eancia e uma vista exclusiva, outro grande atrativo desse tipo de servi\u00e7o \u00e9 o fato de n\u00e3o precisar ter uma habilita\u00e7\u00e3o n\u00e1utica para alugar uma embarca\u00e7\u00e3o. Isso porque, o charter inclui a presen\u00e7a de um marinheiro a bordo\u201d, afirmou o capit\u00e3o Silvio Telles. <\/p>\n<p><h2>Op\u00e7\u00f5es no mar<\/h2>\n<\/p>\n<p> Para quem est\u00e1 planejando a virada no mar, uma op\u00e7\u00e3o \u00e9 o passeio com o veleiro Halifax, que cobra R$3.885 a di\u00e1ria para at\u00e9 4 pessoas, que t\u00eam direito a espumante e pernoite. A embarca\u00e7\u00e3o, segundo a Marina, oferece duas cabines, cozinha equipada e banheiro. <\/p>\n<p> O veleiro tamb\u00e9m tem op\u00e7\u00f5es de aluguel por quatro dias em regi\u00f5es pr\u00f3ximas a Balne\u00e1rio Cambori\u00fa, como <a class href=\"https:\/\/g1.globo.com\/sc\/santa-catarina\/cidade\/porto-belo\/\">Porto Belo<\/a> e <a class href=\"https:\/\/g1.globo.com\/sc\/santa-catarina\/cidade\/bombinhas\/\">Bombinhas<\/a>, por R$11.885 para quatro pessoas. <\/p>\n<p> \u201cEm Balne\u00e1rio Cambori\u00fa, um apartamento pode custar R$26 mil por dia no Ano Novo. Ent\u00e3o, o barco pode ser sim uma op\u00e7\u00e3o muito mais vi\u00e1vel&quot;, destacou o capit\u00e3o Telles. <\/p>\n<p> Al\u00e9m de veleiros, embarca\u00e7\u00f5es luxuosas de 40 a 70 p\u00e9s tamb\u00e9m s\u00e3o op\u00e7\u00f5es de aluguel na virada do ano. <\/p>\n<p>         3 de 3&#013;Armada 40 p\u00e9s com capacidade para 13 passageiros \u2014 Foto: DDB Yachts\/ Divulga\u00e7\u00e3o    <\/p>\n<p> Armada 40 p\u00e9s com capacidade para 13 passageiros \u2014 Foto: DDB Yachts\/ Divulga\u00e7\u00e3o <\/p>\n<p> A empresa DDB Yachts, com sede na Marina Itaja\u00ed, oferece modelos a partir de R$10 mil para 7 horas de passeio e, pela capacidade, tamb\u00e9m pode custar menos de mil reais por pessoa. \u00c9 o caso da Armada, uma lancha de 40 p\u00e9s com capacidade para 13 pessoas, dois quartos, dois banheiros, cozinha completa e \u00e1rea gourmet <strong>(foto acima). <\/strong> <\/p>\n<p><h2>Destino n\u00e1utico<\/h2>\n<\/p>\n<p> O diretor da Marina Itaja\u00ed, Carlos Gayoso de Oliveira, conta que Santa Catarina se destaca como destino n\u00e1utico no pa\u00eds. <\/p>\n<p> \u201cN\u00e3o oferecemos o servi\u00e7o de aluguel de embarca\u00e7\u00f5es, por\u00e9m, empresas e os pr\u00f3prios velejadores, clientes que est\u00e3o ancorados aqui no complexo, prestam este servi\u00e7o, e notamos um crescimento a cada ano de pessoas que buscam por esta experi\u00eancia tanto em lanchas quanto veleiros\u201d, comenta. <\/p>\n<p><h2><strong>R\u00e9veillon <\/strong><\/h2>\n<\/p>\n<p> Neste ano, o r\u00e9veillon na cidade ter\u00e1 algumas mudan\u00e7as, como o maior rel\u00f3gio de contagem regressiva do pa\u00eds, segundo a prefeitura. Os \u00faltimos 10 segundos de 2023 ser\u00e3o contados com uma ilumina\u00e7\u00e3o especial no Pontal Norte, na Praia Central. <\/p>\n<p> <strong>LEIA MAIS:<\/strong> <\/p>\n<ul>\n<li><strong>V\u00cdDEO<\/strong>: <a class href=\"https:\/\/g1.globo.com\/sc\/santa-catarina\/noticia\/2023\/12\/19\/carro-esportivo-de-luxo-que-anda-sobre-a-agua-a-ate-100-kmh-desfila-em-praia-de-encontro-de-lanchas-em-sc-video.ghtml\">&#x27;Carro esportivo de luxo&#x27; que anda sobre a \u00e1gua a at\u00e9 100 km\/h desfila em praia de SC<\/a><\/li>\n<\/ul>\n<p> No Airbnb, plataforma de alugu\u00e9is tempor\u00e1rios, a hospedagem de 31 de dezembro a 1\u00ba de janeiro na Avenida Atl\u00e2ntica, que fica em frente \u00e0 Praia Central, pode custar at\u00e9 R$12 mil em um apartamento para 10 pessoas, segundo pesquisa feita pelo<a class href=\"https:\/\/g1.globo.com\/sc\/santa-catarina\/\"> g1 SC<\/a> na noite de segunda-feira (18). <\/p>\n<p> Seguindo com o metro quadrado mais caro do pa\u00eds para compra de im\u00f3veis, segundo o \u00edndice FipeZap de novembro, Balne\u00e1rio Cambori\u00fa \u00e9 conhecida pelos imponentes arranha-c\u00e9us com coberturas disputadas e exclusivas de craques como Neymar, que garantiu um quadriplex de R$ 60 milh\u00f5es. <\/p>\n<p> \u2705<a class href=\"https:\/\/www.whatsapp.com\/channel\/0029Va58wvgDeON3Hu6Abh3K\" target=\"_blank\" rel=\"noopener noreferrer\">Clique e siga o canal do g1 SC no WhatsApp<\/a> <\/p>\n<p><h2>V\u00cdDEOS: mais assistidos do g1 SC nos \u00faltimos 7 dias<\/h2>\n<\/p>\n<p>   <a href=\"https:\/\/g1.globo.com\/sc\/santa-catarina\/edicao\/2021\/02\/01\/videos-mais-assistidos-do-g1-sc-nos-ultimos-7-dias.ghtml\">    50 v\u00eddeos      <\/a>       <\/p>\n<ul>\n<li> <a href=\"https:\/\/g1.globo.com\/sc\/santa-catarina\/cidade\/balneario-camboriu\/\" class=\"entities__list-itemLink\" data-track-click=\"Balne\u00e1rio Cambori\u00fa\"> Balne\u00e1rio Cambori\u00fa <\/a> <\/li>\n<li> <a href=\"https:\/\/g1.globo.com\/sc\/santa-catarina\/cidade\/bombinhas\/\" class=\"entities__list-itemLink\" data-track-click=\"Bombinhas\"> Bombinhas <\/a> <\/li>\n<li> <a href=\"https:\/\/g1.globo.com\/sc\/santa-catarina\/cidade\/porto-belo\/\" class=\"entities__list-itemLink\" data-track-click=\"Porto Belo\"> Porto Belo <\/a> <\/li>\n<\/ul>\n","protected":false},"excerpt":{"rendered":"<p>Como e quanto custa assistir aos fogos de R\u00e9veillon em Balne\u00e1rio Cambori\u00fa a bordo de uma embarca\u00e7\u00e3o Aluguel de lanchas ou veleiros \u00e9 op\u00e7\u00e3o para quem busca uma alternativa n\u00e3o convencional. Op\u00e7\u00f5es podem custar menos de mil reais por pessoa. Por Sofia Mayer, g1 SC 20\/12\/2023 04h01 Atualizado 20\/12\/2023 1 de 3&#013;Armada 40 p\u00e9s com [&hellip;]<\/p>\n","protected":false},"author":1,"featured_media":0,"comment_status":"closed","ping_status":"closed","sticky":false,"template":"","format":"standard","meta":{"footnotes":""},"categories":[],"tags":[],"class_list":["post-55370","post","type-post","status-publish","format-standard","hentry"],"_links":{"self":[{"href":"https:\/\/blog.corretoraideal.com.br\/index.php\/wp-json\/wp\/v2\/posts\/55370","targetHints":{"allow":["GET"]}}],"collection":[{"href":"https:\/\/blog.corretoraideal.com.br\/index.php\/wp-json\/wp\/v2\/posts"}],"about":[{"href":"https:\/\/blog.corretoraideal.com.br\/index.php\/wp-json\/wp\/v2\/types\/post"}],"author":[{"embeddable":true,"href":"https:\/\/blog.corretoraideal.com.br\/index.php\/wp-json\/wp\/v2\/users\/1"}],"replies":[{"embeddable":true,"href":"https:\/\/blog.corretoraideal.com.br\/index.php\/wp-json\/wp\/v2\/comments?post=55370"}],"version-history":[{"count":1,"href":"https:\/\/blog.corretoraideal.com.br\/index.php\/wp-json\/wp\/v2\/posts\/55370\/revisions"}],"predecessor-version":[{"id":55372,"href":"https:\/\/blog.corretoraideal.com.br\/index.php\/wp-json\/wp\/v2\/posts\/55370\/revisions\/55372"}],"wp:attachment":[{"href":"https:\/\/blog.corretoraideal.com.br\/index.php\/wp-json\/wp\/v2\/media?parent=55370"}],"wp:term":[{"taxonomy":"category","embeddable":true,"href":"https:\/\/blog.corretoraideal.com.br\/index.php\/wp-json\/wp\/v2\/categories?post=55370"},{"taxonomy":"post_tag","embeddable":true,"href":"https:\/\/blog.corretoraideal.com.br\/index.php\/wp-json\/wp\/v2\/tags?post=55370"}],"curies":[{"name":"wp","href":"https:\/\/api.w.org\/{rel}","templated":true}]}}