{"id":55373,"date":"2023-12-20T18:29:34","date_gmt":"2023-12-20T18:29:34","guid":{"rendered":"https:\/\/blog.corretoraideal.com.br\/?p=55373"},"modified":"2023-12-20T18:29:34","modified_gmt":"2023-12-20T18:29:34","slug":"policia-civil-prende-suspeito-de-tentar-matar-mulher-em-santo-antonio-de-padua-no-rj-norte-fluminense-g1","status":"publish","type":"post","link":"https:\/\/blog.corretoraideal.com.br\/index.php\/2023\/12\/20\/policia-civil-prende-suspeito-de-tentar-matar-mulher-em-santo-antonio-de-padua-no-rj-norte-fluminense-g1\/","title":{"rendered":"Pol\u00edcia Civil prende suspeito de tentar matar mulher em Santo Ant\u00f4nio de P\u00e1dua, no RJ | Norte Fluminense | G1"},"content":{"rendered":"<br \/>\n<h1>Pol\u00edcia Civil prende suspeito de tentar matar mulher em Santo Ant\u00f4nio de P\u00e1dua, no RJ<\/h1>\n<h2>Mesmo baleada, mulher conseguiu fugir de bicicleta e pedir socorro.<\/h2>\n<p> Por Lilia Bustilho, g1 &mdash; Norte Fluminense <\/p>\n<p>  20\/12\/2023 14h45    Atualizado  20\/12\/2023    <\/p>\n<p> Um jovem de 21 anos foi preso suspeito de tentar matar uma mulher em <a class href=\"https:\/\/g1.globo.com\/rj\/regiao-serrana\/cidade\/santo-antonio-de-padua\/\">Santo Ant\u00f4nio de P\u00e1dua<\/a>, no Noroeste Fluminense. <\/p>\n<p> Policiais civis da 136\u00aa Delegacia de Pol\u00edcia cumpriram o mandado de pris\u00e3o tempor\u00e1ria na casa do suspeito, no bairro S\u00e3o Lu\u00eds, na segunda-feira (18). <\/p>\n<p> Segundo as investiga\u00e7\u00f5es coordenadas pelo delegado Jos\u00e9 Paulo Pires, no \u00faltimo s\u00e1bado (9) policiais do 36\u00ba BPM (Santo Ant\u00f4nio de P\u00e1dua) foram chamados para ir a um trailer perto do F\u00f3rum onde a v\u00edtima estava ca\u00edda, dizendo que havia sido baleada por um rapaz na ponte de ferro, que liga os bairros Gerador a Beira Rio. <\/p>\n<p> Segundo a Pol\u00edcia, a v\u00edtima contou que, mesmo ferida, conseguiu ir de bicicleta at\u00e9 o trailer onde caiu e pediu socorro. O suspeito, depois do primeiro tiro, ainda perseguiu a v\u00edtima e fugiu. <\/p>\n<p> De acordo com a Pol\u00edcia Civil, durante o cumprido do mandado de busca e apreens\u00e3o, nada il\u00edcito foi encontrado na casa onde o suspeito foi preso. <\/p>\n<p> O delegado Jos\u00e9 Paulo Pires representou pela pris\u00e3o do homem, que foi levado para um pres\u00eddio em Campos dos Goytacazes, o Norte Fluminense. <\/p>\n<p> O suspeito aguarda audi\u00eancia de cust\u00f3dia, que \u00e9 o momento em que o juiz verifica a legalidade da pris\u00e3o. <\/p>\n<p> O <strong>g1 <\/strong>tenta informa\u00e7\u00f5es sobre a motiva\u00e7\u00e3o do crime. <\/p>\n<ul>\n<li> <a href=\"https:\/\/g1.globo.com\/rj\/regiao-serrana\/cidade\/santo-antonio-de-padua\/\" class=\"entities__list-itemLink\" data-track-click=\"Santo Ant\u00f4nio de P\u00e1dua\"> Santo Ant\u00f4nio de P\u00e1dua <\/a> <\/li>\n<\/ul>\n","protected":false},"excerpt":{"rendered":"<p>Pol\u00edcia Civil prende suspeito de tentar matar mulher em Santo Ant\u00f4nio de P\u00e1dua, no RJ Mesmo baleada, mulher conseguiu fugir de bicicleta e pedir socorro. Por Lilia Bustilho, g1 &mdash; Norte Fluminense 20\/12\/2023 14h45 Atualizado 20\/12\/2023 Um jovem de 21 anos foi preso suspeito de tentar matar uma mulher em Santo Ant\u00f4nio de P\u00e1dua, no [&hellip;]<\/p>\n","protected":false},"author":1,"featured_media":0,"comment_status":"closed","ping_status":"closed","sticky":false,"template":"","format":"standard","meta":{"footnotes":""},"categories":[],"tags":[],"class_list":["post-55373","post","type-post","status-publish","format-standard","hentry"],"_links":{"self":[{"href":"https:\/\/blog.corretoraideal.com.br\/index.php\/wp-json\/wp\/v2\/posts\/55373","targetHints":{"allow":["GET"]}}],"collection":[{"href":"https:\/\/blog.corretoraideal.com.br\/index.php\/wp-json\/wp\/v2\/posts"}],"about":[{"href":"https:\/\/blog.corretoraideal.com.br\/index.php\/wp-json\/wp\/v2\/types\/post"}],"author":[{"embeddable":true,"href":"https:\/\/blog.corretoraideal.com.br\/index.php\/wp-json\/wp\/v2\/users\/1"}],"replies":[{"embeddable":true,"href":"https:\/\/blog.corretoraideal.com.br\/index.php\/wp-json\/wp\/v2\/comments?post=55373"}],"version-history":[{"count":1,"href":"https:\/\/blog.corretoraideal.com.br\/index.php\/wp-json\/wp\/v2\/posts\/55373\/revisions"}],"predecessor-version":[{"id":55375,"href":"https:\/\/blog.corretoraideal.com.br\/index.php\/wp-json\/wp\/v2\/posts\/55373\/revisions\/55375"}],"wp:attachment":[{"href":"https:\/\/blog.corretoraideal.com.br\/index.php\/wp-json\/wp\/v2\/media?parent=55373"}],"wp:term":[{"taxonomy":"category","embeddable":true,"href":"https:\/\/blog.corretoraideal.com.br\/index.php\/wp-json\/wp\/v2\/categories?post=55373"},{"taxonomy":"post_tag","embeddable":true,"href":"https:\/\/blog.corretoraideal.com.br\/index.php\/wp-json\/wp\/v2\/tags?post=55373"}],"curies":[{"name":"wp","href":"https:\/\/api.w.org\/{rel}","templated":true}]}}