{"id":55383,"date":"2023-12-20T23:29:46","date_gmt":"2023-12-20T23:29:46","guid":{"rendered":"https:\/\/blog.corretoraideal.com.br\/?p=55383"},"modified":"2023-12-20T23:29:46","modified_gmt":"2023-12-20T23:29:46","slug":"comerciantes-que-manifestaram-interesse-na-moeda-social-macaiba-estao-sendo-convocados-para-validar-forma-de-pagamento-norte-fluminense-g1","status":"publish","type":"post","link":"https:\/\/blog.corretoraideal.com.br\/index.php\/2023\/12\/20\/comerciantes-que-manifestaram-interesse-na-moeda-social-macaiba-estao-sendo-convocados-para-validar-forma-de-pagamento-norte-fluminense-g1\/","title":{"rendered":"Comerciantes que manifestaram interesse na Moeda Social Maca\u00edba est\u00e3o sendo convocados para validar forma de pagamento | Norte Fluminense | G1"},"content":{"rendered":"<br \/>\n<h1>Comerciantes que manifestaram interesse na Moeda Social Maca\u00edba est\u00e3o sendo convocados para validar forma de pagamento<\/h1>\n<h2>Convoca\u00e7\u00e3o \u00e9 feita pela Coordena\u00e7\u00e3o do Programa e o atendimento ocorre nesta semana presencialmente na sede, que fica na Rua Darc\u00edlio Possati, 134, Visconde de Araujo.<\/h2>\n<p> Por g1 &mdash; Maca\u00e9 <\/p>\n<p>  20\/12\/2023 16h39    Atualizado  20\/12\/2023    <\/p>\n<p>                      1 de 1&#013;S\u00f3 estabelecimentos formalizados poder\u00e3o aceitar a Moeda Social Maca\u00edba, em Maca\u00e9 \u2014 Foto: Reprodu\u00e7\u00e3o Prefeitura de Maca\u00e9    <\/p>\n<p> S\u00f3 estabelecimentos formalizados poder\u00e3o aceitar a Moeda Social Maca\u00edba, em Maca\u00e9 \u2014 Foto: Reprodu\u00e7\u00e3o Prefeitura de Maca\u00e9 <\/p>\n<p> Comerciantes que manifestaram interesse na Moeda Social Maca\u00edba, em <a class href=\"https:\/\/g1.globo.com\/rj\/regiao-dos-lagos\/cidade\/macae\/\">Maca\u00e9<\/a>, no Norte Fluminense, est\u00e3o sendo convocados nesta semana para validar a forma de pagamento. <\/p>\n<p> A convoca\u00e7\u00e3o est\u00e1 sendo feita pela coordena\u00e7\u00e3o do programa e o atendimento \u00e9 realizado na sede, que fica na Rua Darc\u00edlio Possati, 134, Visconde de Araujo (sala 14). <\/p>\n<p> A Prefeitura explica que, com o benef\u00edcio, ser\u00e1 poss\u00edvel realizar compras e pagar por servi\u00e7os dentro do setor administrativo em que o usu\u00e1rio mora. <\/p>\n<p> Para isso, ser\u00e1 considerado o endere\u00e7o constante no cadastro do Cad\u00danico at\u00e9 junho deste ano. <\/p>\n<p><h2>Setores Administrativos<\/h2>\n<\/p>\n<p> Os setores administrativos s\u00e3o as divis\u00f5es territoriais de Maca\u00e9 a partir da composi\u00e7\u00e3o de bairros e localidades, definidas por legisla\u00e7\u00e3o municipal. Ao todo, a moeda circular\u00e1 em sete setores administrativos, sendo a regi\u00e3o serrana considerada setor \u00fanico, para efeitos do uso da Maca\u00edba pelos moradores. <\/p>\n<p> O benefici\u00e1rio s\u00f3 poder\u00e1 utilizar a Maca\u00edba se o estabelecimento estiver cadastrado no programa e dentro do per\u00edmetro do setor administrativo em que mora. <\/p>\n<p> A listagem de cada setor est\u00e1 dispon\u00edvel nos seguintes links divulgados pela Prefeitura. <strong>Veja abaixo:<\/strong> <\/p>\n<ul>\n<li>Setor Administrativo 01 &#8211; azul &#8211; <a class href=\"https:\/\/www.macae.rj.gov.br\/midia\/uploads\/OS%201271%20-%20SETORES%20ADMINISTRATIVOS%20MOEDA%20SOCIAL%20-%2001%20AZUL.pdf\" target=\"_blank\" rel=\"noopener noreferrer\">clique aqui<\/a><\/li>\n<li>Setor Administrativo 02 &#8211; amarelo &#8211; <a class href=\"https:\/\/www.macae.rj.gov.br\/midia\/uploads\/OS%201271%20-%20SETORES%20ADMINISTRATIVOS%20MOEDA%20SOCIAL%20-%2002%20AMARELO.pdf\" target=\"_blank\" rel=\"noopener noreferrer\">clique aqui<\/a><\/li>\n<li>Setor Administrativo 03 &#8211; verde &#8211; <a class href=\"https:\/\/www.macae.rj.gov.br\/midia\/uploads\/OS%201271%20-%20SETORES%20ADMINISTRATIVOS%20MOEDA%20SOCIAL%20-%2003%20VERDE.pdf\" target=\"_blank\" rel=\"noopener noreferrer\">clique aqui<\/a><\/li>\n<li>Setor Administrativo 04 &#8211; vermelho &#8211; <a class href=\"https:\/\/www.macae.rj.gov.br\/midia\/uploads\/OS%201271%20-%20SETORES%20ADMINISTRATIVOS%20MOEDA%20SOCIAL%20-%2004%20VERMELHO.pdf\" target=\"_blank\" rel=\"noopener noreferrer\">clique aqui<\/a><\/li>\n<li>Setor Administrativo 05 &#8211; vinho &#8211; <a class href=\"https:\/\/www.macae.rj.gov.br\/midia\/uploads\/OS%201271%20-%20SETORES%20ADMINISTRATIVOS%20MOEDA%20SOCIAL%20-%2005%20VINHO.pdf\" target=\"_blank\" rel=\"noopener noreferrer\">clique aqui<\/a><\/li>\n<li>Setor Administrativo 06 &#8211; marrom &#8211; <a class href=\"https:\/\/www.macae.rj.gov.br\/midia\/uploads\/OS%201271%20-%20SETORES%20ADMINISTRATIVOS%20MOEDA%20SOCIAL%20-%2006%20MARROM.pdf\" target=\"_blank\" rel=\"noopener noreferrer\">clique aqui<\/a><\/li>\n<li>Setores Administrativos &#8211; Regi\u00e3o Serrana &#8211; <a class href=\"https:\/\/www.macae.rj.gov.br\/midia\/uploads\/OS%201271%20-%20SETORES%20ADMINISTRATIVOS%20MOEDA%20SOCIAL%20-%20REGI%C3%83O%20SERRANA(1).pdf\" target=\"_blank\" rel=\"noopener noreferrer\">clique aqui<\/a><\/li>\n<\/ul>\n<ul>\n<li> <a href=\"https:\/\/g1.globo.com\/rj\/regiao-dos-lagos\/cidade\/macae\/\" class=\"entities__list-itemLink\" data-track-click=\"Maca\u00e9\"> Maca\u00e9 <\/a> <\/li>\n<\/ul>\n<h3> <a id=\"js-next-article-desktop-link\" class=\"next-article-desktop-link\"><\/a> <\/h3>\n<h3> <a id=\"js-next-article-smart-link\" class=\"next-article-smart-link\"><\/a> <\/h3>\n<p>Veja tamb\u00e9m<\/p>\n<\/p>\n<\/p>\n<p>       Anterior   Pr\u00f3ximo     <\/p>\n","protected":false},"excerpt":{"rendered":"<p>Comerciantes que manifestaram interesse na Moeda Social Maca\u00edba est\u00e3o sendo convocados para validar forma de pagamento Convoca\u00e7\u00e3o \u00e9 feita pela Coordena\u00e7\u00e3o do Programa e o atendimento ocorre nesta semana presencialmente na sede, que fica na Rua Darc\u00edlio Possati, 134, Visconde de Araujo. Por g1 &mdash; Maca\u00e9 20\/12\/2023 16h39 Atualizado 20\/12\/2023 1 de 1&#013;S\u00f3 estabelecimentos formalizados [&hellip;]<\/p>\n","protected":false},"author":1,"featured_media":0,"comment_status":"closed","ping_status":"closed","sticky":false,"template":"","format":"standard","meta":{"footnotes":""},"categories":[],"tags":[],"class_list":["post-55383","post","type-post","status-publish","format-standard","hentry"],"_links":{"self":[{"href":"https:\/\/blog.corretoraideal.com.br\/index.php\/wp-json\/wp\/v2\/posts\/55383","targetHints":{"allow":["GET"]}}],"collection":[{"href":"https:\/\/blog.corretoraideal.com.br\/index.php\/wp-json\/wp\/v2\/posts"}],"about":[{"href":"https:\/\/blog.corretoraideal.com.br\/index.php\/wp-json\/wp\/v2\/types\/post"}],"author":[{"embeddable":true,"href":"https:\/\/blog.corretoraideal.com.br\/index.php\/wp-json\/wp\/v2\/users\/1"}],"replies":[{"embeddable":true,"href":"https:\/\/blog.corretoraideal.com.br\/index.php\/wp-json\/wp\/v2\/comments?post=55383"}],"version-history":[{"count":1,"href":"https:\/\/blog.corretoraideal.com.br\/index.php\/wp-json\/wp\/v2\/posts\/55383\/revisions"}],"predecessor-version":[{"id":55385,"href":"https:\/\/blog.corretoraideal.com.br\/index.php\/wp-json\/wp\/v2\/posts\/55383\/revisions\/55385"}],"wp:attachment":[{"href":"https:\/\/blog.corretoraideal.com.br\/index.php\/wp-json\/wp\/v2\/media?parent=55383"}],"wp:term":[{"taxonomy":"category","embeddable":true,"href":"https:\/\/blog.corretoraideal.com.br\/index.php\/wp-json\/wp\/v2\/categories?post=55383"},{"taxonomy":"post_tag","embeddable":true,"href":"https:\/\/blog.corretoraideal.com.br\/index.php\/wp-json\/wp\/v2\/tags?post=55383"}],"curies":[{"name":"wp","href":"https:\/\/api.w.org\/{rel}","templated":true}]}}