{"id":55386,"date":"2023-12-21T04:29:38","date_gmt":"2023-12-21T04:29:38","guid":{"rendered":"https:\/\/blog.corretoraideal.com.br\/?p=55386"},"modified":"2023-12-21T04:29:38","modified_gmt":"2023-12-21T04:29:38","slug":"natal-para-todos-segue-com-programacao-ate-sabado-em-itaperuna-norte-fluminense-g1","status":"publish","type":"post","link":"https:\/\/blog.corretoraideal.com.br\/index.php\/2023\/12\/21\/natal-para-todos-segue-com-programacao-ate-sabado-em-itaperuna-norte-fluminense-g1\/","title":{"rendered":"&#039;Natal para Todos&#039; segue com programa\u00e7\u00e3o at\u00e9 s\u00e1bado em Itaperuna | Norte Fluminense | G1"},"content":{"rendered":"<br \/>\n<h1>&#039;Natal para Todos&#039; segue com programa\u00e7\u00e3o at\u00e9 s\u00e1bado em Itaperuna<\/h1>\n<h2>Evento conta com apresenta\u00e7\u00f5es de samba, rock e coral.<\/h2>\n<p> Por g1 &mdash; Itaperuna <\/p>\n<p>  20\/12\/2023 16h01    Atualizado  20\/12\/2023    <\/p>\n<p> O &quot;Natal para Todos&quot; segue com programa\u00e7\u00e3o at\u00e9 o pr\u00f3ximo s\u00e1bado (23) em <a class href=\"https:\/\/g1.globo.com\/rj\/norte-fluminense\/cidade\/itaperuna\/\">Itaperuna<\/a>, no Noroeste Fluminense. <\/p>\n<p> Nesta \u00faltima semana para o Natal o evento conta apresenta\u00e7\u00e3o de samba, rock e coral, sempre \u00e0s 20h, na Concha Ac\u00fastica. <\/p>\n<p> Nesta quarta-feira (20), tem roda de samba. Na quinta (21), apresenta\u00e7\u00e3o com o grupo esp\u00edrita Paz e Harmonia. Na sexta (22) \u00e9 a vez da banda 4 N\u00f3s se apresentar. E no s\u00e1bado (23), fechando a programa\u00e7\u00e3o, o Coral da Primeira Igreja Batista se apresenta. <\/p>\n<p> A programa\u00e7\u00e3o do &quot;Natal para Todos&quot; \u00e9 gratuita e ocorre em parceria entre a Prefeitura de Itaperuna, o Sesc, a Fecom\u00e9rcio e o Sincom\u00e9rcio. <\/p>\n<p><h2>Programa\u00e7\u00e3o (Concha Ac\u00fastica)<\/h2>\n<\/p>\n<p> <strong>Quarta-feira \u2013 20 de dezembro<\/strong> <\/p>\n<ul>\n<li>Roda de Samba Natal para Todos<\/li>\n<\/ul>\n<p> <strong>Quinta-feira \u2013 21 de dezembro<\/strong> <\/p>\n<ul>\n<li>Apresenta\u00e7\u00e3o do Grupo Esp\u00edrita Paz e Harmonia<\/li>\n<\/ul>\n<p> <strong>Sexta-feira \u2013 22 de dezembro<\/strong> <\/p>\n<ul>\n<li>Show da Banda 4 N\u00f3s <\/li>\n<\/ul>\n<p> <strong>S\u00e1bado \u2013 23 de dezembro<\/strong> <\/p>\n<ul>\n<li>Coral da Primeira Igreja Batista se apresenta<\/li>\n<\/ul>\n<ul>\n<li> <a href=\"https:\/\/g1.globo.com\/rj\/norte-fluminense\/cidade\/itaperuna\/\" class=\"entities__list-itemLink\" data-track-click=\"Itaperuna\"> Itaperuna <\/a> <\/li>\n<\/ul>\n<h3> <a id=\"js-next-article-desktop-link\" class=\"next-article-desktop-link\"><\/a> <\/h3>\n<h3> <a id=\"js-next-article-smart-link\" class=\"next-article-smart-link\"><\/a> <\/h3>\n<p>Veja tamb\u00e9m<\/p>\n<\/p>\n<\/p>\n<p>       Anterior   Pr\u00f3ximo     <\/p>\n","protected":false},"excerpt":{"rendered":"<p>&#039;Natal para Todos&#039; segue com programa\u00e7\u00e3o at\u00e9 s\u00e1bado em Itaperuna Evento conta com apresenta\u00e7\u00f5es de samba, rock e coral. Por g1 &mdash; Itaperuna 20\/12\/2023 16h01 Atualizado 20\/12\/2023 O &quot;Natal para Todos&quot; segue com programa\u00e7\u00e3o at\u00e9 o pr\u00f3ximo s\u00e1bado (23) em Itaperuna, no Noroeste Fluminense. Nesta \u00faltima semana para o Natal o evento conta apresenta\u00e7\u00e3o de [&hellip;]<\/p>\n","protected":false},"author":1,"featured_media":0,"comment_status":"closed","ping_status":"closed","sticky":false,"template":"","format":"standard","meta":{"footnotes":""},"categories":[],"tags":[],"class_list":["post-55386","post","type-post","status-publish","format-standard","hentry"],"_links":{"self":[{"href":"https:\/\/blog.corretoraideal.com.br\/index.php\/wp-json\/wp\/v2\/posts\/55386","targetHints":{"allow":["GET"]}}],"collection":[{"href":"https:\/\/blog.corretoraideal.com.br\/index.php\/wp-json\/wp\/v2\/posts"}],"about":[{"href":"https:\/\/blog.corretoraideal.com.br\/index.php\/wp-json\/wp\/v2\/types\/post"}],"author":[{"embeddable":true,"href":"https:\/\/blog.corretoraideal.com.br\/index.php\/wp-json\/wp\/v2\/users\/1"}],"replies":[{"embeddable":true,"href":"https:\/\/blog.corretoraideal.com.br\/index.php\/wp-json\/wp\/v2\/comments?post=55386"}],"version-history":[{"count":1,"href":"https:\/\/blog.corretoraideal.com.br\/index.php\/wp-json\/wp\/v2\/posts\/55386\/revisions"}],"predecessor-version":[{"id":55388,"href":"https:\/\/blog.corretoraideal.com.br\/index.php\/wp-json\/wp\/v2\/posts\/55386\/revisions\/55388"}],"wp:attachment":[{"href":"https:\/\/blog.corretoraideal.com.br\/index.php\/wp-json\/wp\/v2\/media?parent=55386"}],"wp:term":[{"taxonomy":"category","embeddable":true,"href":"https:\/\/blog.corretoraideal.com.br\/index.php\/wp-json\/wp\/v2\/categories?post=55386"},{"taxonomy":"post_tag","embeddable":true,"href":"https:\/\/blog.corretoraideal.com.br\/index.php\/wp-json\/wp\/v2\/tags?post=55386"}],"curies":[{"name":"wp","href":"https:\/\/api.w.org\/{rel}","templated":true}]}}