{"id":55410,"date":"2023-12-21T09:29:56","date_gmt":"2023-12-21T09:29:56","guid":{"rendered":"https:\/\/blog.corretoraideal.com.br\/?p=55410"},"modified":"2023-12-21T09:29:56","modified_gmt":"2023-12-21T09:29:56","slug":"carro-roubado-no-rio-e-apreendido-pela-prf-em-campos-norte-fluminense-g1","status":"publish","type":"post","link":"https:\/\/blog.corretoraideal.com.br\/index.php\/2023\/12\/21\/carro-roubado-no-rio-e-apreendido-pela-prf-em-campos-norte-fluminense-g1\/","title":{"rendered":"Carro roubado no Rio \u00e9 apreendido pela PRF em Campos | Norte Fluminense | G1"},"content":{"rendered":"<br \/>\n<h1>Carro roubado no Rio \u00e9 apreendido pela PRF em Campos<\/h1>\n<h2>Dados mostram que mais de 100 carros foram recuperados na cidade do Norte Fluminense at\u00e9 o m\u00eas de Novembro.<\/h2>\n<p> Por Yuri Ramos, g1 &mdash; Campos dos Goytacazes <\/p>\n<p>  20\/12\/2023 13h43    Atualizado  20\/12\/2023    <\/p>\n<p>                   1 de 1&#013;De acordo com a PRF, havia notifica\u00e7\u00e3o de roubo do carro que foi abordado em Campos \u2014 Foto: PRF    <\/p>\n<p> De acordo com a PRF, havia notifica\u00e7\u00e3o de roubo do carro que foi abordado em Campos \u2014 Foto: PRF <\/p>\n<p> A Pol\u00edcia Rodovi\u00e1ria Federal apreendeu um ve\u00edculo roubado na noite desta ter\u00e7a-feira (19) na BR-101, em <a class href=\"https:\/\/g1.globo.com\/rj\/norte-fluminense\/cidade\/campos-dos-goytacazes\/\">Campos dos Goytacazes<\/a>, Norte Fluminense. <\/p>\n<p> Ap\u00f3s consulta no sistema, ficou constatado que o carro tinha uma declara\u00e7\u00e3o de roubo\/furto feita no mesmo dia na cidade do Rio de Janeiro. <\/p>\n<p> O motorista contou que havia sa\u00eddo do Rio de Janeiro para visitar um tio no Hospital Ferreira Machado. Ap\u00f3s um tempo, mudou a vers\u00e3o dizendo que recebeu R$ 500 para trazer o ve\u00edculo at\u00e9 Campos. <\/p>\n<p> Ainda segundo a pol\u00edcia, o condutor informou que o carro era do tio, mas que o ve\u00edculo estava com ele h\u00e1 2 anos. <\/p>\n<p> Ao verificar as condi\u00e7\u00f5es do carro, a PRF notou que estava parcialmente desmontado por dentro e com fia\u00e7\u00e3o toda exposta. <\/p>\n<p> O ve\u00edculo e o motorista foram encaminhados para 134\u00aa Delegacia de Pol\u00edcia (Centro). <\/p>\n<p> De acordo com dados do Instituto de Seguran\u00e7a P\u00fablica (ISP) do estado do Rio, de Janeiro a novembro de 2023 foram roubados 100 carros na \u00e1rea do 8\u00ba batalh\u00e3o que atende o Norte Fluminense. S\u00f3 neste ano foram recuperados 184 ve\u00edculos na mesma regi\u00e3o. <\/p>\n<ul>\n<li> <a href=\"https:\/\/g1.globo.com\/rj\/norte-fluminense\/cidade\/campos-dos-goytacazes\/\" class=\"entities__list-itemLink\" data-track-click=\"Campos dos Goytacazes\"> Campos dos Goytacazes <\/a> <\/li>\n<\/ul>\n<h3> <a id=\"js-next-article-desktop-link\" class=\"next-article-desktop-link\"><\/a> <\/h3>\n<h3> <a id=\"js-next-article-smart-link\" class=\"next-article-smart-link\"><\/a> <\/h3>\n<p>Veja tamb\u00e9m<\/p>\n<\/p>\n<\/p>\n<p>       Anterior   Pr\u00f3ximo     <\/p>\n","protected":false},"excerpt":{"rendered":"<p>Carro roubado no Rio \u00e9 apreendido pela PRF em Campos Dados mostram que mais de 100 carros foram recuperados na cidade do Norte Fluminense at\u00e9 o m\u00eas de Novembro. Por Yuri Ramos, g1 &mdash; Campos dos Goytacazes 20\/12\/2023 13h43 Atualizado 20\/12\/2023 1 de 1&#013;De acordo com a PRF, havia notifica\u00e7\u00e3o de roubo do carro que [&hellip;]<\/p>\n","protected":false},"author":1,"featured_media":0,"comment_status":"closed","ping_status":"closed","sticky":false,"template":"","format":"standard","meta":{"footnotes":""},"categories":[],"tags":[],"class_list":["post-55410","post","type-post","status-publish","format-standard","hentry"],"_links":{"self":[{"href":"https:\/\/blog.corretoraideal.com.br\/index.php\/wp-json\/wp\/v2\/posts\/55410","targetHints":{"allow":["GET"]}}],"collection":[{"href":"https:\/\/blog.corretoraideal.com.br\/index.php\/wp-json\/wp\/v2\/posts"}],"about":[{"href":"https:\/\/blog.corretoraideal.com.br\/index.php\/wp-json\/wp\/v2\/types\/post"}],"author":[{"embeddable":true,"href":"https:\/\/blog.corretoraideal.com.br\/index.php\/wp-json\/wp\/v2\/users\/1"}],"replies":[{"embeddable":true,"href":"https:\/\/blog.corretoraideal.com.br\/index.php\/wp-json\/wp\/v2\/comments?post=55410"}],"version-history":[{"count":1,"href":"https:\/\/blog.corretoraideal.com.br\/index.php\/wp-json\/wp\/v2\/posts\/55410\/revisions"}],"predecessor-version":[{"id":55412,"href":"https:\/\/blog.corretoraideal.com.br\/index.php\/wp-json\/wp\/v2\/posts\/55410\/revisions\/55412"}],"wp:attachment":[{"href":"https:\/\/blog.corretoraideal.com.br\/index.php\/wp-json\/wp\/v2\/media?parent=55410"}],"wp:term":[{"taxonomy":"category","embeddable":true,"href":"https:\/\/blog.corretoraideal.com.br\/index.php\/wp-json\/wp\/v2\/categories?post=55410"},{"taxonomy":"post_tag","embeddable":true,"href":"https:\/\/blog.corretoraideal.com.br\/index.php\/wp-json\/wp\/v2\/tags?post=55410"}],"curies":[{"name":"wp","href":"https:\/\/api.w.org\/{rel}","templated":true}]}}