{"id":55422,"date":"2023-12-21T16:29:39","date_gmt":"2023-12-21T16:29:39","guid":{"rendered":"https:\/\/blog.corretoraideal.com.br\/?p=55422"},"modified":"2023-12-21T16:29:39","modified_gmt":"2023-12-21T16:29:39","slug":"presidente-do-bc-espera-corte-de-05-ponto-no-juro-somente-nas-proximas-duas-reunioes-do-copom-economia-g1","status":"publish","type":"post","link":"https:\/\/blog.corretoraideal.com.br\/index.php\/2023\/12\/21\/presidente-do-bc-espera-corte-de-05-ponto-no-juro-somente-nas-proximas-duas-reunioes-do-copom-economia-g1\/","title":{"rendered":"Presidente do BC espera corte de 0,5 ponto no juro somente nas pr\u00f3ximas duas reuni\u00f5es do Copom | Economia | G1"},"content":{"rendered":"<br \/>\n<h1>Presidente do BC espera corte de 0,5 ponto no juro somente nas pr\u00f3ximas duas reuni\u00f5es do Copom<\/h1>\n<h2>As duas primeiras reuni\u00f5es do Copom do ano s\u00e3o em janeiro e mar\u00e7o, e, mantendo o ritmo de redu\u00e7\u00e3o, a taxa pode cair para 10,75% ao ano. Roberto Campos Neto explicou que o BC tem uma &#039;visibilidade&#039; para fazer as indica\u00e7\u00f5es sobre juros somente at\u00e9 mar\u00e7o.<\/h2>\n<p> Por <a class=\"multi_signatures\" href=\"https:\/\/g1.globo.com\/autores\/alexandro-martello\/\">Alexandro Martello<\/a>, g1 &mdash; Bras\u00edlia <\/p>\n<p>  21\/12\/2023 12h40    Atualizado  21\/12\/2023    <\/p>\n<p> O presidente do Banco Central, Roberto Campos Neto, afirmou nesta quinta-feira (21) que \u00e9 poss\u00edvel indicar, neste momento, cortes de juros no ritmo de 0,5 ponto percentual por encontro nas pr\u00f3ximas duas reuni\u00f5es do Comit\u00ea de Pol\u00edtica Monet\u00e1ria (Copom) &#8211; marcadas para janeiro e mar\u00e7o do ano que vem. <\/p>\n<p> Atualmente, a taxa Selic est\u00e1 em 11,75% ao ano, ap\u00f3s quatro cortes seguidos. Com a manuten\u00e7\u00e3o do atual ritmo de corte em 0,5 ponto percentual por reuni\u00e3o, os juros terminariam mar\u00e7o em 10,75% ao ano. <\/p>\n<p> Segundo ele, o Banco Central tem uma &quot;visibilidade&quot; para fazer um &quot;guidance&quot;, ou seja, uma indica\u00e7\u00e3o do que poder\u00e1 ser feito, somente para os dois pr\u00f3ximos encontros do Copom. <\/p>\n<p>&quot;As pr\u00f3ximas duas reuni\u00f5es \u00e9 a forma de conduzir a pol\u00edtica com o menos custo poss\u00edvel. Na \u00faltima reuni\u00e3o [do Copom], a intepreta\u00e7\u00e3o de forma un\u00e2nime \u00e9 que \u00e9 a melhor forma de fazer&quot;, declarou Campos Neto, durante coletiva sobre o relat\u00f3rio de infla\u00e7\u00e3o do quarto trimestre deste ano. <\/p>\n<p> O Banco Central tem sido duramente criticado pelo presidente Luiz In\u00e1cio Lula da Silva por ter demorado para come\u00e7ar a reduzir a taxa b\u00e1sica de juros, que come\u00e7ou somente em agosto deste ano. Campos Neto n\u00e3o respondeu se teme um aumento das cr\u00edticas por sinalizar corte de juros somente at\u00e9 mar\u00e7o de 2024. <\/p>\n<p> O presidente do BC reafirmou que existe uma rela\u00e7\u00e3o entre a defini\u00e7\u00e3o da taxa de juros pelo Banco Central, a chamada pol\u00edtica monet\u00e1ria, conduzida pela institui\u00e7\u00e3o para buscar as metas de infla\u00e7\u00e3o, e a pol\u00edtica fiscal &#8211; que \u00e9 a defini\u00e7\u00e3o de metas para contas p\u00fablicas e o seu atingimento, por meio de cortes de gastos ou aumento de arrecada\u00e7\u00e3o. <\/p>\n<p>&quot;Existe uma rela\u00e7\u00e3o entre fiscal e expectativa de infla\u00e7\u00e3o. Mas nada \u00e9 mec\u00e2nico. A gente tenta ver os fatores que podem influenciar para dar um guia de como tomamos decis\u00e3o. Se o fiscal for pior, e o governo seguir fazendo reformas, e o mercado entender que uma coisa n\u00e3o impacta tanto a outra, pra gente n\u00e3o \u00e9 relevante. O fiscal \u00e9 importante, mas n\u00e3o \u00e9 mec\u00e2nico&quot;, explicou Campos Neto. <\/p>\n<p> O ministro da Economia, Fernando Haddad, tem informado que segue perseguindo a meta de d\u00e9ficit zero para as contas do governo em 2024. Para isso, tem buscado medidas de aumento de arrecada\u00e7\u00e3o. <\/p>\n<p> Campos Neto elogiou o ministro Haddad por buscar a meta de d\u00e9ficit zero em 2024, que ele j\u00e1 admitiu que &quot;ningu\u00e9m espera&quot; que isso seja atingido. <\/p>\n<p> &quot;A gente acha que \u00e9 importante perseguir as metas. Parabenizei o ministro Haddad por ter <a class href=\"https:\/\/g1.globo.com\/politica\/noticia\/2023\/12\/20\/senado-aprova-texto-base-de-mp-que-muda-regras-de-descontos-do-icms-para-aumentar-arrecadacao-federal.ghtml\">aprovado a [Medida Provis\u00f3ria] 1185<\/a>. Avan\u00e7amos com a reforma tribut\u00e1ria, o mercado entende como uma compensa\u00e7\u00e3o [em rela\u00e7\u00e3o \u00e0 dificuldade para zerar o d\u00e9ficit em 2024]. Tem sempre uma compensa\u00e7\u00e3o entre uma coisa e outra&quot;, acrescentou o presidente do BC. <\/p>\n<p> De acordo com o diretor de Pol\u00edtica Econ\u00f4mica do BC, Diogo Guillen, o mercado financeiro projeta um d\u00e9ficit nas contas p\u00fablicas de 0,8% do Produto Interno Bruto (PIB) em 2024, de 0,6% do PIB em 2025 e de 0,5% do PIB em 2026. Ou seja, v\u00ea as contas no vermelho durante todo governo do presidente Luiz In\u00e1cio Lula da Silva. <\/p>\n<ul> <\/ul>\n<h3> <a id=\"js-next-article-desktop-link\" class=\"next-article-desktop-link\"><\/a> <\/h3>\n<h3> <a id=\"js-next-article-smart-link\" class=\"next-article-smart-link\"><\/a> <\/h3>\n<p>Veja tamb\u00e9m<\/p>\n<\/p>\n<\/p>\n<p>       Anterior   Pr\u00f3ximo     <\/p>\n","protected":false},"excerpt":{"rendered":"<p>Presidente do BC espera corte de 0,5 ponto no juro somente nas pr\u00f3ximas duas reuni\u00f5es do Copom As duas primeiras reuni\u00f5es do Copom do ano s\u00e3o em janeiro e mar\u00e7o, e, mantendo o ritmo de redu\u00e7\u00e3o, a taxa pode cair para 10,75% ao ano. Roberto Campos Neto explicou que o BC tem uma &#039;visibilidade&#039; para [&hellip;]<\/p>\n","protected":false},"author":1,"featured_media":0,"comment_status":"closed","ping_status":"closed","sticky":false,"template":"","format":"standard","meta":{"footnotes":""},"categories":[],"tags":[],"class_list":["post-55422","post","type-post","status-publish","format-standard","hentry"],"_links":{"self":[{"href":"https:\/\/blog.corretoraideal.com.br\/index.php\/wp-json\/wp\/v2\/posts\/55422","targetHints":{"allow":["GET"]}}],"collection":[{"href":"https:\/\/blog.corretoraideal.com.br\/index.php\/wp-json\/wp\/v2\/posts"}],"about":[{"href":"https:\/\/blog.corretoraideal.com.br\/index.php\/wp-json\/wp\/v2\/types\/post"}],"author":[{"embeddable":true,"href":"https:\/\/blog.corretoraideal.com.br\/index.php\/wp-json\/wp\/v2\/users\/1"}],"replies":[{"embeddable":true,"href":"https:\/\/blog.corretoraideal.com.br\/index.php\/wp-json\/wp\/v2\/comments?post=55422"}],"version-history":[{"count":1,"href":"https:\/\/blog.corretoraideal.com.br\/index.php\/wp-json\/wp\/v2\/posts\/55422\/revisions"}],"predecessor-version":[{"id":55424,"href":"https:\/\/blog.corretoraideal.com.br\/index.php\/wp-json\/wp\/v2\/posts\/55422\/revisions\/55424"}],"wp:attachment":[{"href":"https:\/\/blog.corretoraideal.com.br\/index.php\/wp-json\/wp\/v2\/media?parent=55422"}],"wp:term":[{"taxonomy":"category","embeddable":true,"href":"https:\/\/blog.corretoraideal.com.br\/index.php\/wp-json\/wp\/v2\/categories?post=55422"},{"taxonomy":"post_tag","embeddable":true,"href":"https:\/\/blog.corretoraideal.com.br\/index.php\/wp-json\/wp\/v2\/tags?post=55422"}],"curies":[{"name":"wp","href":"https:\/\/api.w.org\/{rel}","templated":true}]}}