{"id":55425,"date":"2023-12-21T17:29:42","date_gmt":"2023-12-21T17:29:42","guid":{"rendered":"https:\/\/blog.corretoraideal.com.br\/?p=55425"},"modified":"2023-12-21T17:29:42","modified_gmt":"2023-12-21T17:29:42","slug":"brasileiro-nunca-buscou-tanto-por-vaga-home-office-quanto-em-2023-diz-google-trends-trabalho-e-carreira-g1","status":"publish","type":"post","link":"https:\/\/blog.corretoraideal.com.br\/index.php\/2023\/12\/21\/brasileiro-nunca-buscou-tanto-por-vaga-home-office-quanto-em-2023-diz-google-trends-trabalho-e-carreira-g1\/","title":{"rendered":"Brasileiro nunca buscou tanto por &#039;vaga home office&#039; quanto em 2023, diz Google Trends | Trabalho e Carreira | G1"},"content":{"rendered":"<br \/>\n<h1>Brasileiro nunca buscou tanto por &#039;vaga home office&#039; quanto em 2023, diz Google Trends<\/h1>\n<h2>S\u00e3o Paulo, Rio de Janeiro e Minas Gerais s\u00e3o os estados que mais pesquisaram o termo nos \u00faltimos 12 meses, segundo o Google Trends.<\/h2>\n<p> Por <a class=\"multi_signatures\" href=\"https:\/\/g1.globo.com\/autores\/rayane-moura\/\">Rayane Moura<\/a>, g1 <\/p>\n<p>  21\/12\/2023 07h00    Atualizado  21\/12\/2023    <\/p>\n<p> Nunca o Brasil procurou tanto por <strong>&quot;vaga home office&quot;<\/strong> quanto em 2023, afirma o <a class href=\"https:\/\/g1.globo.com\/tudo-sobre\/google\/\">Google<\/a> Trends. <\/p>\n<p> Em um levantamento divulgado com exclusividade para o <a class href=\"https:\/\/g1.globo.com\/\">g1 <\/a>nesta quinta-feira (21), a empresa aponta que as buscas pelo termo na plataforma cresceram mais de 50% em compara\u00e7\u00e3o com o ano passado. <\/p>\n<p> O levantamento revelou tamb\u00e9m que &quot;vaga home office&quot; foi a frase mais procurada na categoria &quot;vaga&#8230;&quot; nos \u00faltimos 12 meses. <\/p>\n<p>         1 de 1&#013;Pesquisa por &#034;vaga home office&#034; no Google cresce entre os brasileiros em 2023 \u2014 Foto: Google\/ Reprodu\u00e7\u00e3o    <\/p>\n<p> Pesquisa por &#034;vaga home office&#034; no Google cresce entre os brasileiros em 2023 \u2014 Foto: Google\/ Reprodu\u00e7\u00e3o <\/p>\n<p> Nos dois \u00faltimos anos, as buscas no Google por &quot;vaga home office&quot; mais que triplicaram no Brasil, chegando a um aumento de mais de 160%. <\/p>\n<p> Os maiores picos de busca pelo termo em 2023 foram registrados nos meses de fevereiro, mar\u00e7o e setembro, segundo a empresa. S\u00e3o Paulo, Rio de Janeiro e Minas Gerais foram os estados que mais procuraram essas oportunidades no \u00faltimo ano. <\/p>\n<p> J\u00e1 o termo &quot;home office&quot; teve seu auge de buscas no come\u00e7o de 2020, em meio \u00e0 pandemia de Covid-19, quando, segundo o Google, as <a class href=\"https:\/\/g1.globo.com\/fique-em-casa\/noticia\/2020\/03\/30\/g1-faz-guia-do-home-office-em-tempo-de-coronavirus.ghtml\">pessoas queriam entender o que ele significava<\/a>. <\/p>\n<p> <strong>Leia tamb\u00e9m <\/strong> <\/p>\n<ul>\n<li><a class href=\"https:\/\/g1.globo.com\/trabalho-e-carreira\/noticia\/2023\/06\/13\/mais-de-85percent-dos-profissionais-trocariam-de-emprego-por-home-office-diz-pesquisa.ghtml\">Mais de 85% das pessoas trocariam de emprego por home office<\/a><\/li>\n<li><a class href=\"https:\/\/g1.globo.com\/tecnologia\/noticia\/2023\/12\/11\/os-assuntos-que-ficaram-em-alta-no-google-em-2023.ghtml\">Griphao, Alexandre de Moraes, &#x27;10\/10&#x27;: as buscas que bombaram no ano<\/a><\/li>\n<\/ul>\n<p> Os dados ainda destacam que &quot;mesa home office&quot; e <a class href=\"https:\/\/g1.globo.com\/especiais\/guia-de-compras\/noticia\/2022\/02\/02\/como-escolher-cadeira-para-o-home-office.ghtml\"><strong>&quot;cadeira home office&quot;<\/strong><\/a> foram os itens de mob\u00edlia mais buscados ao lado de home office no Brasil no \u00faltimo ano. <\/p>\n<p><h2><strong>Veja mais sobre emprego: <\/strong><\/h2>\n<\/p>\n<p>                   <img loading=\"lazy\" decoding=\"async\" class=\"aligncenter size-full wp-image-55427\" src=\"https:\/\/blog.corretoraideal.com.br\/wp-content\/uploads\/2023\/12\/pesquisa-revela-profissoes-em-alta-e-perspectiva-de-salarios-para-2024.jpeg\" alt=\"Pesquisa revela profiss\u00f5es em alta e perspectiva de sal\u00e1rios para 2024\" width=\"800\" height=\"400\" \/>       <\/p>\n<p> Pesquisa revela profiss\u00f5es em alta e perspectiva de sal\u00e1rios para 2024 <\/p>\n<p>                    <img loading=\"lazy\" decoding=\"async\" class=\"aligncenter size-full wp-image-55428\" src=\"https:\/\/blog.corretoraideal.com.br\/wp-content\/uploads\/2023\/12\/entenda-novas-regras-sobre-trabalho-aos-feriados-em-mercados-varejistas-e-farmacias.jpeg\" alt=\"Entenda novas regras sobre trabalho aos feriados em mercados, varejistas e farm\u00e1cias\" width=\"800\" height=\"400\" \/>       <\/p>\n<p> Entenda novas regras sobre trabalho aos feriados em mercados, varejistas e farm\u00e1cias <\/p>\n<p>                    <img loading=\"lazy\" decoding=\"async\" class=\"aligncenter size-full wp-image-55429\" src=\"https:\/\/blog.corretoraideal.com.br\/wp-content\/uploads\/2023\/12\/imagem21-12-2023-17-12-38.jpeg\" alt=\"imagem21-12-2023-17-12-38\" width=\"800\" height=\"400\" \/>       <\/p>\n<p> &#8216;Feriad\u00f5es&#8217; de 2024: veja as folgas previstas <\/p>\n<ul>\n<li> <a href=\"https:\/\/g1.globo.com\/tudo-sobre\/google\/\" class=\"entities__list-itemLink\" data-track-click=\"Google\"> Google <\/a> <\/li>\n<\/ul>\n<h3> <a id=\"js-next-article-desktop-link\" class=\"next-article-desktop-link\"><\/a> <\/h3>\n<h3> <a id=\"js-next-article-smart-link\" class=\"next-article-smart-link\"><\/a> <\/h3>\n<p>Veja tamb\u00e9m<\/p>\n<\/p>\n<\/p>\n<p>       Anterior   Pr\u00f3ximo     <\/p>\n","protected":false},"excerpt":{"rendered":"<p>Brasileiro nunca buscou tanto por &#039;vaga home office&#039; quanto em 2023, diz Google Trends S\u00e3o Paulo, Rio de Janeiro e Minas Gerais s\u00e3o os estados que mais pesquisaram o termo nos \u00faltimos 12 meses, segundo o Google Trends. Por Rayane Moura, g1 21\/12\/2023 07h00 Atualizado 21\/12\/2023 Nunca o Brasil procurou tanto por &quot;vaga home office&quot; [&hellip;]<\/p>\n","protected":false},"author":1,"featured_media":0,"comment_status":"closed","ping_status":"closed","sticky":false,"template":"","format":"standard","meta":{"footnotes":""},"categories":[],"tags":[],"class_list":["post-55425","post","type-post","status-publish","format-standard","hentry"],"_links":{"self":[{"href":"https:\/\/blog.corretoraideal.com.br\/index.php\/wp-json\/wp\/v2\/posts\/55425","targetHints":{"allow":["GET"]}}],"collection":[{"href":"https:\/\/blog.corretoraideal.com.br\/index.php\/wp-json\/wp\/v2\/posts"}],"about":[{"href":"https:\/\/blog.corretoraideal.com.br\/index.php\/wp-json\/wp\/v2\/types\/post"}],"author":[{"embeddable":true,"href":"https:\/\/blog.corretoraideal.com.br\/index.php\/wp-json\/wp\/v2\/users\/1"}],"replies":[{"embeddable":true,"href":"https:\/\/blog.corretoraideal.com.br\/index.php\/wp-json\/wp\/v2\/comments?post=55425"}],"version-history":[{"count":1,"href":"https:\/\/blog.corretoraideal.com.br\/index.php\/wp-json\/wp\/v2\/posts\/55425\/revisions"}],"predecessor-version":[{"id":55430,"href":"https:\/\/blog.corretoraideal.com.br\/index.php\/wp-json\/wp\/v2\/posts\/55425\/revisions\/55430"}],"wp:attachment":[{"href":"https:\/\/blog.corretoraideal.com.br\/index.php\/wp-json\/wp\/v2\/media?parent=55425"}],"wp:term":[{"taxonomy":"category","embeddable":true,"href":"https:\/\/blog.corretoraideal.com.br\/index.php\/wp-json\/wp\/v2\/categories?post=55425"},{"taxonomy":"post_tag","embeddable":true,"href":"https:\/\/blog.corretoraideal.com.br\/index.php\/wp-json\/wp\/v2\/tags?post=55425"}],"curies":[{"name":"wp","href":"https:\/\/api.w.org\/{rel}","templated":true}]}}