{"id":55431,"date":"2023-12-21T19:29:37","date_gmt":"2023-12-21T19:29:37","guid":{"rendered":"https:\/\/blog.corretoraideal.com.br\/?p=55431"},"modified":"2023-12-21T19:29:37","modified_gmt":"2023-12-21T19:29:37","slug":"empresario-e-morto-dentro-do-carro-no-bairro-ips-em-campos-no-rj-norte-fluminense-g1","status":"publish","type":"post","link":"https:\/\/blog.corretoraideal.com.br\/index.php\/2023\/12\/21\/empresario-e-morto-dentro-do-carro-no-bairro-ips-em-campos-no-rj-norte-fluminense-g1\/","title":{"rendered":"Empres\u00e1rio \u00e9 morto dentro do carro no bairro IPS, em Campos, no RJ | Norte Fluminense | G1"},"content":{"rendered":"<br \/>\n<h1>Empres\u00e1rio \u00e9 morto dentro do carro no bairro IPS, em Campos, no RJ<\/h1>\n<h2>Segundo a pol\u00edcia, o principal suspeito do crime est\u00e1 foragido; testemunhas ser\u00e3o intimadas a depor.<\/h2>\n<p> Por Yuri Ramos, g1 &mdash; Campos <\/p>\n<p>  21\/12\/2023 16h11    Atualizado  21\/12\/2023    <\/p>\n<p>                   1 de 1&#013;Renato Maciel, de 46 anos, dono de uma loja de carros em Campos, morreu ap\u00f3s ser baleado dentro do carro \u2014 Foto: Reprodu\u00e7\u00e3o redes sociais    <\/p>\n<p> Renato Maciel, de 46 anos, dono de uma loja de carros em Campos, morreu ap\u00f3s ser baleado dentro do carro \u2014 Foto: Reprodu\u00e7\u00e3o redes sociais <\/p>\n<p> Um empres\u00e1rio foi morto ap\u00f3s ser baleado dentro do carro na rua Oscar Machado, no bairro IPS, em <a class href=\"https:\/\/g1.globo.com\/rj\/norte-fluminense\/cidade\/campos-dos-goytacazes\/\">Campos dos Goytacazes<\/a>, no Norte Fluminense, na noite desta quarta-feira (20). <\/p>\n<p> De acordo com a PM, a v\u00edtima foi identificada como Renato Maciel, de 46 anos, dono de uma loja de carros. Ele teria sido baleado no t\u00f3rax dentro do pr\u00f3prio ve\u00edculo, ainda segundo a pol\u00edcia. <\/p>\n<p> De acordo com a delegada Nat\u00e1lia Patr\u00e3o, titular da 134\u00aa DP, o principal suspeito \u00e9 considerado foragido, al\u00e9m disso testemunhas ser\u00e3o intimadas e a Pol\u00edcia Civil tenta achar imagens de c\u00e2meras de seguran\u00e7a. <\/p>\n<p> Testemunhas que estavam no local do crime informaram que o suspeito atirou na v\u00edtima, depois de uma discuss\u00e3o entre os dois, e fugiu em seguida. <\/p>\n<p> Ainda de acordo com a pol\u00edcia, as pessoas que estavam no local teriam sido amea\u00e7adas pelo suspeito, que seria dono de uma loja de armas e muni\u00e7\u00f5es no mesmo bairro onde o homic\u00eddio aconteceu. <\/p>\n<p> O Corpo de Bombeiros foi acionado, mas quando chegaram no local, j\u00e1 encontrou Renato Maciel sem vida. <\/p>\n<p> Buscas foram realizadas, mas o suspeito n\u00e3o foi localizado na casa onde mora. Ainda segundo testemunhas, o homem teria fugido de carro. <\/p>\n<p> A per\u00edcia foi feita e a pol\u00edcia apreendeu um estojo calibre 9 mm deflagrado. Tamb\u00e9m foram levados para a delegacia, os celulares e pertences que estavam dentro do carro da v\u00edtima. <\/p>\n<p> O corpo de Renato Maciel foi levado para o Instituto M\u00e9dico Legal (IML) de Campos. <\/p>\n<ul> <\/ul>\n<h3> <a id=\"js-next-article-desktop-link\" class=\"next-article-desktop-link\"><\/a> <\/h3>\n<h3> <a id=\"js-next-article-smart-link\" class=\"next-article-smart-link\"><\/a> <\/h3>\n<p>Veja tamb\u00e9m<\/p>\n<\/p>\n<\/p>\n<p>       Anterior   Pr\u00f3ximo     <\/p>\n","protected":false},"excerpt":{"rendered":"<p>Empres\u00e1rio \u00e9 morto dentro do carro no bairro IPS, em Campos, no RJ Segundo a pol\u00edcia, o principal suspeito do crime est\u00e1 foragido; testemunhas ser\u00e3o intimadas a depor. Por Yuri Ramos, g1 &mdash; Campos 21\/12\/2023 16h11 Atualizado 21\/12\/2023 1 de 1&#013;Renato Maciel, de 46 anos, dono de uma loja de carros em Campos, morreu ap\u00f3s [&hellip;]<\/p>\n","protected":false},"author":1,"featured_media":0,"comment_status":"closed","ping_status":"closed","sticky":false,"template":"","format":"standard","meta":{"footnotes":""},"categories":[],"tags":[],"class_list":["post-55431","post","type-post","status-publish","format-standard","hentry"],"_links":{"self":[{"href":"https:\/\/blog.corretoraideal.com.br\/index.php\/wp-json\/wp\/v2\/posts\/55431","targetHints":{"allow":["GET"]}}],"collection":[{"href":"https:\/\/blog.corretoraideal.com.br\/index.php\/wp-json\/wp\/v2\/posts"}],"about":[{"href":"https:\/\/blog.corretoraideal.com.br\/index.php\/wp-json\/wp\/v2\/types\/post"}],"author":[{"embeddable":true,"href":"https:\/\/blog.corretoraideal.com.br\/index.php\/wp-json\/wp\/v2\/users\/1"}],"replies":[{"embeddable":true,"href":"https:\/\/blog.corretoraideal.com.br\/index.php\/wp-json\/wp\/v2\/comments?post=55431"}],"version-history":[{"count":1,"href":"https:\/\/blog.corretoraideal.com.br\/index.php\/wp-json\/wp\/v2\/posts\/55431\/revisions"}],"predecessor-version":[{"id":55433,"href":"https:\/\/blog.corretoraideal.com.br\/index.php\/wp-json\/wp\/v2\/posts\/55431\/revisions\/55433"}],"wp:attachment":[{"href":"https:\/\/blog.corretoraideal.com.br\/index.php\/wp-json\/wp\/v2\/media?parent=55431"}],"wp:term":[{"taxonomy":"category","embeddable":true,"href":"https:\/\/blog.corretoraideal.com.br\/index.php\/wp-json\/wp\/v2\/categories?post=55431"},{"taxonomy":"post_tag","embeddable":true,"href":"https:\/\/blog.corretoraideal.com.br\/index.php\/wp-json\/wp\/v2\/tags?post=55431"}],"curies":[{"name":"wp","href":"https:\/\/api.w.org\/{rel}","templated":true}]}}