{"id":55438,"date":"2023-12-22T00:29:39","date_gmt":"2023-12-22T00:29:39","guid":{"rendered":"https:\/\/blog.corretoraideal.com.br\/?p=55438"},"modified":"2023-12-22T00:29:39","modified_gmt":"2023-12-22T00:29:39","slug":"prefeitura-de-varre-sai-lanca-editais-para-concurso-publico-e-processo-seletivo-publico-norte-fluminense-g1","status":"publish","type":"post","link":"https:\/\/blog.corretoraideal.com.br\/index.php\/2023\/12\/22\/prefeitura-de-varre-sai-lanca-editais-para-concurso-publico-e-processo-seletivo-publico-norte-fluminense-g1\/","title":{"rendered":"Prefeitura de Varre-Sai lan\u00e7a editais para Concurso P\u00fablico e Processo Seletivo P\u00fablico | Norte Fluminense | G1"},"content":{"rendered":"<br \/>\n<h1>Prefeitura de Varre-Sai lan\u00e7a editais para Concurso P\u00fablico e Processo Seletivo P\u00fablico<\/h1>\n<h2>Inscri\u00e7\u00f5es para os dois editais ser\u00e3o abertas na quinta-feira (21).<\/h2>\n<p> Por g1 &mdash; Norte Fluminense <\/p>\n<p>  19\/12\/2023 14h37    Atualizado  20\/12\/2023    <\/p>\n<p>                      1 de 1&#013;A Prefeitura de Varre-Sai lan\u00e7ou editais para Concurso P\u00fablico e Processo Seletivo P\u00fablico \u2014 Foto: Prefeitura de Varre-Sai\/Divulga\u00e7\u00e3o    <\/p>\n<p> A Prefeitura de Varre-Sai lan\u00e7ou editais para Concurso P\u00fablico e Processo Seletivo P\u00fablico \u2014 Foto: Prefeitura de Varre-Sai\/Divulga\u00e7\u00e3o <\/p>\n<p> A Prefeitura de <a class href=\"https:\/\/g1.globo.com\/rj\/norte-fluminense\/cidade\/varre-sai\/\">Varre-Sai<\/a>, no Noroeste Fluminense, publicou dois editais: para Concurso P\u00fablico e Processo Seletivo P\u00fablico. A publica\u00e7\u00e3o ocorreu na \u00faltima sexta-feira (15) e as inscri\u00e7\u00f5es, para as duas sele\u00e7\u00f5es, v\u00e3o come\u00e7ar na pr\u00f3xima quinta-feira (21) e segue at\u00e9 5 de janeiro. <\/p>\n<p> Os interessados dever\u00e3o se inscrever pela internet, no seguinte link informado pela Prefeitura: <a class href=\"https:\/\/idesg.org.br\" target=\"_blank\" rel=\"noopener noreferrer\">https:\/\/idesg.org.br<\/a>. <\/p>\n<p> Confira mais informa\u00e7\u00f5es sobre cada edital abaixo: <\/p>\n<p><h2>Concurso P\u00fablico<\/h2>\n<\/p>\n<p> O Concurso P\u00fablico tem vagas para diversas \u00e1reas de n\u00edveis fundamental, m\u00e9dio e superior. <\/p>\n<p> <strong>Ao todo, <\/strong><strong>s\u00e3o 54 cargos, com sal\u00e1rios que variam entre R$ 1.322,34 e R$ 11.184,87.<\/strong><strong> Veja alguns deles e sal\u00e1rios abaixo: <\/strong> <\/p>\n<ul>\n<li>Cozinheiro (1.322,34)<\/li>\n<li>Auxiliar de Servi\u00e7os Gerais, coveiro, jardineiro, agente fiscal, fiscal de obras e atendente, com sal\u00e1rio de R$ 1.413,58<\/li>\n<li>Assistente Administrativo e T\u00e9cnico de Sa\u00fade Bucal (R$ 1.615,40) <\/li>\n<li>Guarda municipal, t\u00e9cnico de enfermagem e t\u00e9cnico de Seguran\u00e7a do trabalho (R$ 1.726,85)<\/li>\n<li>Assistente social, bi\u00f3logo, cirurgi\u00e3o dentista, engenheiro ambiental (R$ 3.597,57)<\/li>\n<li>Arquiteto, Cirurgi\u00e3o Dentista &#8211; ESF e Engenheiro Civil (R$ 6.135,24)<\/li>\n<li>M\u00e9dico &#8211; ESF (R$ 11.184,87)<\/li>\n<\/ul>\n<p> Os inscritos dever\u00e3o fazer provas objetivas, pr\u00e1ticas e de t\u00edtulos, de car\u00e1ter eliminat\u00f3rio e classificat\u00f3rio, para preenchimento dos cargos e forma\u00e7\u00e3o de cadastro de reserva. <\/p>\n<p><h2>Processo Seletivo P\u00fablico<\/h2>\n<\/p>\n<p> No caso do Processo Seletivo P\u00fablico, a Prefeitura vai disponibilizar vagas de n\u00edvel m\u00e9dio para fun\u00e7\u00e3o de apoio nas \u00e1reas da Educa\u00e7\u00e3o e Sa\u00fade. <\/p>\n<p> <strong>Ao todo, <\/strong><strong>s\u00e3o 9 cargos, com sal\u00e1rios que variam entre R$ 1.322,68 e R$ 2.640,00<\/strong>. <strong>Veja alguns deles e sal\u00e1rios abaixo: <\/strong> <\/p>\n<ul>\n<li>Visitador \u2013 Programa Crian\u00e7a Feliz (R$ 1.322,68)<\/li>\n<li>Cuidador escolar e mediador escolar (R$ 1.413,58)<\/li>\n<li>Agente de combate a endemias e agente comunit\u00e1rio de Sa\u00fade (R$ 2.640,00)<\/li>\n<\/ul>\n<p> Os inscritos far\u00e3o provas objetivas de car\u00e1ter eliminat\u00f3rio e classificat\u00f3rio, tanto para a contrata\u00e7\u00e3o quanto para cadastro de reserva. <\/p>\n<p> \u201c\u00c9 importante para o munic\u00edpio cumprir sua obriga\u00e7\u00e3o com a realiza\u00e7\u00e3o do Concurso P\u00fablico que, juntamente com Processo Seletivo P\u00fablico, d\u00e1 oportunidade a todos de ter um emprego fixo, com maior estabilidade, dando condi\u00e7\u00f5es de prestar um bom servi\u00e7o a Varre-Sai\u201d, afirmou o prefeito de Varre-Sai, Silvestre Jos\u00e9 Gorini. <\/p>\n<p> Os editais completos, com os n\u00fameros de vagas, sal\u00e1rios, carga hor\u00e1ria em cada fun\u00e7\u00e3o e demais informa\u00e7\u00f5es podem ser obtidos no site do concurso, link: <a class href=\"https:\/\/idesg.org.br\" target=\"_blank\" rel=\"noopener noreferrer\">https:\/\/idesg.org.br<\/a> e no site oficial da Prefeitura de Varre-Sai, no lilnk: <a class href=\"https:\/\/www.varresai.rj.gov.br\" target=\"_blank\" rel=\"noopener noreferrer\">https:\/\/www.varresai.rj.gov.br<\/a> . <\/p>\n<p> Os interessados tamb\u00e9m podem solicitar informa\u00e7\u00f5es atrav\u00e9s do e-mail: <strong>idesg@idesg.org.br<\/strong> ou pelo telefone <strong>(28) 99920-0499<\/strong>, em hor\u00e1rio comercial. <\/p>\n<ul>\n<li> <a href=\"https:\/\/g1.globo.com\/rj\/norte-fluminense\/cidade\/varre-sai\/\" class=\"entities__list-itemLink\" data-track-click=\"Varre-Sai\"> Varre-Sai <\/a> <\/li>\n<\/ul>\n<h3> <a id=\"js-next-article-desktop-link\" class=\"next-article-desktop-link\"><\/a> <\/h3>\n<h3> <a id=\"js-next-article-smart-link\" class=\"next-article-smart-link\"><\/a> <\/h3>\n<p>Veja tamb\u00e9m<\/p>\n<\/p>\n<\/p>\n<p>       Anterior   Pr\u00f3ximo     <\/p>\n","protected":false},"excerpt":{"rendered":"<p>Prefeitura de Varre-Sai lan\u00e7a editais para Concurso P\u00fablico e Processo Seletivo P\u00fablico Inscri\u00e7\u00f5es para os dois editais ser\u00e3o abertas na quinta-feira (21). Por g1 &mdash; Norte Fluminense 19\/12\/2023 14h37 Atualizado 20\/12\/2023 1 de 1&#013;A Prefeitura de Varre-Sai lan\u00e7ou editais para Concurso P\u00fablico e Processo Seletivo P\u00fablico \u2014 Foto: Prefeitura de Varre-Sai\/Divulga\u00e7\u00e3o A Prefeitura de Varre-Sai [&hellip;]<\/p>\n","protected":false},"author":1,"featured_media":0,"comment_status":"closed","ping_status":"closed","sticky":false,"template":"","format":"standard","meta":{"footnotes":""},"categories":[],"tags":[],"class_list":["post-55438","post","type-post","status-publish","format-standard","hentry"],"_links":{"self":[{"href":"https:\/\/blog.corretoraideal.com.br\/index.php\/wp-json\/wp\/v2\/posts\/55438","targetHints":{"allow":["GET"]}}],"collection":[{"href":"https:\/\/blog.corretoraideal.com.br\/index.php\/wp-json\/wp\/v2\/posts"}],"about":[{"href":"https:\/\/blog.corretoraideal.com.br\/index.php\/wp-json\/wp\/v2\/types\/post"}],"author":[{"embeddable":true,"href":"https:\/\/blog.corretoraideal.com.br\/index.php\/wp-json\/wp\/v2\/users\/1"}],"replies":[{"embeddable":true,"href":"https:\/\/blog.corretoraideal.com.br\/index.php\/wp-json\/wp\/v2\/comments?post=55438"}],"version-history":[{"count":1,"href":"https:\/\/blog.corretoraideal.com.br\/index.php\/wp-json\/wp\/v2\/posts\/55438\/revisions"}],"predecessor-version":[{"id":55440,"href":"https:\/\/blog.corretoraideal.com.br\/index.php\/wp-json\/wp\/v2\/posts\/55438\/revisions\/55440"}],"wp:attachment":[{"href":"https:\/\/blog.corretoraideal.com.br\/index.php\/wp-json\/wp\/v2\/media?parent=55438"}],"wp:term":[{"taxonomy":"category","embeddable":true,"href":"https:\/\/blog.corretoraideal.com.br\/index.php\/wp-json\/wp\/v2\/categories?post=55438"},{"taxonomy":"post_tag","embeddable":true,"href":"https:\/\/blog.corretoraideal.com.br\/index.php\/wp-json\/wp\/v2\/tags?post=55438"}],"curies":[{"name":"wp","href":"https:\/\/api.w.org\/{rel}","templated":true}]}}