{"id":55455,"date":"2023-12-22T07:29:38","date_gmt":"2023-12-22T07:29:38","guid":{"rendered":"https:\/\/blog.corretoraideal.com.br\/?p=55455"},"modified":"2023-12-22T07:29:38","modified_gmt":"2023-12-22T07:29:38","slug":"chegada-do-verao-e-possivel-economizar-com-agua-e-energia-eletrica-nos-dias-mais-quentes-educacao-financeira-g1","status":"publish","type":"post","link":"https:\/\/blog.corretoraideal.com.br\/index.php\/2023\/12\/22\/chegada-do-verao-e-possivel-economizar-com-agua-e-energia-eletrica-nos-dias-mais-quentes-educacao-financeira-g1\/","title":{"rendered":"Chegada do ver\u00e3o: \u00e9 poss\u00edvel economizar com \u00e1gua e energia el\u00e9trica nos dias mais quentes? | Educa\u00e7\u00e3o Financeira | G1"},"content":{"rendered":"<br \/>\n<h1>Chegada do ver\u00e3o: \u00e9 poss\u00edvel economizar com \u00e1gua e energia el\u00e9trica nos dias mais quentes?<\/h1>\n<h2>Especialistas ouvidos pelo g1 d\u00e3o dicas de como diminuir os impactos das altas temperaturas na conta de luz.<\/h2>\n<p> Por <a class=\"multi_signatures\" href=\"https:\/\/g1.globo.com\/autores\/bruna-miato\/\">Bruna Miato<\/a>, g1 <\/p>\n<p>  22\/12\/2023 00h00    Atualizado  22\/12\/2023    <\/p>\n<p>                   1 de 1&#013;Ar-condicionado encarece a conta de luz \u2014 Foto: Freepik\/Rorozoa    <\/p>\n<p> Ar-condicionado encarece a conta de luz \u2014 Foto: Freepik\/Rorozoa <\/p>\n<p> A temporada de ver\u00e3o 2023\/2024 come\u00e7a na madrugada desta sexta-feira (22) e promete trazer temperaturas acima da m\u00e9dia para boa parte do pa\u00eds \u2014 consequ\u00eancia direta do fen\u00f4meno clim\u00e1tico El Ni\u00f1o. <\/p>\n<p> Nesse contexto de calor intenso, h\u00e1 uma tend\u00eancia de que os gastos com \u00e1gua e energia el\u00e9trica aumentem, com maior n\u00famero de banhos do que em \u00e9pocas mais frias e com uso mais frequente de aparelhos como ventilador e ar-condicionado. <\/p>\n<p> Especialistas ouvidos pelo <a class href=\"https:\/\/g1.globo.com\/economia\/\"><strong>g1<\/strong><\/a>, no entanto, pontuam que \u00e9 poss\u00edvel economizar dinheiro nas contas de \u00e1gua e luz, fazendo um uso inteligente desses recursos. <\/p>\n<p> Veja dicas a seguir. <\/p>\n<p><h2>Como resfriar a casa sem gastar muita energia?<\/h2>\n<\/p>\n<p> O ar-condicionado, um dos favoritos para o resfriamento de ambientes, \u00e9 tamb\u00e9m um aparelho com alto consumo de energia: <strong>a cada 1\u00baC mais baixo, existe um gasto cerca de 10% mais elevado do consumo de energia<\/strong>, lembra o l\u00edder de Educa\u00e7\u00e3o Financeira da Rico, Thiago Godoy. <\/p>\n<p> Para quem pensa em comprar um ar-condicionado, o educador comenta que \u00e9 necess\u00e1rio levar em conta exatamente quais s\u00e3o as necessidades do espa\u00e7o, para n\u00e3o comprar um que utilize mais energia que o necess\u00e1rio. <\/p>\n<p> Deve entrar na conta: <\/p>\n<ul>\n<li>o tamanho do ambiente a ser climatizado;<\/li>\n<li>a efici\u00eancia energ\u00e9tica do aparelho;<\/li>\n<li>as caracter\u00edsticas do clima local.<\/li>\n<\/ul>\n<p> Em caso de d\u00favidas sobre qual o equipamento \u00e9 o mais apropriado para o espa\u00e7o, vale falar com profissionais para tomar uma decis\u00e3o mais acertada. Al\u00e9m disso, Godoy destaca que os aparelhos com selo Procel de efici\u00eancia energ\u00e9tica podem trazer uma economia no longo prazo. <\/p>\n<p>&quot;Para economizar energia, utilize o ar-condicionado com sabedoria. Ajuste a temperatura para um n\u00edvel confort\u00e1vel, evite varia\u00e7\u00f5es bruscas e desligue o aparelho quando o ambiente estiver desocupado. O uso de dispositivos de programa\u00e7\u00e3o, como timers, pode ser uma op\u00e7\u00e3o eficaz para automatizar esses ajustes&quot;, comenta Godoy.<\/p>\n<p> Gustavo Sozzi, presidente da fornecedora Lux Energia, compartilha do ponto de vista e aconselha o consumidor a optar por uma temperatura moderada, evitando excesso de frio. <\/p>\n<p> Para que o ar-condicionado n\u00e3o precise ficar numa temperatura t\u00e3o baixa, Sozzi pontua que \u00e9 importante bloquear o calor solar com cortinas ou persianas, mantendo a casa naturalmente mais fresca. Manter vidros ou janelas fechados tamb\u00e9m ajudam, j\u00e1 que impedem a entrada de ar mais quente e seguram a temperatura mais fria no ambiente. <\/p>\n<p>Com janelas e cortinas fechadas, o especialista da Lux Energia comenta que &quot;ventiladores de teto ou port\u00e1teis tamb\u00e9m podem ser eficazes para refrescar ambientes, consumindo menos energia que o ar-condicionado&quot;.<\/p>\n<p> Thiago Godoy ainda traz outra dica: \u00e9 poss\u00edvel deixar o ar numa temperatura mais amena e combinar com o uso de ventiladores, um combo que gasta menos energia do que deixar o aparelho numa temperatura muito mais fria. <\/p>\n<p><h2>Outras atitudes que podem reduzir o consumo<\/h2>\n<\/p>\n<p> Ainda para quem opta por um ar-condicionado, outros cuidados podem ajudar no controle do consumo de energia. Godoy destaca que uma instala\u00e7\u00e3o adequada \u00e9 fundamental para o bom funcionamento do ar-condicionado. <\/p>\n<p> &quot;Contrate profissionais qualificados para garantir a correta fixa\u00e7\u00e3o, veda\u00e7\u00e3o e isolamento do sistema. Isso n\u00e3o apenas prolonga a vida \u00fatil do aparelho, mas tamb\u00e9m evita vazamentos de ar, otimizando o consumo de energia&quot;. <\/p>\n<p> Tamb\u00e9m vale pontuar que a manuten\u00e7\u00e3o preventiva do equipamento, com limpeza regular dos filtros e verifica\u00e7\u00f5es peri\u00f3dicas do sistema, reduz o esfor\u00e7o do aparelho para resfriar o ambiente. <\/p>\n<p> Para al\u00e9m dos gastos de energia para resfriar o ambiente, Gustavo Sozzi, da Lux Energia, comenta que a pr\u00f3pria escolha de l\u00e2mpadas pode ajudar a reduzir o consumo e baratear a conta de luz no fim do m\u00eas. <\/p>\n<p>&quot;Prefira l\u00e2mpadas LED, que consomem menos energia e emitem menos calor&quot;, afirma o especialista.<\/p>\n<p> <strong>\u26a0\ufe0f DICA EXTRA:<\/strong> Esse ponto n\u00e3o tem rela\u00e7\u00e3o direta com energia el\u00e9trica, mas para consumidores com chuveiro a g\u00e1s em casa, \u00e9 importante reduzir a temperatura em temporadas de calor. \u00c9 comum que as pessoas mantenham a temperatura de dias mais frios, mas abram o registro de \u00e1gua fria para diminuir o calor da \u00e1gua. Essa pr\u00e1tica, al\u00e9m de gastar mais g\u00e1s que o necess\u00e1rio, tamb\u00e9m eleva o consumo de \u00e1gua. <\/p>\n<p><h2>Pr\u00e1ticas para estabelecimentos comerciais<\/h2>\n<\/p>\n<p> Gustavo Sozzi tamb\u00e9m aponta algumas recomenda\u00e7\u00f5es para que estabelecimentos comerciais \u2014 dos pequenos aos grandes neg\u00f3cios \u2014 consigam fazer alguma economia de consumo e gastos com energia: <\/p>\n<ul>\n<li><strong>\u2744\ufe0f Manuten\u00e7\u00e3o de sistemas de refrigera\u00e7\u00e3o:<\/strong> assim como nos ambientes dom\u00e9sticos, \u00e9 importante realizar as limpezas e verifica\u00e7\u00f5es regulares nos sistemas de ar-condicionado para garantir a m\u00e1xima efici\u00eancia energ\u00e9tica;<\/li>\n<li><strong>\u2600\ufe0f Maximiza\u00e7\u00e3o da luz natural:<\/strong> vale a pena investir no uso de luz natural atrav\u00e9s de janelas e claraboias dentro do estabelecimento, para aproveitar a ilumina\u00e7\u00e3o diurna e reduzir a demanda por ilumina\u00e7\u00e3o artificial;<\/li>\n<li><strong>? Isolamento t\u00e9rmico:<\/strong> um melhor isolamento para paredes e tetos, visando manter a temperatura interna controlada, tamb\u00e9m reduz o consumo;<\/li>\n<li><strong>?\u200d? Conscientiza\u00e7\u00e3o dos funcion\u00e1rios:<\/strong> a conscientiza\u00e7\u00e3o sobre economia de energia no ambiente de trabalho entre os funcion\u00e1rios pode fazer a diferen\u00e7a.<\/li>\n<\/ul>\n<ul>\n<li> <a href=\"https:\/\/g1.globo.com\/tudo-sobre\/el-nino\/\" class=\"entities__list-itemLink\" data-track-click=\"El Ni\u00f1o\"> El Ni\u00f1o <\/a> <\/li>\n<li> <a href=\"https:\/\/g1.globo.com\/topico\/rio-grande-do-sul\" class=\"entities__list-itemLink\" data-track-click=\"Rio Grande do Sul\"> Rio Grande do Sul <\/a> <\/li>\n<li> <a href=\"https:\/\/g1.globo.com\/sp\/sao-paulo\/cidade\/sao-paulo\/\" class=\"entities__list-itemLink\" data-track-click=\"S\u00e3o Paulo\"> S\u00e3o Paulo <\/a> <\/li>\n<\/ul>\n<h3> <a id=\"js-next-article-desktop-link\" class=\"next-article-desktop-link\"><\/a> <\/h3>\n<h3> <a id=\"js-next-article-smart-link\" class=\"next-article-smart-link\"><\/a> <\/h3>\n<p>Veja tamb\u00e9m<\/p>\n<\/p>\n<\/p>\n<p>       Anterior   Pr\u00f3ximo     <\/p>\n","protected":false},"excerpt":{"rendered":"<p>Chegada do ver\u00e3o: \u00e9 poss\u00edvel economizar com \u00e1gua e energia el\u00e9trica nos dias mais quentes? Especialistas ouvidos pelo g1 d\u00e3o dicas de como diminuir os impactos das altas temperaturas na conta de luz. Por Bruna Miato, g1 22\/12\/2023 00h00 Atualizado 22\/12\/2023 1 de 1&#013;Ar-condicionado encarece a conta de luz \u2014 Foto: Freepik\/Rorozoa Ar-condicionado encarece a [&hellip;]<\/p>\n","protected":false},"author":1,"featured_media":0,"comment_status":"closed","ping_status":"closed","sticky":false,"template":"","format":"standard","meta":{"footnotes":""},"categories":[],"tags":[],"class_list":["post-55455","post","type-post","status-publish","format-standard","hentry"],"_links":{"self":[{"href":"https:\/\/blog.corretoraideal.com.br\/index.php\/wp-json\/wp\/v2\/posts\/55455","targetHints":{"allow":["GET"]}}],"collection":[{"href":"https:\/\/blog.corretoraideal.com.br\/index.php\/wp-json\/wp\/v2\/posts"}],"about":[{"href":"https:\/\/blog.corretoraideal.com.br\/index.php\/wp-json\/wp\/v2\/types\/post"}],"author":[{"embeddable":true,"href":"https:\/\/blog.corretoraideal.com.br\/index.php\/wp-json\/wp\/v2\/users\/1"}],"replies":[{"embeddable":true,"href":"https:\/\/blog.corretoraideal.com.br\/index.php\/wp-json\/wp\/v2\/comments?post=55455"}],"version-history":[{"count":1,"href":"https:\/\/blog.corretoraideal.com.br\/index.php\/wp-json\/wp\/v2\/posts\/55455\/revisions"}],"predecessor-version":[{"id":55457,"href":"https:\/\/blog.corretoraideal.com.br\/index.php\/wp-json\/wp\/v2\/posts\/55455\/revisions\/55457"}],"wp:attachment":[{"href":"https:\/\/blog.corretoraideal.com.br\/index.php\/wp-json\/wp\/v2\/media?parent=55455"}],"wp:term":[{"taxonomy":"category","embeddable":true,"href":"https:\/\/blog.corretoraideal.com.br\/index.php\/wp-json\/wp\/v2\/categories?post=55455"},{"taxonomy":"post_tag","embeddable":true,"href":"https:\/\/blog.corretoraideal.com.br\/index.php\/wp-json\/wp\/v2\/tags?post=55455"}],"curies":[{"name":"wp","href":"https:\/\/api.w.org\/{rel}","templated":true}]}}