{"id":55462,"date":"2023-12-22T10:29:39","date_gmt":"2023-12-22T10:29:39","guid":{"rendered":"https:\/\/blog.corretoraideal.com.br\/?p=55462"},"modified":"2023-12-22T10:29:39","modified_gmt":"2023-12-22T10:29:39","slug":"aeroporto-de-macae-volta-a-operar-apos-tempestade-e-ventania-de-75-km-h-norte-fluminense-g1","status":"publish","type":"post","link":"https:\/\/blog.corretoraideal.com.br\/index.php\/2023\/12\/22\/aeroporto-de-macae-volta-a-operar-apos-tempestade-e-ventania-de-75-km-h-norte-fluminense-g1\/","title":{"rendered":"Aeroporto de Maca\u00e9 volta a operar ap\u00f3s tempestade e ventania de 75 km\/h | Norte Fluminense | G1"},"content":{"rendered":"<br \/>\n<h1>Aeroporto de Maca\u00e9 volta a operar ap\u00f3s tempestade e ventania de 75 km\/h<\/h1>\n<h2>A situa\u00e7\u00e3o come\u00e7ou a normalizar na manh\u00e3 desta segunda-feira (20) com a reabertura das pistas. <\/h2>\n<p> Por Andreia Freitas, g1 &mdash; Maca\u00e9 <\/p>\n<p>  20\/11\/2023 16h16    Atualizado  20\/11\/2023    <\/p>\n<p>                   1 de 2&#013;Aeroporto de Maca\u00e9 voltou a operar nesta segunda ap\u00f3s vendaval interromper servi\u00e7o \u2014 Foto: Andreia Freitas\/g1    <\/p>\n<p> Aeroporto de Maca\u00e9 voltou a operar nesta segunda ap\u00f3s vendaval interromper servi\u00e7o \u2014 Foto: Andreia Freitas\/g1 <\/p>\n<p> O aeroporto de <a class href=\"https:\/\/g1.globo.com\/rj\/regiao-dos-lagos\/cidade\/macae\/\">Maca\u00e9<\/a>, no Norte Fluminense, voltou a operar depois de ter as atividades interrompidas no domingo (19) em decorr\u00eancia de uma tempestade. A situa\u00e7\u00e3o come\u00e7ou a normalizar na manh\u00e3 desta segunda-feira (20), com a reabertura das pistas. <\/p>\n<p>                   <img loading=\"lazy\" decoding=\"async\" class=\"aligncenter size-full wp-image-55464\" src=\"https:\/\/blog.corretoraideal.com.br\/wp-content\/uploads\/2023\/12\/chuva-e-vento-forte-afeta-operacao-no-aeroporto-de-macae.jpeg\" alt=\"Chuva e vento forte afeta opera\u00e7\u00e3o no aeroporto de Maca\u00e9\" width=\"800\" height=\"400\" \/>       <\/p>\n<p> Chuva e vento forte afeta opera\u00e7\u00e3o no aeroporto de Maca\u00e9 <\/p>\n<p> A ventania de 75 km\/h arrancou muitas telhas e afetou a rede el\u00e9trica. O problema impediu centenas de trabalhadores de embarcar e desembarcar para as plataformas. <\/p>\n<p>         2 de 2&#013;Vendaval arrancou telhas do aeroporto de Maca\u00e9 \u2014 Foto: Andreia Freitas\/g1    <\/p>\n<p> Vendaval arrancou telhas do aeroporto de Maca\u00e9 \u2014 Foto: Andreia Freitas\/g1 <\/p>\n<p> A energia el\u00e9trica foi normalizada, facilitando os sistemas das operadoras. Foi necess\u00e1rio remanejar 30 voos, e o primeiro, dos 36 programados para esta segunda, saiu \u00e0s 6h. <\/p>\n<p> O gerente executivo de aeroportos, Fernando Castro, acompanhou de perto as vistorias. Ele disse que os trabalhos ser\u00e3o retomados aos poucos e que os preju\u00edzos foram apenas materiais. <\/p>\n<ul>\n<li> <a href=\"https:\/\/g1.globo.com\/rj\/regiao-dos-lagos\/cidade\/macae\/\" class=\"entities__list-itemLink\" data-track-click=\"Maca\u00e9\"> Maca\u00e9 <\/a> <\/li>\n<\/ul>\n","protected":false},"excerpt":{"rendered":"<p>Aeroporto de Maca\u00e9 volta a operar ap\u00f3s tempestade e ventania de 75 km\/h A situa\u00e7\u00e3o come\u00e7ou a normalizar na manh\u00e3 desta segunda-feira (20) com a reabertura das pistas. Por Andreia Freitas, g1 &mdash; Maca\u00e9 20\/11\/2023 16h16 Atualizado 20\/11\/2023 1 de 2&#013;Aeroporto de Maca\u00e9 voltou a operar nesta segunda ap\u00f3s vendaval interromper servi\u00e7o \u2014 Foto: Andreia [&hellip;]<\/p>\n","protected":false},"author":1,"featured_media":0,"comment_status":"closed","ping_status":"closed","sticky":false,"template":"","format":"standard","meta":{"footnotes":""},"categories":[],"tags":[],"class_list":["post-55462","post","type-post","status-publish","format-standard","hentry"],"_links":{"self":[{"href":"https:\/\/blog.corretoraideal.com.br\/index.php\/wp-json\/wp\/v2\/posts\/55462","targetHints":{"allow":["GET"]}}],"collection":[{"href":"https:\/\/blog.corretoraideal.com.br\/index.php\/wp-json\/wp\/v2\/posts"}],"about":[{"href":"https:\/\/blog.corretoraideal.com.br\/index.php\/wp-json\/wp\/v2\/types\/post"}],"author":[{"embeddable":true,"href":"https:\/\/blog.corretoraideal.com.br\/index.php\/wp-json\/wp\/v2\/users\/1"}],"replies":[{"embeddable":true,"href":"https:\/\/blog.corretoraideal.com.br\/index.php\/wp-json\/wp\/v2\/comments?post=55462"}],"version-history":[{"count":1,"href":"https:\/\/blog.corretoraideal.com.br\/index.php\/wp-json\/wp\/v2\/posts\/55462\/revisions"}],"predecessor-version":[{"id":55465,"href":"https:\/\/blog.corretoraideal.com.br\/index.php\/wp-json\/wp\/v2\/posts\/55462\/revisions\/55465"}],"wp:attachment":[{"href":"https:\/\/blog.corretoraideal.com.br\/index.php\/wp-json\/wp\/v2\/media?parent=55462"}],"wp:term":[{"taxonomy":"category","embeddable":true,"href":"https:\/\/blog.corretoraideal.com.br\/index.php\/wp-json\/wp\/v2\/categories?post=55462"},{"taxonomy":"post_tag","embeddable":true,"href":"https:\/\/blog.corretoraideal.com.br\/index.php\/wp-json\/wp\/v2\/tags?post=55462"}],"curies":[{"name":"wp","href":"https:\/\/api.w.org\/{rel}","templated":true}]}}